{"id":64030,"date":"2024-11-22T18:02:44","date_gmt":"2024-11-22T18:02:44","guid":{"rendered":"https:\/\/tvbrazilusa.com\/2024\/11\/22\/bolsa-familia-nao-fara-dois-pagamentos-acumulados-em-dezembro\/"},"modified":"2024-11-22T18:02:45","modified_gmt":"2024-11-22T18:02:45","slug":"bolsa-familia-nao-fara-dois-pagamentos-acumulados-em-dezembro","status":"publish","type":"post","link":"https:\/\/tvbrazilusa.com\/pt\/2024\/11\/22\/bolsa-familia-nao-fara-dois-pagamentos-acumulados-em-dezembro\/","title":{"rendered":"Bolsa Fam\u00edlia n\u00e3o far\u00e1 dois pagamentos acumulados em dezembro"},"content":{"rendered":"<p> <script async src=\"https:\/\/pagead2.googlesyndication.com\/pagead\/js\/adsbygoogle.js?client=ca-pub-8864793242727901\"\r\n     crossorigin=\"anonymous\"><\/script><br \/>\n<\/p>\n<div id=\"taboola-read-more\" style=\"display:block; width:100%\">\n<p>Pe\u00e7as de desinforma\u00e7\u00e3o est\u00e3o divulgando um adiantamento do Bolsa Fam\u00edlia que n\u00e3o procede. Segundo esses conte\u00fados maliciosos, o Minist\u00e9rio do Desenvolvimento e Assist\u00eancia Social, Fam\u00edlia e Combate \u00e0 Fome repassaria os benef\u00edcios de janeiro j\u00e1 em dezembro, o que n\u00e3o \u00e9 verdade. Os pagamentos do programa seguem o calend\u00e1rio divulgado no in\u00edcio de 2024, conforme ocorre a cada ano, j\u00e1 prevendo as datas dos repasses.\n<\/p>\n<p>O MDS orienta que, em caso de d\u00favidas, o cidad\u00e3o deve procurar a Ouvidoria pelo Disque Social 121, ou buscar informa\u00e7\u00f5es no portal www.gov.br\/mds e nas redes sociais do minist\u00e9rio.<\/p>\n<p>O MDS reitera o compromisso em trabalhar para o desenvolvimento social, promovendo a justi\u00e7a e a equidade, e solicita \u00e0 popula\u00e7\u00e3o que se una aos esfor\u00e7os do Governo Federal na luta contra a dissemina\u00e7\u00e3o de fake news, contribuindo para uma sociedade mais informada e consciente.\n<\/p>\n<p>Os benefici\u00e1rios dos programas v\u00edtimas de golpes que resultaram na retirada indevida do dinheiro podem contestar a transfer\u00eancia. A medida precisa ser feita junto \u00e0 Caixa Econ\u00f4mica Federal, respons\u00e1vel pelo pagamento dos benef\u00edcios.\n<\/p>\n<p>Para realizar a contesta\u00e7\u00e3o, \u00e9 poss\u00edvel ir presencialmente a uma ag\u00eancia da Caixa, com o CPF e um documento de identifica\u00e7\u00e3o do benefici\u00e1rio ou entrar em contato com o banco pelo SAC Caixa, por meio do telefone 0800 726 0101, op\u00e7\u00e3o 6. Nesta op\u00e7\u00e3o, o benefici\u00e1rio dever\u00e1 informar ao atendente seu CPF e n\u00famero da conta, a data e valor da transa\u00e7\u00e3o que n\u00e3o reconhece e deseja contestar. O atendente realizar\u00e1 perguntas de seguran\u00e7a ao benefici\u00e1rio e, ent\u00e3o, registrar\u00e1 a transa\u00e7\u00e3o.\n<\/p>\n<p>\u00c9 recomendado \u00e0s fam\u00edlias que s\u00e3o poss\u00edveis v\u00edtimas da invas\u00e3o de celulares que tamb\u00e9m registrem um boletim de ocorr\u00eancia. O registro pode ser feito presencialmente na delegacia mais pr\u00f3xima ou online.<\/p>\n<p>Fonte: gov.br              <\/p>\n<\/div>\n<p><br \/>\n<br \/><a href=\"https:\/\/diariodobrasilnoticias.com.br\/noticia\/bolsa-familia-nao-fara-dois-pagamentos-acumulados-em-dezembro-67409cc9f0f32\">Source link <\/a><\/p>","protected":false},"excerpt":{"rendered":"<p>Pe\u00e7as de desinforma\u00e7\u00e3o est\u00e3o divulgando um adiantamento do Bolsa Fam\u00edlia que n\u00e3o procede. Segundo esses conte\u00fados maliciosos, o Minist\u00e9rio do Desenvolvimento e Assist\u00eancia Social, Fam\u00edlia e Combate \u00e0 Fome repassaria&hellip;<\/p>","protected":false},"author":1,"featured_media":64031,"comment_status":"closed","ping_status":"open","sticky":false,"template":"","format":"standard","meta":{"content-type":"","footnotes":""},"categories":[16],"tags":[123,2448,5313,1267],"class_list":["post-64030","post","type-post","status-publish","format-standard","has-post-thumbnail","hentry","category-noticias","tag-brasil","tag-diario","tag-noticia","tag-noticias"],"_links":{"self":[{"href":"https:\/\/tvbrazilusa.com\/pt\/wp-json\/wp\/v2\/posts\/64030","targetHints":{"allow":["GET"]}}],"collection":[{"href":"https:\/\/tvbrazilusa.com\/pt\/wp-json\/wp\/v2\/posts"}],"about":[{"href":"https:\/\/tvbrazilusa.com\/pt\/wp-json\/wp\/v2\/types\/post"}],"author":[{"embeddable":true,"href":"https:\/\/tvbrazilusa.com\/pt\/wp-json\/wp\/v2\/users\/1"}],"replies":[{"embeddable":true,"href":"https:\/\/tvbrazilusa.com\/pt\/wp-json\/wp\/v2\/comments?post=64030"}],"version-history":[{"count":1,"href":"https:\/\/tvbrazilusa.com\/pt\/wp-json\/wp\/v2\/posts\/64030\/revisions"}],"predecessor-version":[{"id":64032,"href":"https:\/\/tvbrazilusa.com\/pt\/wp-json\/wp\/v2\/posts\/64030\/revisions\/64032"}],"wp:featuredmedia":[{"embeddable":true,"href":"https:\/\/tvbrazilusa.com\/pt\/wp-json\/wp\/v2\/media\/64031"}],"wp:attachment":[{"href":"https:\/\/tvbrazilusa.com\/pt\/wp-json\/wp\/v2\/media?parent=64030"}],"wp:term":[{"taxonomy":"category","embeddable":true,"href":"https:\/\/tvbrazilusa.com\/pt\/wp-json\/wp\/v2\/categories?post=64030"},{"taxonomy":"post_tag","embeddable":true,"href":"https:\/\/tvbrazilusa.com\/pt\/wp-json\/wp\/v2\/tags?post=64030"}],"curies":[{"name":"wp","href":"https:\/\/api.w.org\/{rel}","templated":true}]}}