{"id":64044,"date":"2024-11-22T18:13:24","date_gmt":"2024-11-22T18:13:24","guid":{"rendered":"https:\/\/tvbrazilusa.com\/2024\/11\/22\/musk-se-insere-no-debate-sobre-imigracao-em-massachusetts\/"},"modified":"2024-11-22T18:22:02","modified_gmt":"2024-11-22T18:22:02","slug":"musk-se-insere-no-debate-sobre-imigracao-em-massachusetts","status":"publish","type":"post","link":"https:\/\/tvbrazilusa.com\/pt\/2024\/11\/22\/musk-se-insere-no-debate-sobre-imigracao-em-massachusetts\/","title":{"rendered":"Musk se insere no debate sobre imigra\u00e7\u00e3o em Massachusetts"},"content":{"rendered":"<p> <script async src=\"https:\/\/pagead2.googlesyndication.com\/pagead\/js\/adsbygoogle.js?client=ca-pub-8864793242727901\"\r\n     crossorigin=\"anonymous\"><\/script><br \/>\n<\/p>\n<div id=\"\">\n<header class=\"m-article-header m-article-header--standard\">\n\t\t\t\t\t\t\t\t\t\t\t\t<span id=\"article-header-primary-term\"><br \/>\n\t\t\t\t\t\t\t\t<a class=\"a-term a-term--primary\" href=\"https:\/\/www.boston.com\/tag\/local-news\/\"><\/p>\n<p>\t\t\t\t\t\t\t\tNot\u00edcias locais\t\t\t\t\t\t\t\t<\/a><br \/>\n\t\t\t\t\t\t\t<\/span><\/p>\n<h2 class=\"m-article-header__sub-headline\">Ap\u00f3s a pris\u00e3o de migrantes acusados \u200b\u200bde estupro infantil, Elon Musk atacou algumas autoridades de Massachusetts.<\/h2>\n<figure class=\"a-photo m-article-header__photo\"><figcaption class=\"a-photo__caption\">\n<p>\tPresidente eleito Donald Trump e Elon Musk. <em> Brandon Bell\/Piscina via AP<\/em>\t<\/figcaption><\/figure>\n<\/header>\n<p>Elon Musk, o <a href=\"https:\/\/www.forbes.com\/real-time-billionaires\/#6450f3113d78\">o homem mais rico do mundo<\/a> e um dos principais conselheiros do presidente eleito <a href=\"https:\/\/www.boston.com\/tag\/donald-trump\/\">Donald Trump<\/a>usou sua plataforma de m\u00eddia social esta semana para atacar as autoridades de Massachusetts por causa da pol\u00edtica de imigra\u00e7\u00e3o. <\/p>\n<p>\u00c0 medida que Trump e os seus aliados intensificam os preparativos para o que dizem ser deporta\u00e7\u00f5es em massa de imigrantes sem estatuto legal, os l\u00edderes de Massachusetts, como o governador <a href=\"https:\/\/www.boston.com\/tag\/maura-healey\/\">Maura Healey<\/a> e prefeito de Boston <a href=\"https:\/\/www.boston.com\/tag\/michelle-wu\/\">Michelle Wu<\/a> reafirmaram seus compromissos com as leis existentes que determinam como as autoridades locais podem cooperar com os agentes federais de Imigra\u00e7\u00e3o e Fiscaliza\u00e7\u00e3o Aduaneira (ICE). <\/p>\n<p>Musk inseriu-se no debate local respondendo aos recentes comunicados de imprensa do escrit\u00f3rio do ICE em Boston sobre as deten\u00e7\u00f5es de tr\u00eas estrangeiros acusados \u200b\u200bde violar crian\u00e7as. Ele disse que as chamadas \u201ccidades santu\u00e1rio\u201d estavam \u201cprotegendo os estupradores de crian\u00e7as\u201d e pediu que qualquer pol\u00edtico que fizesse isso fosse \u201crevocado imediatamente\u201d. <\/p>\n<figure class=\"wp-block-embed is-type-rich is-provider-twitter wp-block-embed-twitter\"\/>\n<p>Alm\u00edscar <a href=\"https:\/\/www.forbes.com\/sites\/saradorn\/2024\/11\/19\/musk-defends-gaetz-for-attorney-general-amid-new-sexual-misconduct-allegations\/\">recentemente defendido<\/a> ex-deputado Matt Gaetz, o primeiro de Trump <a href=\"https:\/\/www.boston.com\/news\/politics\/2024\/11\/21\/pam-bondi-chosen-by-trump-for-attorney-general-after-gaetz-withdraws\/\">escolha para procurador-geral<\/a>que j\u00e1 havia sido investigado por suspeita de tr\u00e1fico sexual de uma menina menor de idade. Gaetz negou essas acusa\u00e7\u00f5es. <\/p>\n<p>Autoridades de Massachusetts como Healey deixaram claro que n\u00e3o s\u00e3o contra a deporta\u00e7\u00e3o de imigrantes indocumentados ligados a crimes graves como estupro e assassinato. Ap\u00f3s a vit\u00f3ria de Trump, Healey disse que a Pol\u00edcia Estadual <a href=\"https:\/\/www.boston.com\/news\/politics\/2024\/11\/08\/massachusetts-governor-maura-healey-state-wont-cooperate-mass-deportations\/\">n\u00e3o ajudaria agentes federais<\/a> realizar deporta\u00e7\u00f5es em massa. <\/p>\n<p>\u201cCriminosos violentos deveriam ser deportados, e s\u00e3o\u201d, disse Healey recentemente <a href=\"https:\/\/www.bostonglobe.com\/2024\/11\/21\/metro\/trump-mass-deportations\/\"><em>O Globo de Boston<\/em><\/a>. \u201cNo entanto, n\u00e3o apoio esfor\u00e7os para reunir milh\u00f5es de fam\u00edlias que vivem aqui h\u00e1 muito tempo, pessoas que t\u00eam empregos remunerados e muitas que t\u00eam filhos aqui. N\u00e3o creio que seja humano ou inteligente do ponto de vista econ\u00f3mico e ir\u00e1 destruir algumas das nossas principais ind\u00fastrias em todo o pa\u00eds.\u201d<\/p>\n<p>Trump disse recentemente que iria <a href=\"https:\/\/www.vox.com\/politics\/386808\/trump-mass-deportations-military-law\">usar os militares<\/a> para realizar deporta\u00e7\u00f5es em massa. <\/p>\n<p>Um porta-voz da Pol\u00edcia Estadual de Massachusetts tamb\u00e9m disse ao <a href=\"https:\/\/www.bostonglobe.com\/2024\/11\/07\/metro\/healey-says-administration-will-protect-undocumented-immigrants\/\"><em>Globo<\/em> <\/a>que fazer cumprir a lei federal de imigra\u00e7\u00e3o \u201cn\u00e3o \u00e9 uma miss\u00e3o\u201d da ag\u00eancia e que os soldados s\u00e3o, na verdade, impedidos de realizar opera\u00e7\u00f5es de fiscaliza\u00e7\u00e3o que dependem apenas de recursos federais. <a href=\"https:\/\/www.ice.gov\/identify-and-arrest\/detainers#whenICElodgeImmDet\">detentores de imigra\u00e7\u00e3o<\/a>. Esses detentores s\u00e3o solicita\u00e7\u00f5es do ICE que solicitam \u00e0s ag\u00eancias de aplica\u00e7\u00e3o da lei que notifiquem a ag\u00eancia o mais cedo poss\u00edvel antes que os n\u00e3o-cidad\u00e3os remov\u00edveis sejam libertados. Os detentores tamb\u00e9m pedem \u00e0s autoridades que detenham o n\u00e3o-cidad\u00e3o por at\u00e9 48 horas adicionais. <\/p>\n<p>Mas os detentores do ICE n\u00e3o s\u00e3o obrigat\u00f3rios e as autoridades locais t\u00eam de escolher se cooperam ou n\u00e3o. A maioria dos detentores do ICE n\u00e3o \u00e9 apoiada por uma causa prov\u00e1vel, de acordo com <a href=\"https:\/\/www.aclum.org\/en\/what-are-ice-detainers#:~:text=ICE%20detainers%20are%20not%20mandatory,detainers%20are%20not%20judicial%20warrants.\">ACLU Massachusetts<\/a>. Em 2017, um tribunal federal de apela\u00e7\u00f5es decidiu que a Quarta Emenda exige que os detentores sejam apoiados por causa prov\u00e1vel. As ag\u00eancias de aplica\u00e7\u00e3o da lei que mant\u00eam pessoas em deten\u00e7\u00f5es inconstitucionais podem ser consideradas respons\u00e1veis. <\/p>\n<p>Um dos relat\u00f3rios que Musk estava respondendo dizia respeito ao cidad\u00e3o guatemalteco Mynor Stiven De Paz-Munoz, que foi acusado de estupro infantil em Great Barrington. De Paz-Munoz, que entrou nos EUA em 2020, foi libertado pela Patrulha de Fronteira dos EUA com notifica\u00e7\u00e3o para comparecer perante um juiz, segundo<a href=\"https:\/\/www.ice.gov\/news\/releases\/ero-boston-arrests-guatemalan-national-charged-rape-child-force#:~:text=BOSTON%20%E2%80%94%20U.S.%20Immigration%20and%20Customs%20Enforcement%E2%80%99s%20Enforcement,against%20a%20minor%2C%20Nov.%2012%20in%20Great%20Barrington.\"> GELO<\/a>. Ele foi preso pela pol\u00edcia de Great Barrington pelo suposto estupro de uma crian\u00e7a e outras acusa\u00e7\u00f5es relacionadas em fevereiro deste ano, e o ICE apresentou um detento de imigra\u00e7\u00e3o ao Departamento de Pol\u00edcia de Great Barrington. Segundo o ICE, esse detido foi \u201cignorado\u201d e De Paz-Munoz foi libertado sob fian\u00e7a antes que agentes federais pudessem det\u00ea-lo. Ele acabou sendo preso pelo ICE em Great Barrington no in\u00edcio deste m\u00eas. As acusa\u00e7\u00f5es est\u00e3o pendentes contra ele no Tribunal Superior do Condado de Berkshire e ele permanece sob cust\u00f3dia do ICE. <\/p>\n<p>Em outro lan\u00e7amento recente, ICE <a href=\"https:\/\/www.ice.gov\/news\/releases\/ero-boston-arrests-colombian-national-charged-rape-massachusetts-minor\">anunciou a pris\u00e3o<\/a> de Billy Erney Buitrago-Bustos. Buitrago-Bustos \u00e9 um cidad\u00e3o colombiano que foi admitido nos EUA em 2016 e n\u00e3o conseguiu partir nos termos do seu visto, disseram as autoridades. A pol\u00edcia de Great Barrington o prendeu sob a acusa\u00e7\u00e3o de estupro infantil em outubro de 2023, e o ICE apresentou uma deten\u00e7\u00e3o. Ele foi processado e condenado a ser detido sem fian\u00e7a. A Cadeia e Casa de Corre\u00e7\u00e3o do Condado de Berkshire em Pittsfield homenageou o detento da imigra\u00e7\u00e3o e libertou Buitrago-Bustos sob cust\u00f3dia do ICE no in\u00edcio deste m\u00eas, disse a ag\u00eancia.<\/p>\n<p>O <a href=\"https:\/\/www.ice.gov\/news\/releases\/ero-boston-arrests-brazilian-international-fugitive-convicted-rape-child\">terceiro relat\u00f3rio<\/a> Musk estava respondendo ao preocupado Alexandre Romao De Oliveira, um cidad\u00e3o brasileiro que foi condenado por estupro infantil em seu pa\u00eds de origem em 2022 e sentenciado a 14 anos de pris\u00e3o. Mas Rom\u00e3o de Oliveira fugiu para os EUA no final daquele ano e foi libertado da cust\u00f3dia do Departamento de Seguran\u00e7a Interna com notifica\u00e7\u00e3o para comparecer perante um juiz. Ele foi preso no in\u00edcio desta semana por agentes do ICE em Methuen. <\/p>\n<p>Quando Trump tomar posse, parecem prov\u00e1veis \u200b\u200bmais confrontos entre a sua administra\u00e7\u00e3o e os l\u00edderes de Massachusetts. Wu e o novo \u201cczar da fronteira\u201d de Trump, Tom Homan, j\u00e1 trocaram farpas. <\/p>\n<p>Quando questionado sobre os planos de Trump, Wu disse que os recursos e pessoal de Boston, incluindo a pol\u00edcia local, <a href=\"https:\/\/www.boston.com\/news\/local-news\/2024\/11\/18\/wu-addresses-bostons-approach-to-trumps-deportation-plans\/\">n\u00e3o se espera que cooperem<\/a> com agentes federais tentando deter migrantes que n\u00e3o \u201cfizeram parte de atividades criminosas graves\u201d. Ela citou um <a href=\"https:\/\/www.boston.gov\/news\/signing-trust-act-amendments-law\">portaria existente<\/a> que pro\u00edbe a pol\u00edcia local de deter imigrantes para deporta\u00e7\u00e3o, a menos que tenha sido emitido um mandado criminal para a sua deten\u00e7\u00e3o. <\/p>\n<p>Homan disse que Wu era \u201c<a href=\"https:\/\/www.boston.com\/news\/politics\/2024\/11\/19\/either-she-helps-us-or-gets-the-hell-out-of-the-way-trumps-border-czar-attacks-wu-over-comments-on-mass-deportation-plans\/\">n\u00e3o \u00e9 muito inteligente<\/a>\u201dE alertou-a para n\u00e3o cruzar uma \u201clinha clara\u201d. Em resposta, Wu apontou para o recente hist\u00f3rico de Boston de <a href=\"https:\/\/www.wbur.org\/news\/2024\/08\/06\/massachusetts-murder-violence-data-decline-peace-walks\">melhorar a seguran\u00e7a p\u00fablica<\/a>. <\/p>\n<p>\u201cEles podem dizer o que quiserem sobre mim, mas nosso hist\u00f3rico de seguran\u00e7a p\u00fablica fala por si: Boston \u00e9 a grande cidade mais segura da Am\u00e9rica. Nossas taxas de homic\u00eddios est\u00e3o entre as mais baixas de qualquer cidade do pa\u00eds, e a viol\u00eancia armada atingiu o n\u00edvel mais baixo hist\u00f3rico nos \u00faltimos dois anos aqui em Boston\u201d, disse Wu em comunicado. <\/p>\n<p>\u201cIsto n\u00e3o \u00e9 coincid\u00eancia \u2013 \u00e9 um reflexo da confian\u00e7a entre os nossos residentes e os nossos respons\u00e1veis \u200b\u200bpela seguran\u00e7a p\u00fablica, e o resultado do nosso foco di\u00e1rio no policiamento comunit\u00e1rio e na coordena\u00e7\u00e3o dos servi\u00e7os municipais\u201d, continuou o presidente da C\u00e2mara. \u201cContinuaremos a nos concentrar nesse trabalho e n\u00e3o temos inten\u00e7\u00e3o de estender o tapete de boas-vindas para eles.\u201d<\/p>\n<div class=\"o-author-single no-avatar\">\n<header class=\"m-author-card\">\n<div class=\"m-author-card__text\">\n<h3 class=\"m-author-card__title\"><a href=\"https:\/\/www.boston.com\/author\/ross.cristantiello\">Ross Cristantiello<\/a><\/h3>\n<p><span class=\"m-author-card__subtitle\">Redator da equipe<\/span>\t<\/div>\n<\/header>\n<section class=\"author-info\">\n<hr class=\"m-author__section--hr\"\/>\n<div class=\"m-author__section\">\n<p>Ross Cristantiello, rep\u00f3rter de not\u00edcias gerais do Boston.com desde 2022, cobre pol\u00edtica local, crime, meio ambiente e muito mais.<\/p>\n<\/div>\n<hr class=\"m-author__section--hr\"\/>\t<\/section>\n<\/div>\n<div class=\"m-block m-generic-cta\t m-generic-cta--post-content\t m-generic-cta--dark\t m-generic-cta--homepage\t m-generic-cta--email-signup\t\t m-generic-cta-block-style--default \tt-amp__generic-cta\"><\/p>\n<div class=\"m-generic-cta__wrap\">\n<div class=\"m-generic-cta__content\">\n<h3 class=\"m-generic-cta__title\">Boston.com hoje<\/h3>\n<p class=\"m-generic-cta__subtitle\">Inscreva-se para receber as \u00faltimas manchetes em sua caixa de entrada todas as manh\u00e3s.<\/p>\n<\/p><\/div>\n<\/p><\/div>\n<\/div><\/div>\n<p><script>\n\t\tvar consent=\"grant\";\n\t\t\/* The above code is parsing the JSON data from the local storage and storing it in a variable. *\/\n\t\t\t\t\tconst onetrustStorageConsent = JSON.parse(localStorage.getItem( 'consent_one_trust_bdc' ) );\n\t\t\tif ( ( onetrustStorageConsent !== null ) ) {\n\t\t\t\t\/* Checking to see if the user has consented to the use of cookies.\n\t\t\t\t* If they have not, it is deleting the cookie.\n\t\t\t\t* This will comment for now, until further notice.\n\t\t\t\t*\/\n\t\t\t\t\/\/if ( onetrustStorageConsent.C0002 === false ) {\n\t\t\t\t\/\/\tdocument.cookie=\"_fbp=;expires=Thu, 01 Jan 2010 00:00:00 UTC; path=\/; domain=.boston.com\";\n\t\t\t\t\/\/}\n\t\t\t\t\/* Checking if the user has given consent for the cookie C0002.\n\t\t\t\t* If the user has given consent, the variable consent will be set to 'grant'.\n\t\t\t\t* If the user has not given consent,the variable consent will be set to 'revoke'.\n\t\t\t\t* Documentation https:\/\/developers.facebook.com\/docs\/meta-pixel\/implementation\/gdpr\n\t\t\t\t*\/\n\t\t\t\tif ( onetrustStorageConsent.C0002 !== true ) {\n\t\t\t\t\tconsent=\"revoke\";\n\t\t\t\t}\n\t\t\t}\n\t\t\t\t!function(f,b,e,v,n,t,s)\n\t\t{if(f.fbq)return;n=f.fbq=function(){n.callMethod?\n\t\tn.callMethod.apply(n,arguments):n.queue.push(arguments)};\n\t\tif(!f._fbq)f._fbq=n;n.push=n;n.loaded=!0;n.version='2.0';\n\t\tn.queue=[];t=b.createElement(e);t.async=!0;\n\t\tt.src=v;s=b.getElementsByTagName(e)[0];\n\t\ts.parentNode.insertBefore(t,s)}(window, document,'script',\n\t\t'https:\/\/connect.facebook.net\/en_US\/fbevents.js');\n\t\tfbq('consent', consent);\n\t\tfbq('init', '989222871864976');\n\t\tfbq('track', 'PageView');\n\t<\/script><script type=\"module\">\n\t\tvar consent=\"grant\";\n\t\t\/* The above code is parsing the JSON data from the local storage and storing it in a variable. *\/\n\t\t\tconst onetrustStorageConsent = JSON.parse(localStorage.getItem( 'consent_one_trust_bdc' ) );\n\t\t\t\/* Checking to see if the user has consented to the use of cookies.\n\t\t\t* If they have not, it is deleting the cookie.\n\t\t\t* This will comment for now, until further notice.\n\t\t\t*\/\n\t\t\t\/\/if ( onetrustStorageConsent.C0002 === false ) {\n\t\t\t\/\/\tdocument.cookie=\"_fbp=;expires=Thu, 01 Jan 2010 00:00:00 UTC; path=\/; domain=.boston.com\";\n\t\t\t\/\/}\n\t\t\t\/* Checking if the user has given consent for the cookie C0002.\n\t\t\t* If the user has given consent, the variable consent will be set to 'grant'.\n\t\t\t* If the user has not given consent,the variable consent will be set to 'revoke'.\n\t\t\t* Documentation https:\/\/developers.facebook.com\/docs\/meta-pixel\/implementation\/gdpr\n\t\t\t*\/\n\t\t\tif ( ( onetrustStorageConsent !== null ) && (onetrustStorageConsent.C0002 !== true ) ) {\n\t\t\t\tconsent=\"revoke\";\n\t\t\t}\n\t\t\t\t!function(f,b,e,v,n,t,s){if(f.fbq)return;n=f.fbq=function()\n\t\t{n.callMethod? n.callMethod.apply(n,arguments):n.queue.push(arguments)}\n\t\t;if(!f._fbq)f._fbq=n;\n\t\tn.push=n;n.loaded=!0;n.version='2.0';n.queue=[];t=b.createElement(e);t.async=!0;\n\t\tt.src=v;s=b.getElementsByTagName(e)[0];s.parentNode.insertBefore(t,s)}(window,\n\t\tdocument,'script','https:\/\/connect.facebook.net\/en_US\/fbevents.js');\n\t\tfbq('consent', consent);\n\t\tfbq('init', '813236348753005');\n\t\tfbq('track', \"PageView\");\n\t<\/script><br \/>\n<br \/><br \/>\n<br \/><a href=\"https:\/\/www.boston.com\/news\/local-news\/2024\/11\/22\/musk-inserts-himself-into-massachusetts-immigration-debate\/\">Source link <\/a><\/p>","protected":false},"excerpt":{"rendered":"<p>Not\u00edcias locais Ap\u00f3s a pris\u00e3o de migrantes acusados \u200b\u200bde estupro infantil, Elon Musk atacou algumas autoridades de Massachusetts. Presidente eleito Donald Trump e Elon Musk. Brandon Bell\/Piscina via AP Elon&hellip;<\/p>","protected":false},"author":1,"featured_media":64045,"comment_status":"closed","ping_status":"open","sticky":false,"template":"","format":"standard","meta":{"content-type":"","footnotes":""},"categories":[1],"tags":[],"class_list":["post-64044","post","type-post","status-publish","format-standard","has-post-thumbnail","hentry","category-uncategorized"],"_links":{"self":[{"href":"https:\/\/tvbrazilusa.com\/pt\/wp-json\/wp\/v2\/posts\/64044","targetHints":{"allow":["GET"]}}],"collection":[{"href":"https:\/\/tvbrazilusa.com\/pt\/wp-json\/wp\/v2\/posts"}],"about":[{"href":"https:\/\/tvbrazilusa.com\/pt\/wp-json\/wp\/v2\/types\/post"}],"author":[{"embeddable":true,"href":"https:\/\/tvbrazilusa.com\/pt\/wp-json\/wp\/v2\/users\/1"}],"replies":[{"embeddable":true,"href":"https:\/\/tvbrazilusa.com\/pt\/wp-json\/wp\/v2\/comments?post=64044"}],"version-history":[{"count":1,"href":"https:\/\/tvbrazilusa.com\/pt\/wp-json\/wp\/v2\/posts\/64044\/revisions"}],"predecessor-version":[{"id":64046,"href":"https:\/\/tvbrazilusa.com\/pt\/wp-json\/wp\/v2\/posts\/64044\/revisions\/64046"}],"wp:featuredmedia":[{"embeddable":true,"href":"https:\/\/tvbrazilusa.com\/pt\/wp-json\/wp\/v2\/media\/64045"}],"wp:attachment":[{"href":"https:\/\/tvbrazilusa.com\/pt\/wp-json\/wp\/v2\/media?parent=64044"}],"wp:term":[{"taxonomy":"category","embeddable":true,"href":"https:\/\/tvbrazilusa.com\/pt\/wp-json\/wp\/v2\/categories?post=64044"},{"taxonomy":"post_tag","embeddable":true,"href":"https:\/\/tvbrazilusa.com\/pt\/wp-json\/wp\/v2\/tags?post=64044"}],"curies":[{"name":"wp","href":"https:\/\/api.w.org\/{rel}","templated":true}]}}