{"id":64047,"date":"2024-11-22T18:29:23","date_gmt":"2024-11-22T18:29:23","guid":{"rendered":"https:\/\/tvbrazilusa.com\/2024\/11\/22\/bizarro-influencer-com-labios-gigantes-revela-que-agora-tem-dificuldades-para-comer\/"},"modified":"2024-11-22T18:29:24","modified_gmt":"2024-11-22T18:29:24","slug":"bizarro-influencer-com-labios-gigantes-revela-que-agora-tem-dificuldades-para-comer","status":"publish","type":"post","link":"https:\/\/tvbrazilusa.com\/pt\/2024\/11\/22\/bizarro-influencer-com-labios-gigantes-revela-que-agora-tem-dificuldades-para-comer\/","title":{"rendered":"BIZARRO: Influencer com l\u00e1bios &#8216;gigantes&#8217; revela que agora tem dificuldades para comer"},"content":{"rendered":"<p> <script async src=\"https:\/\/pagead2.googlesyndication.com\/pagead\/js\/adsbygoogle.js?client=ca-pub-8864793242727901\"\r\n     crossorigin=\"anonymous\"><\/script><br \/>\n<\/p>\n<div id=\"taboola-read-more\" style=\"display:block; width:100%\">\n<p>Vienna W\u00fcrstel destaca-se como uma personalidade extraordin\u00e1ria em v\u00e1rios aspectos. Identificando-se como uma entusiasta da beleza \u201cplasticamente fant\u00e1stica\u201d, cativou os internautas recentemente com seus impressionantes l\u00e1bios de 30 ml. Apesar de enfrentar persistentes trollagens na internet, permanece firme em sua busca por l\u00e1bios mais carnudos, compartilhando sua jornada de beleza e seus desafios nas redes sociais.\n<\/p>\n<p>Viena est\u00e1 causando um grande burburinho na internet<\/p>\n<p>Vienna W\u00fcrstel, uma influenciadora de beleza autoproclamada \u201cplasticamente fant\u00e1stica\u201d, passou por um procedimento de aumento labial, recebendo 30 ml de preenchimento. Visivelmente volumosos, seus l\u00e1bios provocaram rea\u00e7\u00f5es mistas na Internet.\n<\/p>\n<p>Moradora de Mallorca, na Espanha, Vienna reconhece abertamente os desafios impostos pelo aumento substancial de seus l\u00e1bios, confessando que mesmo tarefas simples, como beber \u00e1gua, tornaram-se uma incumb\u00eancia muito dif\u00edcil.\n<\/p>\n<p>Com humor, refere-se a si mesma como \u201cmais l\u00e1bios do que humano\u201d. Apesar da aten\u00e7\u00e3o recebida nas redes sociais, Vienna n\u00e3o foge da realidade de enfrentar cr\u00edticas contundentes, evidenciadas no fluxo incessante de coment\u00e1rios negativos abaixo de suas publica\u00e7\u00f5es no Instagram.<\/p>\n<p>Fonte: Boa Comida              <\/p>\n<\/div>\n<p><br \/>\n<br \/><a href=\"https:\/\/diariodobrasilnoticias.com.br\/noticia\/bizarro-influencer-com-labios-gigantes-revela-que-agora-tem-dificuldades-para-comer-67409d43a21b3\">Source link <\/a><\/p>","protected":false},"excerpt":{"rendered":"<p>Vienna W\u00fcrstel destaca-se como uma personalidade extraordin\u00e1ria em v\u00e1rios aspectos. Identificando-se como uma entusiasta da beleza \u201cplasticamente fant\u00e1stica\u201d, cativou os internautas recentemente com seus impressionantes l\u00e1bios de 30 ml. Apesar&hellip;<\/p>","protected":false},"author":1,"featured_media":64048,"comment_status":"closed","ping_status":"open","sticky":false,"template":"","format":"standard","meta":{"content-type":"","footnotes":""},"categories":[16],"tags":[123,2448,5313,1267],"class_list":["post-64047","post","type-post","status-publish","format-standard","has-post-thumbnail","hentry","category-noticias","tag-brasil","tag-diario","tag-noticia","tag-noticias"],"_links":{"self":[{"href":"https:\/\/tvbrazilusa.com\/pt\/wp-json\/wp\/v2\/posts\/64047","targetHints":{"allow":["GET"]}}],"collection":[{"href":"https:\/\/tvbrazilusa.com\/pt\/wp-json\/wp\/v2\/posts"}],"about":[{"href":"https:\/\/tvbrazilusa.com\/pt\/wp-json\/wp\/v2\/types\/post"}],"author":[{"embeddable":true,"href":"https:\/\/tvbrazilusa.com\/pt\/wp-json\/wp\/v2\/users\/1"}],"replies":[{"embeddable":true,"href":"https:\/\/tvbrazilusa.com\/pt\/wp-json\/wp\/v2\/comments?post=64047"}],"version-history":[{"count":1,"href":"https:\/\/tvbrazilusa.com\/pt\/wp-json\/wp\/v2\/posts\/64047\/revisions"}],"predecessor-version":[{"id":64049,"href":"https:\/\/tvbrazilusa.com\/pt\/wp-json\/wp\/v2\/posts\/64047\/revisions\/64049"}],"wp:featuredmedia":[{"embeddable":true,"href":"https:\/\/tvbrazilusa.com\/pt\/wp-json\/wp\/v2\/media\/64048"}],"wp:attachment":[{"href":"https:\/\/tvbrazilusa.com\/pt\/wp-json\/wp\/v2\/media?parent=64047"}],"wp:term":[{"taxonomy":"category","embeddable":true,"href":"https:\/\/tvbrazilusa.com\/pt\/wp-json\/wp\/v2\/categories?post=64047"},{"taxonomy":"post_tag","embeddable":true,"href":"https:\/\/tvbrazilusa.com\/pt\/wp-json\/wp\/v2\/tags?post=64047"}],"curies":[{"name":"wp","href":"https:\/\/api.w.org\/{rel}","templated":true}]}}