{"id":64055,"date":"2024-11-22T18:47:18","date_gmt":"2024-11-22T18:47:18","guid":{"rendered":"https:\/\/tvbrazilusa.com\/2024\/11\/22\/bolsonaro-concede-entrevista-a-revista-veja\/"},"modified":"2024-11-22T18:47:20","modified_gmt":"2024-11-22T18:47:20","slug":"bolsonaro-concede-entrevista-a-revista-veja","status":"publish","type":"post","link":"https:\/\/tvbrazilusa.com\/pt\/2024\/11\/22\/bolsonaro-concede-entrevista-a-revista-veja\/","title":{"rendered":"Bolsonaro concede entrevista \u00e0 revista VEJA"},"content":{"rendered":"<p> <script async src=\"https:\/\/pagead2.googlesyndication.com\/pagead\/js\/adsbygoogle.js?client=ca-pub-8864793242727901\"\r\n     crossorigin=\"anonymous\"><\/script><br \/>\n<\/p>\n<div id=\"taboola-read-more\" style=\"display:block; width:100%\">\n<p>O ex-presidente Jair Bolsonaro estava em viagem a Alagoas na \u00faltima ter\u00e7a-feira, 19, quando estourou a opera\u00e7\u00e3o da Pol\u00edcia Federal que prendeu quatro militares sob a suspeita de terem elaborado um plano para reverter o resultado da elei\u00e7\u00e3o de 2022 por meio do assassinato do presidente Lula, do seu vice Geraldo Alckmin e do ministro Alexandre de Moraes, do Supremo Tribunal Federal (STF).\n<\/p>\n<p>O planejamento, segundo a PF, foi urdido dentro do Pal\u00e1cio do Planalto pelas m\u00e3os do general Mario Fernandes, \u00e0 \u00e9poca secret\u00e1rio-executivo da Secretaria-Geral da Presid\u00eancia. O militar \u00e9 um antigo conhecido do capit\u00e3o, e eles se reencontraram logo no primeiro ano de mandato, quando Bolsonaro fez uma visita institucional ao Comando de Opera\u00e7\u00f5es Especiais, agrupamento que prepara a elite do Ex\u00e9rcito, \u00e0 \u00e9poca chefiado pelo general. No ano seguinte, o militar foi para a reserva e passou a integrar os quadros do governo.<\/p>\n<p>Ap\u00f3s a deflagra\u00e7\u00e3o da opera\u00e7\u00e3o, Bolsonaro foi informado por seus auxiliares das acusa\u00e7\u00f5es e manteve-se em sil\u00eancio. No dia seguinte, o ex-presidente conversou com VEJA por meio de uma videoconfer\u00eancia. Ele afirmou que ainda estava tomando conhecimento da opera\u00e7\u00e3o e evitou se aprofundar nas min\u00facias do processo.\n<\/p>\n<p>O ex-presidente minimizou a sua rela\u00e7\u00e3o com o general M\u00e1rio Fernandes, com quem mantinha contado direto. Ele disse que enquanto ocupava a Presid\u00eancia todos tinham acesso livre a seu gabinete, bem como era comum ele pr\u00f3prio passar na sala dos demais auxiliares. Bolsonaro ainda afirmou que jamais soube de um plano de assassinato de autoridades.\n<\/p>\n<p>\u201cL\u00e1 na Presid\u00eancia havia mais ou menos 3\u2009000 pessoas naquele pr\u00e9dio. Se um cara bola um neg\u00f3cio qualquer, o que eu tenho a ver com isso? Discutir comigo um plano para matar algu\u00e9m, isso nunca aconteceu\u201d, disse Bolsonaro a VEJA.\n<\/p>\n<p>E acrescentou: \u201cEu jamais compactuaria com qualquer plano para dar um golpe. Quando falavam comigo, era sempre para usar o estado de s\u00edtio, algo constitucional, que dependeria do aval do Congresso\u201d.\n<\/p>\n<p><strong>Pena de at\u00e9 28 anos<\/strong><br \/>O ex-presidente foi indiciado, ao lado de outras 36 pessoas, pelos crimes de tentativa de golpe, tentativa de aboli\u00e7\u00e3o do estado de direito e organiza\u00e7\u00e3o criminosa na quinta-feira, 21.\n<\/p>\n<p>Na a\u00e7\u00e3o que embasou a pris\u00e3o dos militares, a PF destacou alguns relatos da rela\u00e7\u00e3o entre o general Mario Fernandes e Bolsonaro. O militar citou em troca de mensagens, por exemplo, que o ex-presidente havia aceitado o \u201cnosso assessoramento\u201d. Ele tamb\u00e9m esteve no Pal\u00e1cio da Alvorada, onde Bolsonaro se manteve isolado ap\u00f3s a derrota para Lula, um dia ap\u00f3s imprimir o plano golpista em uma impressora do Planalto. Foram pelo menos duas visitas do general ao ex-presidente entre novembro e dezembro de 2022.<\/p>\n<p>Fonte: Veja              <\/p>\n<\/div>\n<p><br \/>\n<br \/><a href=\"https:\/\/diariodobrasilnoticias.com.br\/noticia\/bolsonaro-concede-entrevista-a-revista-veja-6740a202a80b2\">Source link <\/a><\/p>","protected":false},"excerpt":{"rendered":"<p>O ex-presidente Jair Bolsonaro estava em viagem a Alagoas na \u00faltima ter\u00e7a-feira, 19, quando estourou a opera\u00e7\u00e3o da Pol\u00edcia Federal que prendeu quatro militares sob a suspeita de terem elaborado&hellip;<\/p>","protected":false},"author":1,"featured_media":64056,"comment_status":"closed","ping_status":"open","sticky":false,"template":"","format":"standard","meta":{"content-type":"","footnotes":""},"categories":[16],"tags":[123,2448,5313,1267],"class_list":["post-64055","post","type-post","status-publish","format-standard","has-post-thumbnail","hentry","category-noticias","tag-brasil","tag-diario","tag-noticia","tag-noticias"],"_links":{"self":[{"href":"https:\/\/tvbrazilusa.com\/pt\/wp-json\/wp\/v2\/posts\/64055","targetHints":{"allow":["GET"]}}],"collection":[{"href":"https:\/\/tvbrazilusa.com\/pt\/wp-json\/wp\/v2\/posts"}],"about":[{"href":"https:\/\/tvbrazilusa.com\/pt\/wp-json\/wp\/v2\/types\/post"}],"author":[{"embeddable":true,"href":"https:\/\/tvbrazilusa.com\/pt\/wp-json\/wp\/v2\/users\/1"}],"replies":[{"embeddable":true,"href":"https:\/\/tvbrazilusa.com\/pt\/wp-json\/wp\/v2\/comments?post=64055"}],"version-history":[{"count":1,"href":"https:\/\/tvbrazilusa.com\/pt\/wp-json\/wp\/v2\/posts\/64055\/revisions"}],"predecessor-version":[{"id":64057,"href":"https:\/\/tvbrazilusa.com\/pt\/wp-json\/wp\/v2\/posts\/64055\/revisions\/64057"}],"wp:featuredmedia":[{"embeddable":true,"href":"https:\/\/tvbrazilusa.com\/pt\/wp-json\/wp\/v2\/media\/64056"}],"wp:attachment":[{"href":"https:\/\/tvbrazilusa.com\/pt\/wp-json\/wp\/v2\/media?parent=64055"}],"wp:term":[{"taxonomy":"category","embeddable":true,"href":"https:\/\/tvbrazilusa.com\/pt\/wp-json\/wp\/v2\/categories?post=64055"},{"taxonomy":"post_tag","embeddable":true,"href":"https:\/\/tvbrazilusa.com\/pt\/wp-json\/wp\/v2\/tags?post=64055"}],"curies":[{"name":"wp","href":"https:\/\/api.w.org\/{rel}","templated":true}]}}