{"id":64064,"date":"2024-11-22T18:58:52","date_gmt":"2024-11-22T18:58:52","guid":{"rendered":"https:\/\/tvbrazilusa.com\/2024\/11\/22\/criminoso-rouba-rosa-banhada-a-ouro-de-memorial-do-11-de-setembro-em-igreja\/"},"modified":"2024-11-22T18:58:53","modified_gmt":"2024-11-22T18:58:53","slug":"criminoso-rouba-rosa-banhada-a-ouro-de-memorial-do-11-de-setembro-em-igreja","status":"publish","type":"post","link":"https:\/\/tvbrazilusa.com\/pt\/2024\/11\/22\/criminoso-rouba-rosa-banhada-a-ouro-de-memorial-do-11-de-setembro-em-igreja\/","title":{"rendered":"Criminoso rouba rosa banhada a ouro de memorial do 11 de setembro em igreja"},"content":{"rendered":"<p> <script async src=\"https:\/\/pagead2.googlesyndication.com\/pagead\/js\/adsbygoogle.js?client=ca-pub-8864793242727901\"\r\n     crossorigin=\"anonymous\"><\/script><br \/>\n<\/p>\n<div id=\"taboola-read-more\" style=\"display:block; width:100%\">\n<p>Na tarde de quarta-feira (29), um roubo chocou a Igreja de S\u00e3o Francisco de Assis, localizada no Midtown de Manhattan, em Nova Iorque , quando um homem entrou sozinho na igreja e levou uma rosa banhada a ouro, avaliada em 3 mil d\u00f3lares (Aproximadamente R$ 15 mil), do memorial em homenagem \u00e0s v\u00edtimas do 11 de setembro.\n<\/p>\n<p>O objeto, que faz parte do Memorial do 11 de Setembro e foi criado a partir de a\u00e7o do Ground Zero, foi retirado de um local sagrado que reverencia as vidas perdidas naquele tr\u00e1gico dia. A a\u00e7\u00e3o foi considerada pela pol\u00edcia e pelo padre da par\u00f3quia como uma grave &#8220;profana\u00e7\u00e3o&#8221;.<\/p>\n<p>O ladr\u00e3o entrou na igreja, situada na West 31st Street, por volta das 14h30, e pegou a rosa, um s\u00edmbolo de esperan\u00e7a e resili\u00eancia, conforme explicou o Padre Brian Jordan, respons\u00e1vel pela par\u00f3quia. Ele classificou o ato como algo muito mais grave do que um simples roubo, descrevendo-o como uma viola\u00e7\u00e3o de um local dedicado \u00e0 mem\u00f3ria de todos os que morreram nos atentados.\n<\/p>\n<p>&#8220;Isso n\u00e3o foi apenas um roubo, na minha opini\u00e3o, foi um ato de profana\u00e7\u00e3o&#8221;, afirmou o padre Jordan.\n<\/p>\n<p>O memorial na igreja, que homenageia as v\u00edtimas do 11 de setembro, tem um valor sentimental e simb\u00f3lico significativo, especialmente para os fi\u00e9is da par\u00f3quia. O Padre Mychal Judge, que era o pastor da igreja e capel\u00e3o do FDNY na \u00e9poca, \u00e9 uma das figuras centrais lembradas no local, assim como Carol LaPlante, volunt\u00e1ria e designer da igreja, tamb\u00e9m falecida durante os ataques. A rosa roubada, feita com a\u00e7o do local dos atentados, representava um s\u00edmbolo de resili\u00eancia para a comunidade.\n<\/p>\n<p>&#8220;Em outras palavras, triunfo sobre o mal&#8221;, disse o Padre Jordan. &#8220;A rosa da esperan\u00e7a \u00e9 maior que o mal da destrui\u00e7\u00e3o.&#8221;\n<\/p>\n<p>A pol\u00edcia de Nova York divulgou um v\u00eddeo do suspeito, no qual ele aparece caminhando calmamente pela cal\u00e7ada, segurando a rosa roubada, sem perceber que estava sendo filmado. O ladr\u00e3o ainda n\u00e3o foi capturado at\u00e9 a noite de quinta-feira.\n<\/p>\n<p>O padre Jordan descreveu o suspeito como um homem jovem, de cerca de 21 anos, que j\u00e1 havia sido expulso duas vezes pelo seguran\u00e7a da igreja. Segundo o sacerdote, o homem era conhecido por ser um &#8220;ranger solit\u00e1rio&#8221;, algu\u00e9m que evitava qualquer tipo de contato social.\n<\/p>\n<p>&#8220;J\u00e1 o vimos v\u00e1rias vezes \u2013 ele \u00e9 como um &#8216;lobo solit\u00e1rio'&#8221;, explicou Jordan. &#8220;Se ele tivesse pedido ajuda, eu o ajudaria\u2026 Ele simplesmente se esquivava de qualquer tipo de contato.&#8221;\n<\/p>\n<p>Apesar de ser v\u00edtima de um crime em seu templo, o Padre Jordan expressou compaix\u00e3o pelo suspeito, dizendo que n\u00e3o gostaria de v\u00ea-lo &#8220;mofando na cela da pris\u00e3o&#8221;, pois acreditava que isso n\u00e3o ajudaria em nada. Em vez disso, o padre fez um apelo para que o homem procurasse ajuda e receba tratamento adequado.\n<\/p>\n<p>&#8220;Eu espero e rezo para que esse homem problem\u00e1tico se entregue \u00e0 pol\u00edcia e receba o tratamento psiqui\u00e1trico adequado que ele precisa&#8221;, disse o padre Jordan. &#8220;Eu quero que esse homem, depois de ser preso, n\u00e3o v\u00e1 para a pris\u00e3o, mas para um centro psiqui\u00e1trico para receber ajuda, para ter uma segunda chance na vida.&#8221;\n<\/p>\n<p>O padre tamb\u00e9m refor\u00e7ou que, embora o suspeito tenha cometido um crime, ele \u00e9 jovem e merece uma oportunidade de reabilita\u00e7\u00e3o.\n<\/p>\n<p>&#8220;Ele \u00e9 jovem&#8221;, afirmou. &#8220;N\u00e3o queremos ter mais uma v\u00edtima da nossa sociedade. Queremos que ele busque reabilita\u00e7\u00e3o e endireite sua vida.&#8221;\n<\/p>\n<p>Na quinta-feira \u00e0 tarde, o Padre Jordan realizou uma b\u00ean\u00e7\u00e3o no memorial com \u00e1gua benta, simbolizando um gesto de purifica\u00e7\u00e3o e ora\u00e7\u00e3o pela situa\u00e7\u00e3o. Ele tamb\u00e9m fez um apelo \u00e0 cidade de Nova York para que se invista mais em recursos para o tratamento de pessoas com problemas de sa\u00fade mental.\n<\/p>\n<p>&#8220;Isso \u00e9 um alerta para a cidade&#8221;, afirmou o padre. &#8220;Voc\u00ea conhece a express\u00e3o &#8216;Nada \u00e9 mais sagrado&#8217;? Deveria ser. \u00c9 um alerta de que precisamos investir mais recursos para ajudar pessoas com problemas de sa\u00fade mental.&#8221;\n<\/p>\n<p>Ele tamb\u00e9m fez cr\u00edticas ao sistema de justi\u00e7a, mencionando a situa\u00e7\u00e3o da Ilha de Rikers, onde pessoas com quest\u00f5es psiqui\u00e1tricas muitas vezes acabam encarceradas sem a devida ajuda.\n<\/p>\n<p class=\"\">&#8220;Temos uma porta girat\u00f3ria com a Ilha de Rikers&#8221;, disse Jordan. &#8220;Eu quero que ele receba ajuda. Quero que a cidade invista nele. Eu acredito no Deus das segundas chances.&#8221;\n<\/p>\n<p>A\u00a0pol\u00edcia local pediu que qualquer pessoa com informa\u00e7\u00f5es sobre o suspeito entre em contato com a linha direta de pelo n\u00famero 1-800-577-TIPS (8477) ou pelo X @NYPDTips. Tamb\u00e9m \u00e9 poss\u00edvel enviar dicas atrav\u00e9s do site do Crime Stoppers.\n<\/p>\n<p>Fonte: iG              <\/p>\n<\/div>\n<p><br \/>\n<br \/><a href=\"https:\/\/diariodobrasilnoticias.com.br\/noticia\/criminoso-rouba-rosa-banhada-a-ouro-de-memorial-do-11-de-setembro-em-igreja-6740abb108b3d\">Source link <\/a><\/p>","protected":false},"excerpt":{"rendered":"<p>Na tarde de quarta-feira (29), um roubo chocou a Igreja de S\u00e3o Francisco de Assis, localizada no Midtown de Manhattan, em Nova Iorque , quando um homem entrou sozinho na&hellip;<\/p>","protected":false},"author":1,"featured_media":64065,"comment_status":"closed","ping_status":"open","sticky":false,"template":"","format":"standard","meta":{"content-type":"","footnotes":""},"categories":[16],"tags":[123,2448,5313,1267],"class_list":["post-64064","post","type-post","status-publish","format-standard","has-post-thumbnail","hentry","category-noticias","tag-brasil","tag-diario","tag-noticia","tag-noticias"],"_links":{"self":[{"href":"https:\/\/tvbrazilusa.com\/pt\/wp-json\/wp\/v2\/posts\/64064","targetHints":{"allow":["GET"]}}],"collection":[{"href":"https:\/\/tvbrazilusa.com\/pt\/wp-json\/wp\/v2\/posts"}],"about":[{"href":"https:\/\/tvbrazilusa.com\/pt\/wp-json\/wp\/v2\/types\/post"}],"author":[{"embeddable":true,"href":"https:\/\/tvbrazilusa.com\/pt\/wp-json\/wp\/v2\/users\/1"}],"replies":[{"embeddable":true,"href":"https:\/\/tvbrazilusa.com\/pt\/wp-json\/wp\/v2\/comments?post=64064"}],"version-history":[{"count":1,"href":"https:\/\/tvbrazilusa.com\/pt\/wp-json\/wp\/v2\/posts\/64064\/revisions"}],"predecessor-version":[{"id":64066,"href":"https:\/\/tvbrazilusa.com\/pt\/wp-json\/wp\/v2\/posts\/64064\/revisions\/64066"}],"wp:featuredmedia":[{"embeddable":true,"href":"https:\/\/tvbrazilusa.com\/pt\/wp-json\/wp\/v2\/media\/64065"}],"wp:attachment":[{"href":"https:\/\/tvbrazilusa.com\/pt\/wp-json\/wp\/v2\/media?parent=64064"}],"wp:term":[{"taxonomy":"category","embeddable":true,"href":"https:\/\/tvbrazilusa.com\/pt\/wp-json\/wp\/v2\/categories?post=64064"},{"taxonomy":"post_tag","embeddable":true,"href":"https:\/\/tvbrazilusa.com\/pt\/wp-json\/wp\/v2\/tags?post=64064"}],"curies":[{"name":"wp","href":"https:\/\/api.w.org\/{rel}","templated":true}]}}