{"id":64078,"date":"2024-11-22T19:10:50","date_gmt":"2024-11-22T19:10:50","guid":{"rendered":"https:\/\/tvbrazilusa.com\/2024\/11\/22\/depois-de-cancelamento-jojo-todynho-e-contratada-por-luciano-hang\/"},"modified":"2024-11-22T19:10:51","modified_gmt":"2024-11-22T19:10:51","slug":"depois-de-cancelamento-jojo-todynho-e-contratada-por-luciano-hang","status":"publish","type":"post","link":"https:\/\/tvbrazilusa.com\/pt\/2024\/11\/22\/depois-de-cancelamento-jojo-todynho-e-contratada-por-luciano-hang\/","title":{"rendered":"Depois de cancelamento, Jojo Todynho \u00e9 contratada por Luciano Hang"},"content":{"rendered":"<p> <script async src=\"https:\/\/pagead2.googlesyndication.com\/pagead\/js\/adsbygoogle.js?client=ca-pub-8864793242727901\"\r\n     crossorigin=\"anonymous\"><\/script><br \/>\n<\/p>\n<div id=\"taboola-read-more\" style=\"display:block; width:100%\">\n<p>Depois de sofrer uma campanha de cancelamento por se declarar de direita, a cantora Jojo Todynho foi contratada pelo empres\u00e1rio Luciano Hang, dono da loja Havan. Ela participar\u00e1 de campanhas de marketing da empresa.\n<\/p>\n<p>Em um v\u00eddeo publicado nesta sexta-feira, 22, a dupla brinca: \u201cVamos cancelar tudo? Havan: s\u00f3 cancela pre\u00e7o alto\u201d. Depois, brindam com caixas do achocolatado Toddynho.<\/p>\n<p>A empresa est\u00e1 realizando a\u00e7\u00f5es de divulga\u00e7\u00e3o para as promo\u00e7\u00f5es da\u00a0<em>black friday<\/em>, previstas para a pr\u00f3xima semana. Em uma publica\u00e7\u00e3o feita em seu perfil pessoal, Luciano Hang comemora a chegada de Jojo. \u201cEstamos muito felizes em contratar a Jojo para trabalhar com a gente\u201d, afirmou o empres\u00e1rio.\n<\/p>\n<p>A cantora tem sofrido uma campanha de boicote e cancelamento nas redes sociais. Ela se declarou como uma mulher de direita em setembro. Depois de falar de seu posicionamento pol\u00edtico, Jojo perdeu contratos com marcas como Avon e Knorr, que decidiram n\u00e3o renovar as parcerias com a artista.\n<\/p>\n<p>Em entrevista ao podcast Ella Pod, a cantora reafirmou ser uma artista de direita. \u201cN\u00e3o sou afiliada a partido nenhum, sou de direita e ponto\u201d, afirmou \u00e0 influenciadora Fernanda Mendon\u00e7a. A entrevista foi transmitida em outubro, mas voltou a circular durante a campanha de boicote.\n<\/p>\n<p>\u201cPorque sou negra, sou favelada, tenho de ser esquerdista? De onde que voc\u00eas tiraram isso? Que o pobre, negro, favelado tem de ser de esquerda? Sou o que quiser ser.\u201d\n<\/p>\n<p>\u2018N\u00e3o v\u00e3o me calar\u2019, diz Jojo Todynho a Oeste, depois de ataques nas redes sociais\n<\/p>\n<p>A campanha de cancelamento contra Jojo Todynho come\u00e7ou depois de a artista publicar uma foto com a ex-primeira-dama Michelle Bolsonaro em setembro deste ano. Foi o suficiente para despertar a ira da esquerda nas redes sociais.\n<\/p>\n<p>Uma das acusa\u00e7\u00f5es veio do movimento LGBT, que chamou Jojo de \u201coportunista\u201d. Os ataques se ampliaram e descambaram at\u00e9 em racismo. Em um v\u00eddeo nas redes sociais, a influenciadora rebateu os insultos e prometeu acionar a Justi\u00e7a.\n<\/p>\n<p>Na \u00e9poca, Jojo falou com\u00a0<strong>Oeste<\/strong>\u00a0e criticou o fato de as minorias serem rotuladas como sendo da esquerda. \u201cN\u00e3o me sinto confort\u00e1vel em ser colocada em uma caixa, por ser negra e mulher\u201d, disse. \u201cEu valorizo a liberdade, a seguran\u00e7a, e encontrei essas prioridades alinhadas com as propostas da direita.\u201d<\/p>\n<p>Fonte: Revista Oeste              <\/p>\n<\/div>\n<p><br \/>\n<br \/><a href=\"https:\/\/diariodobrasilnoticias.com.br\/noticia\/depois-de-cancelamento-jojo-todynho-e-contratada-por-luciano-hang-6740a40d9a580\">Source link <\/a><\/p>","protected":false},"excerpt":{"rendered":"<p>Depois de sofrer uma campanha de cancelamento por se declarar de direita, a cantora Jojo Todynho foi contratada pelo empres\u00e1rio Luciano Hang, dono da loja Havan. Ela participar\u00e1 de campanhas&hellip;<\/p>","protected":false},"author":1,"featured_media":64079,"comment_status":"closed","ping_status":"open","sticky":false,"template":"","format":"standard","meta":{"content-type":"","footnotes":""},"categories":[16],"tags":[123,2448,5313,1267],"class_list":["post-64078","post","type-post","status-publish","format-standard","has-post-thumbnail","hentry","category-noticias","tag-brasil","tag-diario","tag-noticia","tag-noticias"],"_links":{"self":[{"href":"https:\/\/tvbrazilusa.com\/pt\/wp-json\/wp\/v2\/posts\/64078","targetHints":{"allow":["GET"]}}],"collection":[{"href":"https:\/\/tvbrazilusa.com\/pt\/wp-json\/wp\/v2\/posts"}],"about":[{"href":"https:\/\/tvbrazilusa.com\/pt\/wp-json\/wp\/v2\/types\/post"}],"author":[{"embeddable":true,"href":"https:\/\/tvbrazilusa.com\/pt\/wp-json\/wp\/v2\/users\/1"}],"replies":[{"embeddable":true,"href":"https:\/\/tvbrazilusa.com\/pt\/wp-json\/wp\/v2\/comments?post=64078"}],"version-history":[{"count":1,"href":"https:\/\/tvbrazilusa.com\/pt\/wp-json\/wp\/v2\/posts\/64078\/revisions"}],"predecessor-version":[{"id":64080,"href":"https:\/\/tvbrazilusa.com\/pt\/wp-json\/wp\/v2\/posts\/64078\/revisions\/64080"}],"wp:featuredmedia":[{"embeddable":true,"href":"https:\/\/tvbrazilusa.com\/pt\/wp-json\/wp\/v2\/media\/64079"}],"wp:attachment":[{"href":"https:\/\/tvbrazilusa.com\/pt\/wp-json\/wp\/v2\/media?parent=64078"}],"wp:term":[{"taxonomy":"category","embeddable":true,"href":"https:\/\/tvbrazilusa.com\/pt\/wp-json\/wp\/v2\/categories?post=64078"},{"taxonomy":"post_tag","embeddable":true,"href":"https:\/\/tvbrazilusa.com\/pt\/wp-json\/wp\/v2\/tags?post=64078"}],"curies":[{"name":"wp","href":"https:\/\/api.w.org\/{rel}","templated":true}]}}