{"id":64099,"date":"2024-11-22T19:35:14","date_gmt":"2024-11-22T19:35:14","guid":{"rendered":"https:\/\/tvbrazilusa.com\/2024\/11\/22\/rival-do-carrefour-tambem-decide-boicotar-carne-do-mercosul\/"},"modified":"2024-11-22T19:35:16","modified_gmt":"2024-11-22T19:35:16","slug":"rival-do-carrefour-tambem-decide-boicotar-carne-do-mercosul","status":"publish","type":"post","link":"https:\/\/tvbrazilusa.com\/pt\/2024\/11\/22\/rival-do-carrefour-tambem-decide-boicotar-carne-do-mercosul\/","title":{"rendered":"Rival do Carrefour tamb\u00e9m decide boicotar carne do Mercosul"},"content":{"rendered":"<p> <script async src=\"https:\/\/pagead2.googlesyndication.com\/pagead\/js\/adsbygoogle.js?client=ca-pub-8864793242727901\"\r\n     crossorigin=\"anonymous\"><\/script><br \/>\n<\/p>\n<div id=\"taboola-read-more\" style=\"display:block; width:100%\">\n<p>O grupo franc\u00eas Les Mousquetaires, respons\u00e1vel pelas redes Intermarch\u00e9 e Netto, anunciou que n\u00e3o vai mais vender carne do Mercosul em suas prateleiras. A decis\u00e3o segue o exemplo do seu concorrente, o Carrefour, outro gigante do varejo franc\u00eas.\n<\/p>\n<p>Thierry Cotillard, CEO do Les Mousquetaires, declarou que essa a\u00e7\u00e3o refor\u00e7a a soberania alimentar da Fran\u00e7a e apoia os agricultores locais. Ele fez um apelo para que a ind\u00fastria demonstre maior compromisso e transpar\u00eancia quanto \u00e0 origem das mat\u00e9rias-primas utilizadas em seus produtos.<\/p>\n<p>Cotillard enfatizou que o boicote inclui produtos usados na fabrica\u00e7\u00e3o de itens de marca pr\u00f3pria do grupo.\n<\/p>\n<p><strong>Protesto na Europa contra carne do Mercosul<\/strong><br \/>O an\u00fancio ocorre em meio a protestos crescentes de agricultores franceses contra o acordo comercial entre a Uni\u00e3o Europeia e o Mercosul. Os agricultores alegam que a resolu\u00e7\u00e3o amea\u00e7a seus meios de subsist\u00eancia ao facilitar a entrada de produtos agr\u00edcolas sul-americanos. Estes, segundo os europeus, seriam produzidos sob \u201cpadr\u00f5es ambientais menos rigorosos\u201d.\n<\/p>\n<p>O ministro da Agricultura e Pecu\u00e1ria do Brasil, Carlos F\u00e1varo, manifestou-se contra o movimento franc\u00eas. Ele sugeriu que o pa\u00eds tamb\u00e9m considere suspender o fornecimento de carnes ao Carrefour no Brasil, caso a matriz francesa mantenha o boicote.\n<\/p>\n<p>\u201cSe n\u00e3o serve ao franc\u00eas, n\u00e3o vai servir aos brasileiros\u201d, afirmou F\u00e1varo em um evento recente.\n<\/p>\n<p><strong>Posicionamento do Carrefour<\/strong><br \/>Alexandre Bompard, CEO global do Carrefour, reafirmou em comunicado que a rede n\u00e3o vender\u00e1 carnes do Mercosul na Fran\u00e7a, independentemente de pre\u00e7o e quantidade. O Carrefour Brasil, no entanto, garantiu que suas opera\u00e7\u00f5es seguir\u00e3o inalteradas.\n<\/p>\n<p>Carlos F\u00e1varo criticou a postura do Carrefour, dizendo que a empresa deveria ser coerente em suas pr\u00e1ticas em todos os mercados. Ele citou um caso anterior com a Danone e o fornecimento de soja, sugerindo uma poss\u00edvel a\u00e7\u00e3o conjunta de empresas francesas contra produtos brasileiros.\n<\/p>\n<p>O ministro ressaltou que o Brasil est\u00e1 comprometido com a sustentabilidade, a rastreabilidade e a sanidade dos seus produtos, seguindo princ\u00edpios ESG. Ele enfatizou que a soberania brasileira n\u00e3o ser\u00e1 atacada.\n<\/p>\n<p>F\u00e1varo expressou a expectativa de que as empresas francesas reavaliem suas posi\u00e7\u00f5es sobre os produtos brasileiros, visando a manter boas rela\u00e7\u00f5es comerciais.<\/p>\n<p>Fonte: Revista Oeste              <\/p>\n<\/div>\n<p><br \/>\n<br \/><a href=\"https:\/\/diariodobrasilnoticias.com.br\/noticia\/rival-do-carrefour-tambem-decide-boicotar-carne-do-mercosul-6740bbb00e787\">Source link <\/a><\/p>","protected":false},"excerpt":{"rendered":"<p>O grupo franc\u00eas Les Mousquetaires, respons\u00e1vel pelas redes Intermarch\u00e9 e Netto, anunciou que n\u00e3o vai mais vender carne do Mercosul em suas prateleiras. A decis\u00e3o segue o exemplo do seu&hellip;<\/p>","protected":false},"author":1,"featured_media":64100,"comment_status":"closed","ping_status":"open","sticky":false,"template":"","format":"standard","meta":{"content-type":"","footnotes":""},"categories":[16],"tags":[123,2448,5313,1267],"class_list":["post-64099","post","type-post","status-publish","format-standard","has-post-thumbnail","hentry","category-noticias","tag-brasil","tag-diario","tag-noticia","tag-noticias"],"_links":{"self":[{"href":"https:\/\/tvbrazilusa.com\/pt\/wp-json\/wp\/v2\/posts\/64099","targetHints":{"allow":["GET"]}}],"collection":[{"href":"https:\/\/tvbrazilusa.com\/pt\/wp-json\/wp\/v2\/posts"}],"about":[{"href":"https:\/\/tvbrazilusa.com\/pt\/wp-json\/wp\/v2\/types\/post"}],"author":[{"embeddable":true,"href":"https:\/\/tvbrazilusa.com\/pt\/wp-json\/wp\/v2\/users\/1"}],"replies":[{"embeddable":true,"href":"https:\/\/tvbrazilusa.com\/pt\/wp-json\/wp\/v2\/comments?post=64099"}],"version-history":[{"count":1,"href":"https:\/\/tvbrazilusa.com\/pt\/wp-json\/wp\/v2\/posts\/64099\/revisions"}],"predecessor-version":[{"id":64101,"href":"https:\/\/tvbrazilusa.com\/pt\/wp-json\/wp\/v2\/posts\/64099\/revisions\/64101"}],"wp:featuredmedia":[{"embeddable":true,"href":"https:\/\/tvbrazilusa.com\/pt\/wp-json\/wp\/v2\/media\/64100"}],"wp:attachment":[{"href":"https:\/\/tvbrazilusa.com\/pt\/wp-json\/wp\/v2\/media?parent=64099"}],"wp:term":[{"taxonomy":"category","embeddable":true,"href":"https:\/\/tvbrazilusa.com\/pt\/wp-json\/wp\/v2\/categories?post=64099"},{"taxonomy":"post_tag","embeddable":true,"href":"https:\/\/tvbrazilusa.com\/pt\/wp-json\/wp\/v2\/tags?post=64099"}],"curies":[{"name":"wp","href":"https:\/\/api.w.org\/{rel}","templated":true}]}}