{"id":64105,"date":"2024-11-22T18:46:10","date_gmt":"2024-11-22T18:46:10","guid":{"rendered":"https:\/\/tvbrazilusa.com\/2024\/11\/22\/conselho-de-educacao-do-texas-aprova-curriculo-opcional-com-infusao-biblica-para-escolas-primarias\/"},"modified":"2024-11-22T19:41:28","modified_gmt":"2024-11-22T19:41:28","slug":"conselho-de-educacao-do-texas-aprova-curriculo-opcional-com-infusao-biblica-para-escolas-primarias","status":"publish","type":"post","link":"https:\/\/tvbrazilusa.com\/pt\/2024\/11\/22\/conselho-de-educacao-do-texas-aprova-curriculo-opcional-com-infusao-biblica-para-escolas-primarias\/","title":{"rendered":"Conselho de educa\u00e7\u00e3o do Texas aprova curr\u00edculo opcional com infus\u00e3o b\u00edblica para escolas prim\u00e1rias"},"content":{"rendered":"<p> <script async src=\"https:\/\/pagead2.googlesyndication.com\/pagead\/js\/adsbygoogle.js?client=ca-pub-8864793242727901\"\r\n     crossorigin=\"anonymous\"><\/script><br \/>\n<\/p>\n<div id=\"\">\n<header class=\"m-article-header m-article-header--standard\">\n\t\t\t\t\t\t\t\t\t\t\t\t<span id=\"article-header-primary-term\"><br \/>\n\t\t\t\t\t\t\t\t<a class=\"a-term a-term--primary\" href=\"https:\/\/www.boston.com\/tag\/education\/\"><\/p>\n<p>\t\t\t\t\t\t\t\tEduca\u00e7\u00e3o\t\t\t\t\t\t\t\t<\/a><br \/>\n\t\t\t\t\t\t\t<\/span><\/p>\n<h2 class=\"m-article-header__sub-headline\">Pais e professores que se opuseram ao curr\u00edculo disseram que as aulas afastar\u00e3o os alunos de outras origens religiosas.<\/h2>\n<figure class=\"a-photo m-article-header__photo\"><figcaption class=\"a-photo__caption\">\n<p>\tUma bandeira do Texas \u00e9 exibida em uma escola prim\u00e1ria em Murphy, Texas, quinta-feira, 3 de dezembro de 2020. <em> AP Photo\/LM Otero, Arquivo<\/em>\t<\/figcaption><\/figure>\n<div class=\"m-article-header__meta\">\n<div class=\"m-article-header__byline\">\n<p class=\"m-article-header__author\">\n<p>\t\t\t\t\t\t\t\tPor NADIA LATHAN, Associated Press\t\t\t\t\t\t\t<\/p>\n<p>\t\t\t\t\t\t\t\t\t\t\t\t\t\t\t<time class=\"m-article-header__date\"><\/p>\n<p>\t\t\t\t\t\t\t\t\t22 de novembro de 2024 | 13h46\t\t\t\t\t\t\t\t<\/time><\/p><\/div>\n<\/p><\/div>\n<\/header>\n<p>AUSTIN, Texas (AP) \u2013 O conselho de educa\u00e7\u00e3o do Texas votou na sexta-feira para permitir ensinamentos infundidos pela B\u00edblia nas escolas prim\u00e1rias, juntando-se a outros estados liderados pelos republicanos que pressionaram este ano para dar \u00e0 religi\u00e3o uma presen\u00e7a maior nas salas de aula p\u00fablicas.<\/p>\n<p>O curr\u00edculo adotado pelo Conselho Estadual de Educa\u00e7\u00e3o do Texas, que \u00e9 controlado por republicanos eleitos, \u00e9 opcional para as escolas adotarem, mas elas receber\u00e3o financiamento adicional se o fizerem. Os materiais poder\u00e3o aparecer em sala de aula j\u00e1 no pr\u00f3ximo ano letivo.<\/p>\n<p>O governador republicano Greg Abbott manifestou apoio aos planos de aula, que foram fornecidos pela ag\u00eancia educacional do estado que supervisiona mais de 5 milh\u00f5es de alunos nas escolas p\u00fablicas do Texas.<\/p>\n<p>Pais e professores que se opuseram ao curr\u00edculo disseram que as aulas afastar\u00e3o os alunos de outras origens religiosas.<\/p>\n<p>Os defensores argumentaram que a B\u00edblia \u00e9 uma caracter\u00edstica central da hist\u00f3ria americana e que ensin\u00e1-la enriquecer\u00e1 o aprendizado dos alunos.<\/p>\n<p>O novo curr\u00edculo do Texas segue os esfor\u00e7os liderados pelos republicanos nos estados vizinhos para dar \u00e0 religi\u00e3o uma presen\u00e7a maior nas escolas p\u00fablicas. Em Oklahoma, o chefe de educa\u00e7\u00e3o do estado ordenou uma c\u00f3pia da B\u00edblia em todas as salas de aula, enquanto Louisiana quer fazer com que todas as salas de aula das escolas p\u00fablicas do estado postem os Dez Mandamentos a partir do pr\u00f3ximo ano.<\/p>\n<p>Com o novo curr\u00edculo, o Texas seria o primeiro estado a introduzir li\u00e7\u00f5es b\u00edblicas nas escolas desta forma, de acordo com Matthew Patrick Shaw, professor assistente de pol\u00edticas p\u00fablicas e educa\u00e7\u00e3o na Universidade Vanderbilt.<\/p>\n<h3 class=\"wp-block-heading\" id=\"h-creating-bible-infused-lessons\">Criando li\u00e7\u00f5es inspiradas na B\u00edblia<\/h3>\n<p>A Ag\u00eancia de Educa\u00e7\u00e3o do Texas, que supervisiona a educa\u00e7\u00e3o p\u00fablica para mais de 5 milh\u00f5es de estudantes em todo o estado, criou seus pr\u00f3prios materiais de instru\u00e7\u00e3o depois que uma lei aprovada em 2023 pelo Legislativo controlado pelo Partido Republicano exigiu que a ag\u00eancia o fizesse. Os planos de aula foram divulgados publicamente nesta primavera.<\/p>\n<p>O material baseia-se nas li\u00e7\u00f5es do cristianismo mais do que de qualquer outra religi\u00e3o nos m\u00f3dulos propostos de leitura e artes da linguagem do jardim de inf\u00e2ncia at\u00e9 a quinta s\u00e9rie, o que, segundo os cr\u00edticos, afastaria os alunos de diferentes origens religiosas e potencialmente violaria a Primeira Emenda.<\/p>\n<p>\u201cEste curr\u00edculo n\u00e3o \u00e9 apropriado para a idade ou para o assunto na forma como apresenta essas hist\u00f3rias b\u00edblicas\u201d, disse Amanda Tyler, diretora executiva do Comit\u00ea Conjunto Batista para a Liberdade Religiosa.<\/p>\n<p>As crian\u00e7as que leriam o material, disse ela, \u201cs\u00e3o simplesmente demasiado jovens para perceberem a diferen\u00e7a entre o que \u00e9 uma afirma\u00e7\u00e3o de f\u00e9 e o que \u00e9 uma quest\u00e3o de facto\u201d.<\/p>\n<p>Mais de 100 pessoas testemunharam em uma reuni\u00e3o do conselho esta semana que tocou a emo\u00e7\u00e3o de pais, professores e defensores. Os defensores do curr\u00edculo argumentaram que a B\u00edblia \u00e9 uma caracter\u00edstica central da hist\u00f3ria americana e ensin\u00e1-la enriquecer\u00e1 o aprendizado dos alunos.<\/p>\n<p>\u201cDiz-se que existem cerca de 300 frases comuns que realmente v\u00eam da B\u00edblia\u201d, disse Mary Castle, diretora de rela\u00e7\u00f5es governamentais do Texas Values, um grupo de defesa de tend\u00eancia direitista. \u201cAssim, os alunos v\u00e3o se beneficiar por poder entender muitas dessas refer\u00eancias que est\u00e3o na literatura e ter uma forma de poder compreend\u00ea-las.\u201d<\/p>\n<h3 class=\"wp-block-heading\" id=\"h-a-narrow-early-vote\">Uma vota\u00e7\u00e3o antecipada estreita<\/h3>\n<p>O conselho de 15 membros \u00e9 composto por 11 republicanos e quatro democratas. Sinalizou apoio aos materiais em uma vota\u00e7\u00e3o preliminar de 8 a 7 na quarta-feira.<\/p>\n<p>Um dos membros do conselho \u00e9 um republicano que foi nomeado para o conselho h\u00e1 apenas algumas semanas pelo governador republicano Greg Abbott para preencher temporariamente uma vaga. Dias depois dessa nomea\u00e7\u00e3o, um democrata que concorreu sem oposi\u00e7\u00e3o foi eleito para ocupar o mesmo cargo no conselho a partir do pr\u00f3ximo ano.<\/p>\n<p>A Abbott apoiou publicamente os materiais de instru\u00e7\u00e3o.<\/p>\n<p>Se os planos de aula ser\u00e3o considerados constitucionais est\u00e1 em aberto se o curr\u00edculo for aprovado, disse Shaw.<\/p>\n<p>\u201cA quest\u00e3o \u00e9 como o Texas ir\u00e1 enquadrar o que \u00e9 feito aqui para evitar a quest\u00e3o do sistema ou enfrent\u00e1-la de frente\u201d, disse ele.<\/p>\n<h3 class=\"wp-block-heading\" id=\"h-bringing-religion-into-schools\">Trazendo a religi\u00e3o para as escolas<\/h3>\n<p>Os planos do Texas de implementar ensinamentos b\u00edblicos nos planos de aula das escolas p\u00fablicas s\u00e3o o mais recente esfor\u00e7o dos estados controlados pelos republicanos para trazer a religi\u00e3o para a sala de aula.<\/p>\n<p>Na Louisiana, uma lei para colocar os Dez Mandamentos em todas as salas de aula p\u00fablicas foi bloqueada por um juiz federal no in\u00edcio deste m\u00eas. O governador republicano Jeff Landry sancionou o projeto de lei em junho, o que levou um grupo de pais de escolas p\u00fablicas da Louisiana de diferentes religi\u00f5es a processar.<\/p>\n<p>Em Oklahoma, o principal respons\u00e1vel pela educa\u00e7\u00e3o do estado tentou incorporar a B\u00edblia nos planos de aula para crian\u00e7as do quinto ao 12\u00ba ano. Um grupo de professores e pais entrou recentemente com uma a\u00e7\u00e3o judicial para impedir o plano do superintendente estadual republicano e seus esfor\u00e7os para gastar US$ 3 milh\u00f5es na compra de B\u00edblias para escolas p\u00fablicas.<\/p>\n<div class=\"m-block m-generic-cta\t m-generic-cta--post-content\t m-generic-cta--dark\t m-generic-cta--homepage\t m-generic-cta--email-signup\t\t m-generic-cta-block-style--default \tt-amp__generic-cta\"><\/p>\n<div class=\"m-generic-cta__wrap\">\n<div class=\"m-generic-cta__content\">\n<h3 class=\"m-generic-cta__title\">Alertas extras de not\u00edcias<\/h3>\n<p class=\"m-generic-cta__subtitle\">Receba as \u00faltimas atualiza\u00e7\u00f5es conforme elas acontecem.<\/p>\n<\/p><\/div>\n<\/p><\/div>\n<\/div><\/div>\n<p><script>\n\t\tvar consent=\"grant\";\n\t\t\/* The above code is parsing the JSON data from the local storage and storing it in a variable. *\/\n\t\t\t\t\tconst onetrustStorageConsent = JSON.parse(localStorage.getItem( 'consent_one_trust_bdc' ) );\n\t\t\tif ( ( onetrustStorageConsent !== null ) ) {\n\t\t\t\t\/* Checking to see if the user has consented to the use of cookies.\n\t\t\t\t* If they have not, it is deleting the cookie.\n\t\t\t\t* This will comment for now, until further notice.\n\t\t\t\t*\/\n\t\t\t\t\/\/if ( onetrustStorageConsent.C0002 === false ) {\n\t\t\t\t\/\/\tdocument.cookie=\"_fbp=;expires=Thu, 01 Jan 2010 00:00:00 UTC; path=\/; domain=.boston.com\";\n\t\t\t\t\/\/}\n\t\t\t\t\/* Checking if the user has given consent for the cookie C0002.\n\t\t\t\t* If the user has given consent, the variable consent will be set to 'grant'.\n\t\t\t\t* If the user has not given consent,the variable consent will be set to 'revoke'.\n\t\t\t\t* Documentation https:\/\/developers.facebook.com\/docs\/meta-pixel\/implementation\/gdpr\n\t\t\t\t*\/\n\t\t\t\tif ( onetrustStorageConsent.C0002 !== true ) {\n\t\t\t\t\tconsent=\"revoke\";\n\t\t\t\t}\n\t\t\t}\n\t\t\t\t!function(f,b,e,v,n,t,s)\n\t\t{if(f.fbq)return;n=f.fbq=function(){n.callMethod?\n\t\tn.callMethod.apply(n,arguments):n.queue.push(arguments)};\n\t\tif(!f._fbq)f._fbq=n;n.push=n;n.loaded=!0;n.version='2.0';\n\t\tn.queue=[];t=b.createElement(e);t.async=!0;\n\t\tt.src=v;s=b.getElementsByTagName(e)[0];\n\t\ts.parentNode.insertBefore(t,s)}(window, document,'script',\n\t\t'https:\/\/connect.facebook.net\/en_US\/fbevents.js');\n\t\tfbq('consent', consent);\n\t\tfbq('init', '989222871864976');\n\t\tfbq('track', 'PageView');\n\t<\/script><script type=\"module\">\n\t\tvar consent=\"grant\";\n\t\t\/* The above code is parsing the JSON data from the local storage and storing it in a variable. *\/\n\t\t\tconst onetrustStorageConsent = JSON.parse(localStorage.getItem( 'consent_one_trust_bdc' ) );\n\t\t\t\/* Checking to see if the user has consented to the use of cookies.\n\t\t\t* If they have not, it is deleting the cookie.\n\t\t\t* This will comment for now, until further notice.\n\t\t\t*\/\n\t\t\t\/\/if ( onetrustStorageConsent.C0002 === false ) {\n\t\t\t\/\/\tdocument.cookie=\"_fbp=;expires=Thu, 01 Jan 2010 00:00:00 UTC; path=\/; domain=.boston.com\";\n\t\t\t\/\/}\n\t\t\t\/* Checking if the user has given consent for the cookie C0002.\n\t\t\t* If the user has given consent, the variable consent will be set to 'grant'.\n\t\t\t* If the user has not given consent,the variable consent will be set to 'revoke'.\n\t\t\t* Documentation https:\/\/developers.facebook.com\/docs\/meta-pixel\/implementation\/gdpr\n\t\t\t*\/\n\t\t\tif ( ( onetrustStorageConsent !== null ) && (onetrustStorageConsent.C0002 !== true ) ) {\n\t\t\t\tconsent=\"revoke\";\n\t\t\t}\n\t\t\t\t!function(f,b,e,v,n,t,s){if(f.fbq)return;n=f.fbq=function()\n\t\t{n.callMethod? n.callMethod.apply(n,arguments):n.queue.push(arguments)}\n\t\t;if(!f._fbq)f._fbq=n;\n\t\tn.push=n;n.loaded=!0;n.version='2.0';n.queue=[];t=b.createElement(e);t.async=!0;\n\t\tt.src=v;s=b.getElementsByTagName(e)[0];s.parentNode.insertBefore(t,s)}(window,\n\t\tdocument,'script','https:\/\/connect.facebook.net\/en_US\/fbevents.js');\n\t\tfbq('consent', consent);\n\t\tfbq('init', '813236348753005');\n\t\tfbq('track', \"PageView\");\n\t<\/script><br \/>\n<br \/><br \/>\n<br \/><a href=\"https:\/\/www.boston.com\/news\/education\/2024\/11\/22\/texas-education-board-approves-optional-bible-infused-curriculum-elementary-schools\/\">Source link <\/a><\/p>","protected":false},"excerpt":{"rendered":"<p>Educa\u00e7\u00e3o Pais e professores que se opuseram ao curr\u00edculo disseram que as aulas afastar\u00e3o os alunos de outras origens religiosas. Uma bandeira do Texas \u00e9 exibida em uma escola prim\u00e1ria&hellip;<\/p>","protected":false},"author":1,"featured_media":64106,"comment_status":"closed","ping_status":"open","sticky":false,"template":"","format":"standard","meta":{"content-type":"","footnotes":""},"categories":[1],"tags":[],"class_list":["post-64105","post","type-post","status-publish","format-standard","has-post-thumbnail","hentry","category-uncategorized"],"_links":{"self":[{"href":"https:\/\/tvbrazilusa.com\/pt\/wp-json\/wp\/v2\/posts\/64105","targetHints":{"allow":["GET"]}}],"collection":[{"href":"https:\/\/tvbrazilusa.com\/pt\/wp-json\/wp\/v2\/posts"}],"about":[{"href":"https:\/\/tvbrazilusa.com\/pt\/wp-json\/wp\/v2\/types\/post"}],"author":[{"embeddable":true,"href":"https:\/\/tvbrazilusa.com\/pt\/wp-json\/wp\/v2\/users\/1"}],"replies":[{"embeddable":true,"href":"https:\/\/tvbrazilusa.com\/pt\/wp-json\/wp\/v2\/comments?post=64105"}],"version-history":[{"count":1,"href":"https:\/\/tvbrazilusa.com\/pt\/wp-json\/wp\/v2\/posts\/64105\/revisions"}],"predecessor-version":[{"id":64107,"href":"https:\/\/tvbrazilusa.com\/pt\/wp-json\/wp\/v2\/posts\/64105\/revisions\/64107"}],"wp:featuredmedia":[{"embeddable":true,"href":"https:\/\/tvbrazilusa.com\/pt\/wp-json\/wp\/v2\/media\/64106"}],"wp:attachment":[{"href":"https:\/\/tvbrazilusa.com\/pt\/wp-json\/wp\/v2\/media?parent=64105"}],"wp:term":[{"taxonomy":"category","embeddable":true,"href":"https:\/\/tvbrazilusa.com\/pt\/wp-json\/wp\/v2\/categories?post=64105"},{"taxonomy":"post_tag","embeddable":true,"href":"https:\/\/tvbrazilusa.com\/pt\/wp-json\/wp\/v2\/tags?post=64105"}],"curies":[{"name":"wp","href":"https:\/\/api.w.org\/{rel}","templated":true}]}}