{"id":64136,"date":"2024-11-22T20:19:07","date_gmt":"2024-11-22T20:19:07","guid":{"rendered":"https:\/\/tvbrazilusa.com\/2024\/11\/22\/indiciamento-de-bolsonaro-vira-teatro-entre-jornalistas-da-globo-assista-video\/"},"modified":"2024-11-22T20:19:08","modified_gmt":"2024-11-22T20:19:08","slug":"indiciamento-de-bolsonaro-vira-teatro-entre-jornalistas-da-globo-assista-video","status":"publish","type":"post","link":"https:\/\/tvbrazilusa.com\/pt\/2024\/11\/22\/indiciamento-de-bolsonaro-vira-teatro-entre-jornalistas-da-globo-assista-video\/","title":{"rendered":"Indiciamento de Bolsonaro vira &#8216;teatro&#8217; entre jornalistas da Globo; ASSISTA V\u00cdDEO"},"content":{"rendered":"<p> <script async src=\"https:\/\/pagead2.googlesyndication.com\/pagead\/js\/adsbygoogle.js?client=ca-pub-8864793242727901\"\r\n     crossorigin=\"anonymous\"><\/script><br \/>\n<\/p>\n<div id=\"taboola-read-more\" style=\"display:block; width:100%\">\n<p>Em um v\u00eddeo divulgado nas redes sociais na quinta-feira 21, jornalistas da Rede Globo de Televis\u00e3o fazem uma esp\u00e9cie de \u201cteatro\u201d para falar do indiciamento do ex-presidente Jair Bolsonaro (PL) e outras 36 pessoas por uma suposta tentativa de golpe de Estado.\n<\/p>\n<p>No v\u00eddeo, profissionais respons\u00e1veis pela produ\u00e7\u00e3o do Jornal Nacional d\u00e3o suas considera\u00e7\u00f5es, construindo uma narrativa. O primeiro menciona a not\u00edcia do indiciamento, afirmando que os envolvidos foram acusados de v\u00e1rios crimes, sem usar a palavra \u201csuposto\u201d. Legalmente, um indiciamento n\u00e3o comprova a ocorr\u00eancia de um crime.<\/p>\n<p>O segundo afirma que \u00e9 necess\u00e1rio falar que o inqu\u00e9rito j\u00e1 est\u00e1 nas m\u00e3os do ministro Alexandre de Moraes, do Supremo Tribunal Federal (STF), e que este ser\u00e1 enviado \u00e0 Procuradoria-Geral da Rep\u00fablica (PGR).\n<\/p>\n<p>Outro afirma que \u00e9 \u201cessencial\u201d ressaltar o envolvimento de \u201cmil\u00edcias digitais, um bra\u00e7o operacional e um bra\u00e7o do governo na tentativa de golpe\u201d. Uma jornalista encerra o v\u00eddeo ao informar que est\u00e1 recebendo notas, v\u00eddeos e declara\u00e7\u00f5es de integrantes dos Tr\u00eas Poderes.\n<\/p>\n<p>Bolsonaro, o candidato a vice na chapa do ex-presidente na elei\u00e7\u00e3o de 2022, general Braga Netto, e outras 35 pessoas foram indiciados pela Pol\u00edcia Federal (PF) por suposta tentativa de golpe de Estado.\n<\/p>\n<p>De acordo com o relat\u00f3rio, que tem mais de 800 p\u00e1ginas, Bolsonaro, Braga Netto e demais aliados cometeram tamb\u00e9m aboli\u00e7\u00e3o violenta do Estado Democr\u00e1tico de Direito e montaram uma organiza\u00e7\u00e3o criminosa.\n<\/p>\n<p>Se a PGR entender que h\u00e1 ind\u00edcios de crime e apresentar uma den\u00fancia, caber\u00e1, ent\u00e3o, ao STF determinar se os investigados v\u00e3o virar r\u00e9us.\n<\/p>\n<p><strong>ASSISTA:<\/strong>\n<\/p>\n<p><strong>Em 2022, jornalistas da Globo comemoraram vit\u00f3ria de Lula<\/strong>\n<\/p>\n<p>Um v\u00eddeo que circulou nas redes sociais mostra jornalistas da reda\u00e7\u00e3o da Globo em comemora\u00e7\u00e3o \u00e0 vit\u00f3ria de Luiz In\u00e1cio Lula da Silva nas elei\u00e7\u00f5es de 2022.\n<\/p>\n<p>Nas imagens, \u00e9 poss\u00edvel ver os profissionais de imprensa ao se abra\u00e7ar, quando o Tribunal Superior Eleitoral (TSE) sacramentou a vit\u00f3ria do petista, com 60.345.999 votos.\n<\/p>\n<p>Em determinado momento, \u00e9 poss\u00edvel ver o momento em que jornalistas falam \u201cacabou, porra\u201d, em alus\u00e3o ao fim do governo Bolsonaro, enquanto se abra\u00e7am efusivamente. A celebra\u00e7\u00e3o ocorreu na reda\u00e7\u00e3o do Jornal Nacional.\n<\/p>\n<p>Na \u00e9poca, procurada pela Revista Oeste, a emissora informou que \u201cn\u00e3o tem qualquer controle sobre escolhas eleitorais de cada um desses profissionais\u201d. \u201cA Globo lamenta que, no ambiente de trabalho, um pequeno grupo tenha, por alguns instantes, esquecido a necess\u00e1ria e habitual pr\u00e1tica de autoconten\u00e7\u00e3o\u201d, comunicou a empresa.\n<\/p>\n<p>Emissora \u00e9 beneficiada pelo governo Lula<br \/>Entre 2023 e 2024, desde o retorno de Lula ao poder, a Rede Globo recebeu R$ 177,2 milh\u00f5es em publicidade do governo federal, por meio da Secretaria de Comunica\u00e7\u00e3o. Esse valor supera os R$ 177 milh\u00f5es destinados \u00e0 emissora durante a gest\u00e3o de Bolsonaro PL, entre 2019 e 2022.\n<\/p>\n<p>Conforme dados apurados pela revista Veja, a an\u00e1lise abrange o per\u00edodo de janeiro a outubro de cada ano. A diferen\u00e7a nos valores destaca uma significativa mudan\u00e7a na distribui\u00e7\u00e3o de verbas publicit\u00e1rias entre os governos.\n<\/p>\n<p>No ano de 2024, a Globo j\u00e1 acumulou R$ 87,2 milh\u00f5es, superando os R$ 86,3 milh\u00f5es recebidos em 2022, que foi o ano de maior investimento do governo Bolsonaro na emissora.\n<\/p>\n<p>Fonte: Revista Oeste              <\/p>\n<\/div>\n<p><br \/>\n<br \/><a href=\"https:\/\/diariodobrasilnoticias.com.br\/noticia\/indiciamento-de-bolsonaro-vira-teatro-entre-jornalistas-da-globo-assista-video-6740c6a240257\">Source link <\/a><\/p>","protected":false},"excerpt":{"rendered":"<p>Em um v\u00eddeo divulgado nas redes sociais na quinta-feira 21, jornalistas da Rede Globo de Televis\u00e3o fazem uma esp\u00e9cie de \u201cteatro\u201d para falar do indiciamento do ex-presidente Jair Bolsonaro (PL)&hellip;<\/p>","protected":false},"author":1,"featured_media":64137,"comment_status":"closed","ping_status":"open","sticky":false,"template":"","format":"standard","meta":{"content-type":"","footnotes":""},"categories":[16],"tags":[123,2448,5313,1267],"class_list":["post-64136","post","type-post","status-publish","format-standard","has-post-thumbnail","hentry","category-noticias","tag-brasil","tag-diario","tag-noticia","tag-noticias"],"_links":{"self":[{"href":"https:\/\/tvbrazilusa.com\/pt\/wp-json\/wp\/v2\/posts\/64136","targetHints":{"allow":["GET"]}}],"collection":[{"href":"https:\/\/tvbrazilusa.com\/pt\/wp-json\/wp\/v2\/posts"}],"about":[{"href":"https:\/\/tvbrazilusa.com\/pt\/wp-json\/wp\/v2\/types\/post"}],"author":[{"embeddable":true,"href":"https:\/\/tvbrazilusa.com\/pt\/wp-json\/wp\/v2\/users\/1"}],"replies":[{"embeddable":true,"href":"https:\/\/tvbrazilusa.com\/pt\/wp-json\/wp\/v2\/comments?post=64136"}],"version-history":[{"count":1,"href":"https:\/\/tvbrazilusa.com\/pt\/wp-json\/wp\/v2\/posts\/64136\/revisions"}],"predecessor-version":[{"id":64138,"href":"https:\/\/tvbrazilusa.com\/pt\/wp-json\/wp\/v2\/posts\/64136\/revisions\/64138"}],"wp:featuredmedia":[{"embeddable":true,"href":"https:\/\/tvbrazilusa.com\/pt\/wp-json\/wp\/v2\/media\/64137"}],"wp:attachment":[{"href":"https:\/\/tvbrazilusa.com\/pt\/wp-json\/wp\/v2\/media?parent=64136"}],"wp:term":[{"taxonomy":"category","embeddable":true,"href":"https:\/\/tvbrazilusa.com\/pt\/wp-json\/wp\/v2\/categories?post=64136"},{"taxonomy":"post_tag","embeddable":true,"href":"https:\/\/tvbrazilusa.com\/pt\/wp-json\/wp\/v2\/tags?post=64136"}],"curies":[{"name":"wp","href":"https:\/\/api.w.org\/{rel}","templated":true}]}}