{"id":64142,"date":"2024-11-20T05:00:00","date_gmt":"2024-11-20T05:00:00","guid":{"rendered":"https:\/\/tvbrazilusa.com\/2024\/11\/20\/henry-organiza-campeonatos-de-tenis-em-cadeira-de-rodas\/"},"modified":"2024-11-22T20:28:49","modified_gmt":"2024-11-22T20:28:49","slug":"henry-organiza-campeonatos-de-tenis-em-cadeira-de-rodas","status":"publish","type":"post","link":"https:\/\/tvbrazilusa.com\/pt\/2024\/11\/20\/henry-organiza-campeonatos-de-tenis-em-cadeira-de-rodas\/","title":{"rendered":"Henry organiza campeonatos de t\u00eanis em cadeira de rodas"},"content":{"rendered":"<script async src=\"https:\/\/pagead2.googlesyndication.com\/pagead\/js\/adsbygoogle.js?client=ca-pub-8864793242727901\"\r\n     crossorigin=\"anonymous\"><\/script>\n<p>Henry County Parks and Recreation sediou o America Wheelchair Tennis Championships da Associa\u00e7\u00e3o de T\u00eanis dos Estados Unidos de 14 a 17 de novembro no Joeann Compton Tennis Center em Richard Craig Park em McDonough. O evento contou com torneios em v\u00e1rios\u2026<br \/>\n<br \/><br \/>\n<br \/><a href=\"https:\/\/www.henryherald.com\/news\/henry-hosts-wheelchair-tennis-championships\/article_a2865162-a532-11ef-aa75-d7bea929accf.html\">Source link <\/a><\/p>","protected":false},"excerpt":{"rendered":"<p>Henry County Parks and Recreation sediou o America Wheelchair Tennis Championships da Associa\u00e7\u00e3o de T\u00eanis dos Estados Unidos de 14 a 17 de novembro no Joeann Compton Tennis Center em&hellip;<\/p>","protected":false},"author":1,"featured_media":64143,"comment_status":"closed","ping_status":"open","sticky":false,"template":"","format":"standard","meta":{"content-type":"","footnotes":""},"categories":[1],"tags":[],"class_list":["post-64142","post","type-post","status-publish","format-standard","has-post-thumbnail","hentry","category-uncategorized"],"_links":{"self":[{"href":"https:\/\/tvbrazilusa.com\/pt\/wp-json\/wp\/v2\/posts\/64142","targetHints":{"allow":["GET"]}}],"collection":[{"href":"https:\/\/tvbrazilusa.com\/pt\/wp-json\/wp\/v2\/posts"}],"about":[{"href":"https:\/\/tvbrazilusa.com\/pt\/wp-json\/wp\/v2\/types\/post"}],"author":[{"embeddable":true,"href":"https:\/\/tvbrazilusa.com\/pt\/wp-json\/wp\/v2\/users\/1"}],"replies":[{"embeddable":true,"href":"https:\/\/tvbrazilusa.com\/pt\/wp-json\/wp\/v2\/comments?post=64142"}],"version-history":[{"count":1,"href":"https:\/\/tvbrazilusa.com\/pt\/wp-json\/wp\/v2\/posts\/64142\/revisions"}],"predecessor-version":[{"id":64144,"href":"https:\/\/tvbrazilusa.com\/pt\/wp-json\/wp\/v2\/posts\/64142\/revisions\/64144"}],"wp:featuredmedia":[{"embeddable":true,"href":"https:\/\/tvbrazilusa.com\/pt\/wp-json\/wp\/v2\/media\/64143"}],"wp:attachment":[{"href":"https:\/\/tvbrazilusa.com\/pt\/wp-json\/wp\/v2\/media?parent=64142"}],"wp:term":[{"taxonomy":"category","embeddable":true,"href":"https:\/\/tvbrazilusa.com\/pt\/wp-json\/wp\/v2\/categories?post=64142"},{"taxonomy":"post_tag","embeddable":true,"href":"https:\/\/tvbrazilusa.com\/pt\/wp-json\/wp\/v2\/tags?post=64142"}],"curies":[{"name":"wp","href":"https:\/\/api.w.org\/{rel}","templated":true}]}}