{"id":64145,"date":"2024-11-22T20:31:04","date_gmt":"2024-11-22T20:31:04","guid":{"rendered":"https:\/\/tvbrazilusa.com\/2024\/11\/22\/urgente-advogado-sugere-que-presidente-comandava-esquema-investigado\/"},"modified":"2024-11-22T20:31:06","modified_gmt":"2024-11-22T20:31:06","slug":"urgente-advogado-sugere-que-presidente-comandava-esquema-investigado","status":"publish","type":"post","link":"https:\/\/tvbrazilusa.com\/pt\/2024\/11\/22\/urgente-advogado-sugere-que-presidente-comandava-esquema-investigado\/","title":{"rendered":"URGENTE: Advogado sugere que presidente comandava esquema investigado"},"content":{"rendered":"<p> <script async src=\"https:\/\/pagead2.googlesyndication.com\/pagead\/js\/adsbygoogle.js?client=ca-pub-8864793242727901\"\r\n     crossorigin=\"anonymous\"><\/script><br \/>\n<\/p>\n<div id=\"taboola-read-more\" style=\"display:block; width:100%\">\n<p>O advogado C\u00e9zar Bittencourt, que defende o tenente-coronel Mauro Cid, disse nesta sexta (22) que o militar confirmou \u00e0 Pol\u00edcia Federal e ao ministro Alexandre de Moraes, do Supremo Tribunal Federal (STF), que o ex-presidente Jair Bolsonaro (PL) sabia de todo o suposto plano de golpe de Estado que, segundo apontou a investiga\u00e7\u00e3o, teria ainda a execu\u00e7\u00e3o de Luiz In\u00e1cio Lula da Silva (PT), Geraldo Alckmin (PSB) e do pr\u00f3prio magistrado.\n<\/p>\n<p>As investiga\u00e7\u00f5es baseadas, em parte na dela\u00e7\u00e3o premiada firmada por ele com as autoridades, levaram ao indiciamento de Bolsonaro e mais 36 pessoas nesta quinta (21).<\/p>\n<p>\u201cConfirmou sim [que Bolsonaro sabia do plano], ele tem uma linha de pensamento, a vers\u00e3o verdadeira dos fatos. N\u00e3o tem interesse nenhum que n\u00e3o seja responder aquilo que a justi\u00e7a est\u00e1 pedindo. Ele participou como assessor, verificou e indicou inclusive o seu chefe que teria a lideran\u00e7a dos fatos\u201d, disse em entrevista \u00e0 GloboNews.\n<\/p>\n<p>Bolsonaro &#8220;comandava organiza\u00e7\u00e3o&#8221;, diz advogado<br \/>Segundo Cezar Bittencourt, Mauro Cid \u201cconfirma que [Bolsonaro] sabia sim [do plano de golpe de Estado]. Na verdade, o presidente de ent\u00e3o sabia tudo, ali\u00e1s \u00e9 a pessoa que comandava essa organiza\u00e7\u00e3o. Tanto que ele acabou sendo denunciado, pra gente ver com a den\u00fancia do Minist\u00e9rio P\u00fablico por esses fatos\u201d.\n<\/p>\n<p>Ele chegou a sinalizar que Bolsonaro tamb\u00e9m teria conhecimento do plano de execu\u00e7\u00e3o de Lula, mas depois recuou e afirmou que &#8220;eu n\u00e3o falei plano de morte, plano de execu\u00e7\u00e3o, de execu\u00e7\u00e3o como sendo o plano de morte. Falei da execu\u00e7\u00e3o do plano pensado, imaginado, desenvolvido, nesse sentido. [&#8230;] Eu n\u00e3o sei que tipo de golpe poderia ser. Agora, [Bolsonaro] tinha interesse no acontecimento que estava acontecendo aqueles dias, o presidente sabia&#8221;.\n<\/p>\n<p>O advogado afirmou que Cid era assessor direto do ex-presidente \u2013 foi ajudante de ordens durante todo o mandato \u2013, mas que n\u00e3o tem detalhes mais a fundo al\u00e9m das reuni\u00f5es que participava, como a realizada em meados de julho de 2022 e que vazou para a imprensa. Na \u00e9poca, alguns ministros propuseram uma a\u00e7\u00e3o antes das elei\u00e7\u00f5es.\n<\/p>\n<p>\u201cEle [Cid] confirmou sim todos os fatos, a decis\u00e3o, e indicou que tipo de infra\u00e7\u00e3o que teria cometido. Ontem [quinta, 21] foi s\u00f3 o coroamento desses fatos, agora vem a conclus\u00e3o deve ir para a Procuradoria-Geral da Rep\u00fablica (PGR) elaborar daqui a uma semana, provavelmente vai precisar de 60 a 90 dias para analisar as mais de 800 p\u00e1ginas de procedimento\u201d, emendou.\n<\/p>\n<p>Mauro Cid prestou depoimento a Moraes por mais de tr\u00eas horas no momento em que a Pol\u00edcia Federal enviava o relat\u00f3rio com o indiciamento de Bolsonaro ao STF, e chegou a pedir a anula\u00e7\u00e3o da dela\u00e7\u00e3o premiada por suspeita de omiss\u00e3o de informa\u00e7\u00f5es.\n<\/p>\n<p>A Opera\u00e7\u00e3o Contragolpe desencadeada na \u00faltima ter\u00e7a (19), que prendeu quatro militares e um policial federal, foi baseada em dados que ele tinha deletado de seus aparelhos, mas que outros investigados deram ind\u00edcios em depoimentos anteriores \u2013 o que levou a PF a determinar uma per\u00edcia mais minuciosa que recuperou estas informa\u00e7\u00f5es.\n<\/p>\n<p>Cezar Bittencourt diz que orientou Cid a falar a Moraes o que sabia, dos fatos que conhecia. \u201cN\u00e3o adianta dourar a p\u00edlula, doa a quem doer, voc\u00ea vai ter que dizer a verdade, aquilo que voc\u00ea sabe at\u00e9 para o seu pr\u00f3prio benef\u00edcio\u201d, disse sobre a audi\u00eancia com Moraes.\n<\/p>\n<p>Ainda segundo ele, Cid j\u00e1 falou \u00e0 Justi\u00e7a tudo o que sabia sobre os planos, que ficou muito nervoso no dia da audi\u00eancia com Moraes \u2013 que foi muito dura \u2013, mas que a dela\u00e7\u00e3o foi mantida. No entanto, disse n\u00e3o ter uma previs\u00e3o de quando deve ser o julgamento, possivelmente apenas em meados de 2025 segundo ouviu na m\u00eddia.\n<\/p>\n<p>Fonte: Gazeta do Povo              <\/p>\n<\/div>\n<p><br \/>\n<br \/><a href=\"https:\/\/diariodobrasilnoticias.com.br\/noticia\/urgente-advogado-sugere-que-presidente-comandava-esquema-investigado-6740cc93c17f2\">Source link <\/a><\/p>","protected":false},"excerpt":{"rendered":"<p>O advogado C\u00e9zar Bittencourt, que defende o tenente-coronel Mauro Cid, disse nesta sexta (22) que o militar confirmou \u00e0 Pol\u00edcia Federal e ao ministro Alexandre de Moraes, do Supremo Tribunal&hellip;<\/p>","protected":false},"author":1,"featured_media":64146,"comment_status":"closed","ping_status":"open","sticky":false,"template":"","format":"standard","meta":{"content-type":"","footnotes":""},"categories":[16],"tags":[123,2448,5313,1267],"class_list":["post-64145","post","type-post","status-publish","format-standard","has-post-thumbnail","hentry","category-noticias","tag-brasil","tag-diario","tag-noticia","tag-noticias"],"_links":{"self":[{"href":"https:\/\/tvbrazilusa.com\/pt\/wp-json\/wp\/v2\/posts\/64145","targetHints":{"allow":["GET"]}}],"collection":[{"href":"https:\/\/tvbrazilusa.com\/pt\/wp-json\/wp\/v2\/posts"}],"about":[{"href":"https:\/\/tvbrazilusa.com\/pt\/wp-json\/wp\/v2\/types\/post"}],"author":[{"embeddable":true,"href":"https:\/\/tvbrazilusa.com\/pt\/wp-json\/wp\/v2\/users\/1"}],"replies":[{"embeddable":true,"href":"https:\/\/tvbrazilusa.com\/pt\/wp-json\/wp\/v2\/comments?post=64145"}],"version-history":[{"count":1,"href":"https:\/\/tvbrazilusa.com\/pt\/wp-json\/wp\/v2\/posts\/64145\/revisions"}],"predecessor-version":[{"id":64147,"href":"https:\/\/tvbrazilusa.com\/pt\/wp-json\/wp\/v2\/posts\/64145\/revisions\/64147"}],"wp:featuredmedia":[{"embeddable":true,"href":"https:\/\/tvbrazilusa.com\/pt\/wp-json\/wp\/v2\/media\/64146"}],"wp:attachment":[{"href":"https:\/\/tvbrazilusa.com\/pt\/wp-json\/wp\/v2\/media?parent=64145"}],"wp:term":[{"taxonomy":"category","embeddable":true,"href":"https:\/\/tvbrazilusa.com\/pt\/wp-json\/wp\/v2\/categories?post=64145"},{"taxonomy":"post_tag","embeddable":true,"href":"https:\/\/tvbrazilusa.com\/pt\/wp-json\/wp\/v2\/tags?post=64145"}],"curies":[{"name":"wp","href":"https:\/\/api.w.org\/{rel}","templated":true}]}}