{"id":64151,"date":"2024-11-22T20:32:01","date_gmt":"2024-11-22T20:32:01","guid":{"rendered":"https:\/\/tvbrazilusa.com\/2024\/11\/22\/em-uma-grande-mudanca-para-o-sistema-de-abrigo-healey-buscara-um-limite-de-seis-meses-para-estadias-e-eliminara-gradualmente-os-hoteis\/"},"modified":"2024-11-22T20:37:10","modified_gmt":"2024-11-22T20:37:10","slug":"em-uma-grande-mudanca-para-o-sistema-de-abrigo-healey-buscara-um-limite-de-seis-meses-para-estadias-e-eliminara-gradualmente-os-hoteis","status":"publish","type":"post","link":"https:\/\/tvbrazilusa.com\/pt\/2024\/11\/22\/em-uma-grande-mudanca-para-o-sistema-de-abrigo-healey-buscara-um-limite-de-seis-meses-para-estadias-e-eliminara-gradualmente-os-hoteis\/","title":{"rendered":"Em uma grande mudan\u00e7a para o sistema de abrigo, Healey buscar\u00e1 um limite de seis meses para estadias e eliminar\u00e1 gradualmente os hot\u00e9is"},"content":{"rendered":"<p> <script async src=\"https:\/\/pagead2.googlesyndication.com\/pagead\/js\/adsbygoogle.js?client=ca-pub-8864793242727901\"\r\n     crossorigin=\"anonymous\"><\/script><br \/>\n<\/p>\n<div id=\"\">\n<header class=\"m-article-header m-article-header--standard\">\n\t\t\t\t\t\t\t\t\t\t\t\t<span id=\"article-header-primary-term\"><br \/>\n\t\t\t\t\t\t\t\t<a class=\"a-term a-term--primary\" href=\"https:\/\/www.boston.com\/tag\/local-news\/\"><\/p>\n<p>\t\t\t\t\t\t\t\tNot\u00edcias locais\t\t\t\t\t\t\t\t<\/a><br \/>\n\t\t\t\t\t\t\t<\/span><\/p>\n<h2 class=\"m-article-header__sub-headline\">A administra\u00e7\u00e3o Healey introduzir\u00e1 um sistema duplo para fam\u00edlias que procuram abrigo. Um oferecer\u00e1 estadias de 30 dias, o outro permitir\u00e1 que as fam\u00edlias fiquem em abrigos por seis meses.<\/h2>\n<figure class=\"a-photo m-article-header__photo\"><figcaption class=\"a-photo__caption\">\n<p>\tGovernadora Maura Healey. <em> Pat Greenhouse\/Boston Globe <\/em>\t<\/figcaption><\/figure>\n<\/header>\n<p>Governador de Massachusetts <a href=\"https:\/\/www.boston.com\/tag\/maura-healey\/\">Maura Healey<\/a> <a href=\"https:\/\/www.mass.gov\/news\/healey-driscoll-administration-announces-systemwide-changes-to-lower-shelter-costs\">anunciado <\/a>uma s\u00e9rie de mudan\u00e7as importantes no sobrecarregado sistema de abrigos de emerg\u00eancia do estado na sexta-feira, enquanto sua administra\u00e7\u00e3o tenta administrar custos e restri\u00e7\u00f5es de espa\u00e7o exacerbados pelo alto custo de vida em Massachusetts e um influxo de migrantes. <\/p>\n<p>A administra\u00e7\u00e3o introduzir\u00e1 um sistema de duas vias para fam\u00edlias eleg\u00edveis: uma oferece \u00e0s fam\u00edlias sem-abrigo e migrantes uma estadia em abrigo de 30 dias e a outra oferece uma estadia de seis meses. O estado tamb\u00e9m come\u00e7ar\u00e1 a \u201celiminar gradualmente\u201d o uso de hot\u00e9is e mot\u00e9is para abrigar fam\u00edlias que precisam de abrigo. <\/p>\n<p>O sistema de abrigo, que dever\u00e1 custar quase 1,1 mil milh\u00f5es de d\u00f3lares no ano fiscal de 2025, tornou-se \u201ccada vez mais insustent\u00e1vel\u201d nos \u00faltimos anos, disse Healey. Apesar das \u201ca\u00e7\u00f5es significativas\u201d e dos \u201cresultados tang\u00edveis\u201d, as mudan\u00e7as anunciadas na sexta-feira s\u00e3o necess\u00e1rias para controlar os custos e ajudar mais fam\u00edlias a encontrar habita\u00e7\u00e3o est\u00e1vel, disse ela. <\/p>\n<p>\u201c\u00c9 preciso fazer mais para que os contribuintes de Massachusetts n\u00e3o continuem presos a este problema federal. As mudan\u00e7as que estamos a fazer reduzir\u00e3o custos, eliminar\u00e3o gradualmente a utiliza\u00e7\u00e3o de hot\u00e9is e atender\u00e3o melhor \u00e0s necessidades de todas as fam\u00edlias\u201d, disse Healey num comunicado. <\/p>\n<p>Quando o sistema de abrigo atingiu a capacidade m\u00e1xima no ano passado, as autoridades criaram uma s\u00e9rie de locais de abrigo em todo o estado. Em agosto, Healey implementou um <a href=\"https:\/\/www.boston.com\/news\/local-news\/2024\/07\/23\/healey-announces-major-shelter-system-changes-caps-stays-at-overflow-sites-to-5-days\/\">novo sistema de prioriza\u00e7\u00e3o<\/a> para fam\u00edlias e estadias limitadas em locais de transbordamento, ou \u201ccentros de descanso tempor\u00e1rio\u201d, a cinco dias para aqueles que n\u00e3o s\u00e3o priorizados. Agora, as fam\u00edlias alojadas nesses locais ter\u00e3o a op\u00e7\u00e3o de permanecer por 30 dias no sistema de duas vias. <\/p>\n<p>A partir de 10 de dezembro, as fam\u00edlias que solicitarem abrigo ser\u00e3o \u201cavaliadas de acordo com seu risco e necessidade\u201d e designadas para o \u201cRapid Shelter Track\u201d ou o \u201cBridge Shelter Track\u201d. As fam\u00edlias n\u00e3o poder\u00e3o escolher entre as faixas. <\/p>\n<p>A via r\u00e1pida destina-se a fam\u00edlias que o Estado considera que est\u00e3o bem posicionadas para garantir rapidamente habita\u00e7\u00e3o permanente auto-suficiente. Ser\u00e3o oferecidos 30 dias \u00fateis nos centros de descanso, com algumas prorroga\u00e7\u00f5es. <\/p>\n<p>A via da ponte ser\u00e1 reservada para fam\u00edlias de \u201calto risco\u201d e aquelas com \u201cnecessidades complexas\u201d, como pessoas com defici\u00eancia intelectual ou de desenvolvimento ou mulheres com gravidez tardia. Aqueles colocados nesta faixa ser\u00e3o eleg\u00edveis para estadias de seis meses, dependendo da aprova\u00e7\u00e3o legislativa. <\/p>\n<p>Na primavera, o abrigo coberto pelo Legislativo permanece em <a href=\"https:\/\/www.boston.com\/news\/politics\/2024\/05\/01\/homeless-families-limits-shelter-stays-massachusetts-grapples-migrant-influx\/\">nove meses<\/a>. A administra\u00e7\u00e3o Healey quer agora reduzir este limite para seis meses.  <\/p>\n<p>\u201cQueremos ser claros com as fam\u00edlias: estamos buscando seis [months] ent\u00e3o ningu\u00e9m sente que n\u00e3o tem as expectativas certas\u201d, disse o tenente-governador Kim Driscoll <a href=\"https:\/\/www.bostonglobe.com\/2024\/11\/22\/metro\/maura-healey-emergency-shelter-migrant-families-six-month-limit\/\"><em>O Globo de Boston<\/em><\/a>. \u201cAchamos que seis meses s\u00e3o alcan\u00e7\u00e1veis. Prevejo que se as pessoas conseguirem encontrar moradia antes de seis meses, elas aceitar\u00e3o.\u201d<\/p>\n<p>Driscoll presidiu a Comiss\u00e3o Especial sobre Programas de Assist\u00eancia Habitacional de Emerg\u00eancia, que divulgou um <a href=\"https:\/\/www.mass.gov\/doc\/ea-commission-final-report\/download\">relat\u00f3rio detalhado<\/a> no sistema de abrigo de emerg\u00eancia na ter\u00e7a-feira. O an\u00fancio de sexta-feira foi elaborado com base nas recomenda\u00e7\u00f5es delineadas nesse relat\u00f3rio, disse o governo. <\/p>\n<p>Na quinta-feira, quase metade das 7.115 fam\u00edlias do sistema de abrigo estavam hospedadas em hot\u00e9is e mot\u00e9is, de acordo com <a href=\"https:\/\/www.mass.gov\/info-details\/emergency-assistance-ea-family-shelter-resources-and-data\">dados do estado<\/a>. Mas a contrata\u00e7\u00e3o com hot\u00e9is tem sido o \u201cmodelo de abrigo mais caro\u201d e n\u00e3o proporciona um ambiente ideal para quem procura abrigo, disseram as autoridades. Assim, o uso de hot\u00e9is ser\u00e1 gradualmente eliminado ao longo dos anos fiscais de 2025 e 2026. A administra\u00e7\u00e3o n\u00e3o divulgou explica\u00e7\u00f5es detalhadas sobre como isso acontecer\u00e1, mas disse que a abordagem ser\u00e1 baseada em \u201cdiscuss\u00f5es com fornecedores\u201d e que as fam\u00edlias ser\u00e3o notificadas em breve. avan\u00e7ar. <\/p>\n<p>A administra\u00e7\u00e3o afirma que est\u00e1 se concentrando na expans\u00e3o dos programas atuais para ajudar mais fam\u00edlias a sair do sistema de abrigo. O relat\u00f3rio da comiss\u00e3o constatou um \u201ccrescimento extraordin\u00e1rio\u201d nas sa\u00eddas mensais de abrigos durante o ano passado, de um m\u00ednimo de 163 em Setembro de 2023 para um m\u00e1ximo de 475 em Setembro passado. Uma ferramenta crucial para ajudar as fam\u00edlias a garantir moradia \u00e9 <a href=\"https:\/\/www.mass.gov\/info-details\/homebase\">HomeBASE<\/a>um programa que fornece dinheiro para ajudar a pagar aluguel, despesas de mudan\u00e7a, custos de servi\u00e7os p\u00fablicos e m\u00f3veis.<\/p>\n<p>As autoridades estatais est\u00e3o agora a propor altera\u00e7\u00f5es legislativas ao HomeBASE que aumentariam os subs\u00eddios tempor\u00e1rios de arrendamento. Atualmente, as fam\u00edlias s\u00e3o eleg\u00edveis para um total de US$ 30.000 em dois anos ou US$ 45.000 em tr\u00eas anos. As mudan\u00e7as propostas permitiriam que as fam\u00edlias garantissem US$ 25.000 em assist\u00eancia de aluguel por ano, durante dois anos.    <\/p>\n<div class=\"o-author-single no-avatar\">\n<header class=\"m-author-card\">\n<div class=\"m-author-card__text\">\n<h3 class=\"m-author-card__title\"><a href=\"https:\/\/www.boston.com\/author\/ross.cristantiello\">Ross Cristantiello<\/a><\/h3>\n<p><span class=\"m-author-card__subtitle\">Redator da equipe<\/span>\t<\/div>\n<\/header>\n<section class=\"author-info\">\n<hr class=\"m-author__section--hr\"\/>\n<div class=\"m-author__section\">\n<p>Ross Cristantiello, rep\u00f3rter de not\u00edcias gerais do Boston.com desde 2022, cobre pol\u00edtica local, crime, meio ambiente e muito mais.<\/p>\n<\/div>\n<hr class=\"m-author__section--hr\"\/>\t<\/section>\n<\/div>\n<div class=\"m-block m-generic-cta\t m-generic-cta--post-content\t m-generic-cta--dark\t m-generic-cta--homepage\t m-generic-cta--email-signup\t\t m-generic-cta-block-style--default \tt-amp__generic-cta\"><\/p>\n<div class=\"m-generic-cta__wrap\">\n<div class=\"m-generic-cta__content\">\n<h3 class=\"m-generic-cta__title\">Boston.com hoje<\/h3>\n<p class=\"m-generic-cta__subtitle\">Inscreva-se para receber as \u00faltimas manchetes em sua caixa de entrada todas as manh\u00e3s.<\/p>\n<\/p><\/div>\n<\/p><\/div>\n<\/div><\/div>\n<p><script>\n\t\tvar consent=\"grant\";\n\t\t\/* The above code is parsing the JSON data from the local storage and storing it in a variable. *\/\n\t\t\t\t\tconst onetrustStorageConsent = JSON.parse(localStorage.getItem( 'consent_one_trust_bdc' ) );\n\t\t\tif ( ( onetrustStorageConsent !== null ) ) {\n\t\t\t\t\/* Checking to see if the user has consented to the use of cookies.\n\t\t\t\t* If they have not, it is deleting the cookie.\n\t\t\t\t* This will comment for now, until further notice.\n\t\t\t\t*\/\n\t\t\t\t\/\/if ( onetrustStorageConsent.C0002 === false ) {\n\t\t\t\t\/\/\tdocument.cookie=\"_fbp=;expires=Thu, 01 Jan 2010 00:00:00 UTC; path=\/; domain=.boston.com\";\n\t\t\t\t\/\/}\n\t\t\t\t\/* Checking if the user has given consent for the cookie C0002.\n\t\t\t\t* If the user has given consent, the variable consent will be set to 'grant'.\n\t\t\t\t* If the user has not given consent,the variable consent will be set to 'revoke'.\n\t\t\t\t* Documentation https:\/\/developers.facebook.com\/docs\/meta-pixel\/implementation\/gdpr\n\t\t\t\t*\/\n\t\t\t\tif ( onetrustStorageConsent.C0002 !== true ) {\n\t\t\t\t\tconsent=\"revoke\";\n\t\t\t\t}\n\t\t\t}\n\t\t\t\t!function(f,b,e,v,n,t,s)\n\t\t{if(f.fbq)return;n=f.fbq=function(){n.callMethod?\n\t\tn.callMethod.apply(n,arguments):n.queue.push(arguments)};\n\t\tif(!f._fbq)f._fbq=n;n.push=n;n.loaded=!0;n.version='2.0';\n\t\tn.queue=[];t=b.createElement(e);t.async=!0;\n\t\tt.src=v;s=b.getElementsByTagName(e)[0];\n\t\ts.parentNode.insertBefore(t,s)}(window, document,'script',\n\t\t'https:\/\/connect.facebook.net\/en_US\/fbevents.js');\n\t\tfbq('consent', consent);\n\t\tfbq('init', '989222871864976');\n\t\tfbq('track', 'PageView');\n\t<\/script><script type=\"module\">\n\t\tvar consent=\"grant\";\n\t\t\/* The above code is parsing the JSON data from the local storage and storing it in a variable. *\/\n\t\t\tconst onetrustStorageConsent = JSON.parse(localStorage.getItem( 'consent_one_trust_bdc' ) );\n\t\t\t\/* Checking to see if the user has consented to the use of cookies.\n\t\t\t* If they have not, it is deleting the cookie.\n\t\t\t* This will comment for now, until further notice.\n\t\t\t*\/\n\t\t\t\/\/if ( onetrustStorageConsent.C0002 === false ) {\n\t\t\t\/\/\tdocument.cookie=\"_fbp=;expires=Thu, 01 Jan 2010 00:00:00 UTC; path=\/; domain=.boston.com\";\n\t\t\t\/\/}\n\t\t\t\/* Checking if the user has given consent for the cookie C0002.\n\t\t\t* If the user has given consent, the variable consent will be set to 'grant'.\n\t\t\t* If the user has not given consent,the variable consent will be set to 'revoke'.\n\t\t\t* Documentation https:\/\/developers.facebook.com\/docs\/meta-pixel\/implementation\/gdpr\n\t\t\t*\/\n\t\t\tif ( ( onetrustStorageConsent !== null ) && (onetrustStorageConsent.C0002 !== true ) ) {\n\t\t\t\tconsent=\"revoke\";\n\t\t\t}\n\t\t\t\t!function(f,b,e,v,n,t,s){if(f.fbq)return;n=f.fbq=function()\n\t\t{n.callMethod? n.callMethod.apply(n,arguments):n.queue.push(arguments)}\n\t\t;if(!f._fbq)f._fbq=n;\n\t\tn.push=n;n.loaded=!0;n.version='2.0';n.queue=[];t=b.createElement(e);t.async=!0;\n\t\tt.src=v;s=b.getElementsByTagName(e)[0];s.parentNode.insertBefore(t,s)}(window,\n\t\tdocument,'script','https:\/\/connect.facebook.net\/en_US\/fbevents.js');\n\t\tfbq('consent', consent);\n\t\tfbq('init', '813236348753005');\n\t\tfbq('track', \"PageView\");\n\t<\/script><br \/>\n<br \/><br \/>\n<br \/><a href=\"https:\/\/www.boston.com\/news\/local-news\/2024\/11\/22\/in-big-shift-to-shelter-system-healey-will-seek-six-month-limit-on-stays-and-phase-out-hotels\/\">Source link <\/a><\/p>","protected":false},"excerpt":{"rendered":"<p>Not\u00edcias locais A administra\u00e7\u00e3o Healey introduzir\u00e1 um sistema duplo para fam\u00edlias que procuram abrigo. Um oferecer\u00e1 estadias de 30 dias, o outro permitir\u00e1 que as fam\u00edlias fiquem em abrigos por&hellip;<\/p>","protected":false},"author":1,"featured_media":64152,"comment_status":"closed","ping_status":"open","sticky":false,"template":"","format":"standard","meta":{"content-type":"","footnotes":""},"categories":[1],"tags":[],"class_list":["post-64151","post","type-post","status-publish","format-standard","has-post-thumbnail","hentry","category-uncategorized"],"_links":{"self":[{"href":"https:\/\/tvbrazilusa.com\/pt\/wp-json\/wp\/v2\/posts\/64151","targetHints":{"allow":["GET"]}}],"collection":[{"href":"https:\/\/tvbrazilusa.com\/pt\/wp-json\/wp\/v2\/posts"}],"about":[{"href":"https:\/\/tvbrazilusa.com\/pt\/wp-json\/wp\/v2\/types\/post"}],"author":[{"embeddable":true,"href":"https:\/\/tvbrazilusa.com\/pt\/wp-json\/wp\/v2\/users\/1"}],"replies":[{"embeddable":true,"href":"https:\/\/tvbrazilusa.com\/pt\/wp-json\/wp\/v2\/comments?post=64151"}],"version-history":[{"count":1,"href":"https:\/\/tvbrazilusa.com\/pt\/wp-json\/wp\/v2\/posts\/64151\/revisions"}],"predecessor-version":[{"id":64153,"href":"https:\/\/tvbrazilusa.com\/pt\/wp-json\/wp\/v2\/posts\/64151\/revisions\/64153"}],"wp:featuredmedia":[{"embeddable":true,"href":"https:\/\/tvbrazilusa.com\/pt\/wp-json\/wp\/v2\/media\/64152"}],"wp:attachment":[{"href":"https:\/\/tvbrazilusa.com\/pt\/wp-json\/wp\/v2\/media?parent=64151"}],"wp:term":[{"taxonomy":"category","embeddable":true,"href":"https:\/\/tvbrazilusa.com\/pt\/wp-json\/wp\/v2\/categories?post=64151"},{"taxonomy":"post_tag","embeddable":true,"href":"https:\/\/tvbrazilusa.com\/pt\/wp-json\/wp\/v2\/tags?post=64151"}],"curies":[{"name":"wp","href":"https:\/\/api.w.org\/{rel}","templated":true}]}}