{"id":64157,"date":"2024-11-22T20:44:37","date_gmt":"2024-11-22T20:44:37","guid":{"rendered":"https:\/\/tvbrazilusa.com\/2024\/11\/22\/era-sempre-uma-disputa-voce-ou-eu-afirma-merkel-sobre-trump\/"},"modified":"2024-11-22T20:44:38","modified_gmt":"2024-11-22T20:44:38","slug":"era-sempre-uma-disputa-voce-ou-eu-afirma-merkel-sobre-trump","status":"publish","type":"post","link":"https:\/\/tvbrazilusa.com\/pt\/2024\/11\/22\/era-sempre-uma-disputa-voce-ou-eu-afirma-merkel-sobre-trump\/","title":{"rendered":"&#8216;Era sempre uma disputa: voc\u00ea ou eu&#8217;, afirma Merkel sobre Trump"},"content":{"rendered":"<p> <script async src=\"https:\/\/pagead2.googlesyndication.com\/pagead\/js\/adsbygoogle.js?client=ca-pub-8864793242727901\"\r\n     crossorigin=\"anonymous\"><\/script><br \/>\n<\/p>\n<div id=\"taboola-read-more\" style=\"display:block; width:100%\">\n<p>Em entrevista \u00e0 revista alem\u00e3 Der Spiegel, publicada nesta sexta-feira, 22 de novembro, a ex-chanceler da Alemanha, Angela Merkel, expressou seu pesar pelo retorno de Donald Trump ao poder, descrevendo cada encontro com o ex-presidente norte-americano como uma disputa constante. \u201cEra sempre uma competi\u00e7\u00e3o: voc\u00ea ou eu\u201d, afirmou Merkel.\n<\/p>\n<p>Merkel destacou que Trump representa um desafio global, especialmente para o multilateralismo. \u201cO que nos aguarda agora n\u00e3o \u00e9 f\u00e1cil\u201d, comentou ela, salientando que o presidente dos Estados Unidos tem o respaldo da economia mais poderosa do mundo e do d\u00f3lar como moeda predominante.<\/p>\n<p>Durante seus 16 anos de mandato, Merkel trabalhou com quatro presidentes americanos, incluindo Trump, cujo primeiro mandato foi notoriamente o per\u00edodo mais tenso nas rela\u00e7\u00f5es entre Alemanha e Estados Unidos.\n<\/p>\n<p>AR<br \/>Em entrevista \u00e0 revista alem\u00e3 Der Spiegel, publicada nesta sexta-feira, 22 de novembro, a ex-chanceler da Alemanha, Angela Merkel, expressou seu pesar pelo retorno de Donald Trump ao poder, descrevendo cada encontro com o ex-presidente norte-americano como uma disputa constante. \u201cEra sempre uma competi\u00e7\u00e3o: voc\u00ea ou eu\u201d, afirmou Merkel.\n<\/p>\n<p>Merkel destacou que Trump representa um desafio global, especialmente para o multilateralismo. \u201cO que nos aguarda agora n\u00e3o \u00e9 f\u00e1cil\u201d, comentou ela, salientando que o presidente dos Estados Unidos tem o respaldo da economia mais poderosa do mundo e do d\u00f3lar como moeda predominante.\n<\/p>\n<p>Sem apertos de m\u00e3os\n<\/p>\n<p>Durante seus 16 anos de mandato, Merkel trabalhou com quatro presidentes americanos, incluindo Trump, cujo primeiro mandato foi notoriamente o per\u00edodo mais tenso nas rela\u00e7\u00f5es entre Alemanha e Estados Unidos.\n<\/p>\n<p>A ex-chanceler relembrou um momento emblem\u00e1tico em mar\u00e7o de 2017 na Casa Branca, quando pediu discretamente a Trump para dar um aperto de m\u00e3o para os fot\u00f3grafos. A solicita\u00e7\u00e3o foi ignorada por Trump, que permaneceu olhando \u00e0 frente com as m\u00e3os juntas.\n<\/p>\n<p>Segundo Merkel, sua tentativa de promover o aperto de m\u00e3o tinha a inten\u00e7\u00e3o de ser construtiva, acreditando que talvez ele n\u00e3o tivesse percebido o desejo dos fot\u00f3grafos. Contudo, ela concluiu que a recusa fazia parte de uma estrat\u00e9gia deliberada do ent\u00e3o presidente.\n<\/p>\n<p><strong>Natureza competitiva<\/strong><br \/>Segundo Merkel, Trump \u00e9 curioso e busca informa\u00e7\u00f5es para us\u00e1-las em seu benef\u00edcio pr\u00f3prio. \u201cQuanto mais pessoas na sala, maior \u00e9 seu desejo de sair como vencedor\u201d, acrescentou ela, destacando a natureza competitiva dos encontros com Trump.\n<\/p>\n<p>Merkel tamb\u00e9m expressou tristeza pela vit\u00f3ria de Trump sobre Kamala Harris nas elei\u00e7\u00f5es presidenciais de 5 de novembro. Ela revelou sua decep\u00e7\u00e3o por Hillary Clinton n\u00e3o ter vencido em 2016 e manifestou agora que teria preferido um resultado diferente.\n<\/p>\n<p>Aos 70 anos, Merkel, uma democrata crist\u00e3 de centro-direita que tem mantido um perfil discreto desde que deixou o cargo no final de 2021, est\u00e1 prestes a lan\u00e7ar suas mem\u00f3rias na pr\u00f3xima semana.\n<\/p>\n<p>Fonte: O Antagonista              <\/p>\n<\/div>\n<p><br \/>\n<br \/><a href=\"https:\/\/diariodobrasilnoticias.com.br\/noticia\/-era-sempre-uma-disputa-voce-ou-eu-afirma-merkel-sobre-trump-6740c849033b9\">Source link <\/a><\/p>","protected":false},"excerpt":{"rendered":"<p>Em entrevista \u00e0 revista alem\u00e3 Der Spiegel, publicada nesta sexta-feira, 22 de novembro, a ex-chanceler da Alemanha, Angela Merkel, expressou seu pesar pelo retorno de Donald Trump ao poder, descrevendo&hellip;<\/p>","protected":false},"author":1,"featured_media":64158,"comment_status":"closed","ping_status":"open","sticky":false,"template":"","format":"standard","meta":{"content-type":"","footnotes":""},"categories":[16],"tags":[123,2448,5313,1267],"class_list":["post-64157","post","type-post","status-publish","format-standard","has-post-thumbnail","hentry","category-noticias","tag-brasil","tag-diario","tag-noticia","tag-noticias"],"_links":{"self":[{"href":"https:\/\/tvbrazilusa.com\/pt\/wp-json\/wp\/v2\/posts\/64157","targetHints":{"allow":["GET"]}}],"collection":[{"href":"https:\/\/tvbrazilusa.com\/pt\/wp-json\/wp\/v2\/posts"}],"about":[{"href":"https:\/\/tvbrazilusa.com\/pt\/wp-json\/wp\/v2\/types\/post"}],"author":[{"embeddable":true,"href":"https:\/\/tvbrazilusa.com\/pt\/wp-json\/wp\/v2\/users\/1"}],"replies":[{"embeddable":true,"href":"https:\/\/tvbrazilusa.com\/pt\/wp-json\/wp\/v2\/comments?post=64157"}],"version-history":[{"count":1,"href":"https:\/\/tvbrazilusa.com\/pt\/wp-json\/wp\/v2\/posts\/64157\/revisions"}],"predecessor-version":[{"id":64159,"href":"https:\/\/tvbrazilusa.com\/pt\/wp-json\/wp\/v2\/posts\/64157\/revisions\/64159"}],"wp:featuredmedia":[{"embeddable":true,"href":"https:\/\/tvbrazilusa.com\/pt\/wp-json\/wp\/v2\/media\/64158"}],"wp:attachment":[{"href":"https:\/\/tvbrazilusa.com\/pt\/wp-json\/wp\/v2\/media?parent=64157"}],"wp:term":[{"taxonomy":"category","embeddable":true,"href":"https:\/\/tvbrazilusa.com\/pt\/wp-json\/wp\/v2\/categories?post=64157"},{"taxonomy":"post_tag","embeddable":true,"href":"https:\/\/tvbrazilusa.com\/pt\/wp-json\/wp\/v2\/tags?post=64157"}],"curies":[{"name":"wp","href":"https:\/\/api.w.org\/{rel}","templated":true}]}}