{"id":64171,"date":"2024-11-22T21:01:27","date_gmt":"2024-11-22T21:01:27","guid":{"rendered":"https:\/\/tvbrazilusa.com\/2024\/11\/22\/educadores-de-gloucester-encerram-greve-apos-chegar-a-acordo-provisorio\/"},"modified":"2024-11-22T21:08:40","modified_gmt":"2024-11-22T21:08:40","slug":"educadores-de-gloucester-encerram-greve-apos-chegar-a-acordo-provisorio","status":"publish","type":"post","link":"https:\/\/tvbrazilusa.com\/pt\/2024\/11\/22\/educadores-de-gloucester-encerram-greve-apos-chegar-a-acordo-provisorio\/","title":{"rendered":"Educadores de Gloucester encerram greve ap\u00f3s chegar a acordo &#8216;provis\u00f3rio&#8217;"},"content":{"rendered":"<p> <script async src=\"https:\/\/pagead2.googlesyndication.com\/pagead\/js\/adsbygoogle.js?client=ca-pub-8864793242727901\"\r\n     crossorigin=\"anonymous\"><\/script><br \/>\n<\/p>\n<div id=\"\">\n<header class=\"m-article-header m-article-header--standard\">\n\t\t\t\t\t\t\t\t\t\t\t\t<span id=\"article-header-primary-term\"><br \/>\n\t\t\t\t\t\t\t\t<a class=\"a-term a-term--primary\" href=\"https:\/\/www.boston.com\/tag\/education\/\"><\/p>\n<p>\t\t\t\t\t\t\t\tEduca\u00e7\u00e3o\t\t\t\t\t\t\t\t<\/a><br \/>\n\t\t\t\t\t\t\t<\/span><\/p>\n<h2 class=\"m-article-header__sub-headline\">Professores de outras duas comunidades de North Shore continuam em greve.<\/h2>\n<figure class=\"a-photo m-article-header__photo\"><figcaption class=\"a-photo__caption\">\n<p>\tA presidente da Associa\u00e7\u00e3o de Professores de Gloucester, Rachel Salvo Rex, ergueu o punho ao discursar em um com\u00edcio do Sindicato de Educadores de Gloucester fora da Prefeitura de Gloucester na ter\u00e7a-feira.<em> Jessica Rinaldi\/equipe do Boston Globe<\/em>\t<\/figcaption><\/figure>\n<\/header>\n<p>Educadores de Gloucester e funcion\u00e1rios da escola chegaram a um acordo provis\u00f3rio na sexta-feira, pondo fim ao <a href=\"https:\/\/www.boston.com\/news\/schools\/2024\/11\/08\/beverly-gloucester-teachers-go-on-strike\/\" target=\"_blank\" rel=\"noreferrer noopener\">Greve de 15 dias dos professores<\/a>. <\/p>\n<p>Espera-se que os alunos retornem \u00e0s aulas na segunda-feira, depois de terem perdido v\u00e1rios dias de aula durante a greve, que come\u00e7ou em 8 de novembro.<\/p>\n<p>\u201cOs educadores de Gloucester est\u00e3o entusiasmados por voltar \u00e0s aulas na segunda-feira de manh\u00e3 com um contrato forte e justo que garante que nossos alunos tenham as melhores condi\u00e7\u00f5es de aprendizagem poss\u00edveis\u201d, disseram Rachel Salvo Rex e Maryann Aiello, copresidentes do Sindicato de Educadores de Gloucester, em um comunicado. \u201cHoje, nosso sindicato ratificou por unanimidade nosso acordo.\u201d <\/p>\n<p>O acordo cobre \u201cacordos de negocia\u00e7\u00e3o coletiva sucessores\u201d para professores e paraprofissionais, bem como um acordo \u201csatisfat\u00f3rio\u201d de retorno ao trabalho, o sindicato e o Comit\u00ea Escolar de Gloucester <a href=\"https:\/\/www.facebook.com\/permalink.php?story_fbid=pfbid031utDmBsq1y7DJY24GmJjJ4dyrvfJ7BFX9o4kYimEL2LP1MG4o79BEAaY9Um2wYGQl&#038;id=61558819670921&#038;__cft__%5B0%5D=AZXHE4IGKrtnpaGudZoU6jxoMPOW8EwfrpnvFThhCQ_d-xr2HM7ZNZBie3VkZQPFBBO4cp8w5bYWQkQS7Y6BOA3XSXcdhm-bQsXtxaUGj4TE_hFmC2hSqeTdHz1ryWPKizK1lvHqvCcLO3NXbmHWljNqEYY1AbvnEX03b-Z4SVBIfEGkPTxZ5oeuQ9twuI7Skq0&#038;__tn__=%2CO%2CP-R\" target=\"_blank\" rel=\"noreferrer noopener\">compartilhado no Facebook<\/a>. Detalhes sobre a programa\u00e7\u00e3o dos dias letivos de maquiagem ser\u00e3o divulgados em breve, disseram ambos os lados. <\/p>\n<p>Em um <a href=\"https:\/\/www.facebook.com\/permalink.php?story_fbid=pfbid031uZDcacWEQrFgHdFLt7euUkFpdUAPBsijsvwNTbnSYEhyHvw1EaVpiSdda5HznKrl&#038;id=61558819670921\" target=\"_blank\" rel=\"noreferrer noopener\">declara\u00e7\u00e3o<\/a> por conta pr\u00f3pria, a presidente do comit\u00ea escolar, Kathy Clancy, confirmou que o acordo inclu\u00eda aumentos nos sal\u00e1rios de paraprofissionais e professores, bem como novas licen\u00e7as parentais remuneradas. <\/p>\n<p>\u201cEstes contratos refletem o nosso profundo compromisso, apre\u00e7o e respeito pelos educadores e mostram um grande investimento na educa\u00e7\u00e3o p\u00fablica em Gloucester\u201d, disse Clancy. \u201cEstamos ansiosos para trabalhar juntos para melhor servir os estudantes de Gloucester.\u201d<\/p>\n<p>Salvo Rex e Aiello disseram que o contrato \u201crepresenta as maiores vit\u00f3rias que os educadores de Gloucester j\u00e1 viram em d\u00e9cadas\u201d, e os membros agora t\u00eam \u201cum dos benef\u00edcios de licen\u00e7a parental mais bem pagos do estado\u201d.<\/p>\n<p>Os professores ganharam do distrito um benef\u00edcio de licen\u00e7a parental integralmente remunerada de sete semanas, e muitos dos educadores de Gloucester ver\u00e3o um aumento salarial de cerca de 14% ao longo de um contrato de quatro anos, os l\u00edderes sindicais compartilharam durante um <a href=\"https:\/\/www.facebook.com\/gloucestereducators\/videos\/540925045506352\" target=\"_blank\" rel=\"noreferrer noopener\">confer\u00eancia de imprensa<\/a> Sexta-feira. <\/p>\n<p>\u201cEsta luta contratual envolveu educadores da classe trabalhadora, membros da comunidade, estudantes versus aqueles que t\u00eam poder e o exercem para manter um sistema falido\u201d, disseram Salvo Rex e Aiello em seu comunicado. \u201cO amor pelos nossos alunos e o nosso compromisso incessante em melhorar as nossas vidas alimentaram-nos durante 15 longos dias na chuva, no frio e durante toda esta luta.\u201d<\/p>\n<p>Eles tamb\u00e9m acusaram Clancy e <a href=\"https:\/\/www.boston.com\/news\/education\/2024\/11\/15\/gloucester-mayor-raises-middle-finger-while-leaving-tense-negotiations-with-striking-educators\/\" target=\"_blank\" rel=\"noreferrer noopener\">Prefeito de Gloucester, Greg Verga<\/a> de paralisar as negocia\u00e7\u00f5es e pagar uma empresa de rela\u00e7\u00f5es p\u00fablicas para \u201cdivulgar a desinforma\u00e7\u00e3o\u201d durante a greve.  <\/p>\n<p>\u201cO Comit\u00ea Escolar de Gloucester e o prefeito Verga est\u00e3o empenhados em manter todos os trabalhadores de baixos sal\u00e1rios da cidade mal pagos e explorados\u201d, alegaram. \u201cEssa luta exp\u00f4s isso e prova que temos muito mais trabalho a fazer aqui em Gloucester.\u201d<\/p>\n<figure class=\"wp-block-image size-full\"><img loading=\"lazy\" decoding=\"async\" width=\"2560\" height=\"1753\" src=\"https:\/\/bdc2020.o0bc.com\/wp-content\/uploads\/2024\/11\/s3___bgmp-arc_arc-feeds_generic-photos_to-arc_ryanteachers2met-673415ee4d60e-scaled.jpg\" alt=\"Manifestantes em greve na Beverly High School, em Beverly.\" class=\"wp-image-32339756\" srcset=\"https:\/\/bdc2020.o0bc.com\/wp-content\/uploads\/2024\/11\/s3___bgmp-arc_arc-feeds_generic-photos_to-arc_ryanteachers2met-673415ee4d60e-scaled.jpg?width=200 200w, https:\/\/bdc2020.o0bc.com\/wp-content\/uploads\/2024\/11\/s3___bgmp-arc_arc-feeds_generic-photos_to-arc_ryanteachers2met-673415ee4d60e-scaled.jpg?width=300 300w, https:\/\/bdc2020.o0bc.com\/wp-content\/uploads\/2024\/11\/s3___bgmp-arc_arc-feeds_generic-photos_to-arc_ryanteachers2met-673415ee4d60e-scaled.jpg?width=400 400w, https:\/\/bdc2020.o0bc.com\/wp-content\/uploads\/2024\/11\/s3___bgmp-arc_arc-feeds_generic-photos_to-arc_ryanteachers2met-673415ee4d60e-scaled.jpg?width=500 500w, https:\/\/bdc2020.o0bc.com\/wp-content\/uploads\/2024\/11\/s3___bgmp-arc_arc-feeds_generic-photos_to-arc_ryanteachers2met-673415ee4d60e-scaled.jpg?width=600 600w, https:\/\/bdc2020.o0bc.com\/wp-content\/uploads\/2024\/11\/s3___bgmp-arc_arc-feeds_generic-photos_to-arc_ryanteachers2met-673415ee4d60e-scaled.jpg?width=700 700w, https:\/\/bdc2020.o0bc.com\/wp-content\/uploads\/2024\/11\/s3___bgmp-arc_arc-feeds_generic-photos_to-arc_ryanteachers2met-673415ee4d60e-scaled.jpg?width=800 800w, https:\/\/bdc2020.o0bc.com\/wp-content\/uploads\/2024\/11\/s3___bgmp-arc_arc-feeds_generic-photos_to-arc_ryanteachers2met-673415ee4d60e-scaled.jpg?width=900 900w\" sizes=\"auto, (max-width: 2560px) 100vw, 2560px\"\/><figcaption class=\"wp-element-caption\">Manifestantes em greve na Beverly High School, em Beverly.<i> \u2013 David L Ryan\/Equipe do Boston Globe<\/i><\/figcaption><\/figure>\n<p>Gloucester foi um dos <a href=\"https:\/\/www.boston.com\/news\/local-news\/2024\/11\/12\/live-updates-educators-in-3-north-shore-districts-are-on-strike\/#court-orders\" target=\"_blank\" rel=\"noreferrer noopener\">tr\u00eas comunidades da costa norte<\/a> enfrentando uma greve de professores este m\u00eas; educadores em Marblehead e Beverly continuam em greve em meio a negocia\u00e7\u00f5es em andamento. No entanto, a presidente do Comit\u00ea Escolar de Beverly, Rachael Abell, indicou na sexta-feira que Beverly poder\u00e1 em breve seguir o exemplo de Gloucester. <\/p>\n<p>\u201cA oferta que apresentamos \u00e0 Associa\u00e7\u00e3o de Professores de Beverly (BTA) nos coloca em posi\u00e7\u00e3o de sermos os pr\u00f3ximos a finalizar um acordo se o sindicato estiver disposto a recuar em suas inflex\u00edveis demandas financeiras\u201d, disse Abell. <\/p>\n<p>De acordo com Abell, o quarto ano do contrato proposto por Beverly veria o educador mais bem pago ganhando US$ 124.281 em sal\u00e1rios base e o paraprofissional mais bem pago ganhando US$ 42,77 por hora. <\/p>\n<p>\u201cInstamos a BTA a concordar com a nossa \u00faltima proposta para que possamos acabar com esta greve hoje e levar os nossos alunos de volta \u00e0 escola\u201d, disse ela.<\/p>\n<div class=\"o-author-single has-avatar\">\n<header class=\"m-author-card\">\n<div class=\"a-image a-image--square m-author-card__image\">\n\t\t<img decoding=\"async\" class=\"\" src=\"https:\/\/www.boston.com\/wp-content\/uploads\/2024\/10\/cropped-Patkin-Headshot-66fea67b66dd2-scaled-1-66fea6a1c6f25.jpg\" alt=\"Imagem do perfil de Abby Patkin\"\/>\t<\/div>\n<\/header>\n<section class=\"author-info\">\n<hr class=\"m-author__section--hr\"\/>\n<div class=\"m-author__section\">\n<p>Abby Patkin \u00e9 uma rep\u00f3rter de not\u00edcias gerais cujo trabalho aborda transporte p\u00fablico, crime, sa\u00fade e tudo mais.<\/p>\n<\/div>\n<hr class=\"m-author__section--hr\"\/>\t<\/section>\n<\/div>\n<div class=\"m-block m-generic-cta\t m-generic-cta--post-content\t m-generic-cta--dark\t m-generic-cta--homepage\t m-generic-cta--email-signup\t\t m-generic-cta-block-style--default \tt-amp__generic-cta\"><\/p>\n<div class=\"m-generic-cta__wrap\">\n<div class=\"m-generic-cta__content\">\n<h3 class=\"m-generic-cta__title\">Boston.com hoje<\/h3>\n<p class=\"m-generic-cta__subtitle\">Inscreva-se para receber as \u00faltimas manchetes em sua caixa de entrada todas as manh\u00e3s.<\/p>\n<\/p><\/div>\n<\/p><\/div>\n<\/div><\/div>\n<p><script>\n\t\tvar consent=\"grant\";\n\t\t\/* The above code is parsing the JSON data from the local storage and storing it in a variable. *\/\n\t\t\t\t\tconst onetrustStorageConsent = JSON.parse(localStorage.getItem( 'consent_one_trust_bdc' ) );\n\t\t\tif ( ( onetrustStorageConsent !== null ) ) {\n\t\t\t\t\/* Checking to see if the user has consented to the use of cookies.\n\t\t\t\t* If they have not, it is deleting the cookie.\n\t\t\t\t* This will comment for now, until further notice.\n\t\t\t\t*\/\n\t\t\t\t\/\/if ( onetrustStorageConsent.C0002 === false ) {\n\t\t\t\t\/\/\tdocument.cookie=\"_fbp=;expires=Thu, 01 Jan 2010 00:00:00 UTC; path=\/; domain=.boston.com\";\n\t\t\t\t\/\/}\n\t\t\t\t\/* Checking if the user has given consent for the cookie C0002.\n\t\t\t\t* If the user has given consent, the variable consent will be set to 'grant'.\n\t\t\t\t* If the user has not given consent,the variable consent will be set to 'revoke'.\n\t\t\t\t* Documentation https:\/\/developers.facebook.com\/docs\/meta-pixel\/implementation\/gdpr\n\t\t\t\t*\/\n\t\t\t\tif ( onetrustStorageConsent.C0002 !== true ) {\n\t\t\t\t\tconsent=\"revoke\";\n\t\t\t\t}\n\t\t\t}\n\t\t\t\t!function(f,b,e,v,n,t,s)\n\t\t{if(f.fbq)return;n=f.fbq=function(){n.callMethod?\n\t\tn.callMethod.apply(n,arguments):n.queue.push(arguments)};\n\t\tif(!f._fbq)f._fbq=n;n.push=n;n.loaded=!0;n.version='2.0';\n\t\tn.queue=[];t=b.createElement(e);t.async=!0;\n\t\tt.src=v;s=b.getElementsByTagName(e)[0];\n\t\ts.parentNode.insertBefore(t,s)}(window, document,'script',\n\t\t'https:\/\/connect.facebook.net\/en_US\/fbevents.js');\n\t\tfbq('consent', consent);\n\t\tfbq('init', '989222871864976');\n\t\tfbq('track', 'PageView');\n\t<\/script><script type=\"module\">\n\t\tvar consent=\"grant\";\n\t\t\/* The above code is parsing the JSON data from the local storage and storing it in a variable. *\/\n\t\t\tconst onetrustStorageConsent = JSON.parse(localStorage.getItem( 'consent_one_trust_bdc' ) );\n\t\t\t\/* Checking to see if the user has consented to the use of cookies.\n\t\t\t* If they have not, it is deleting the cookie.\n\t\t\t* This will comment for now, until further notice.\n\t\t\t*\/\n\t\t\t\/\/if ( onetrustStorageConsent.C0002 === false ) {\n\t\t\t\/\/\tdocument.cookie=\"_fbp=;expires=Thu, 01 Jan 2010 00:00:00 UTC; path=\/; domain=.boston.com\";\n\t\t\t\/\/}\n\t\t\t\/* Checking if the user has given consent for the cookie C0002.\n\t\t\t* If the user has given consent, the variable consent will be set to 'grant'.\n\t\t\t* If the user has not given consent,the variable consent will be set to 'revoke'.\n\t\t\t* Documentation https:\/\/developers.facebook.com\/docs\/meta-pixel\/implementation\/gdpr\n\t\t\t*\/\n\t\t\tif ( ( onetrustStorageConsent !== null ) && (onetrustStorageConsent.C0002 !== true ) ) {\n\t\t\t\tconsent=\"revoke\";\n\t\t\t}\n\t\t\t\t!function(f,b,e,v,n,t,s){if(f.fbq)return;n=f.fbq=function()\n\t\t{n.callMethod? n.callMethod.apply(n,arguments):n.queue.push(arguments)}\n\t\t;if(!f._fbq)f._fbq=n;\n\t\tn.push=n;n.loaded=!0;n.version='2.0';n.queue=[];t=b.createElement(e);t.async=!0;\n\t\tt.src=v;s=b.getElementsByTagName(e)[0];s.parentNode.insertBefore(t,s)}(window,\n\t\tdocument,'script','https:\/\/connect.facebook.net\/en_US\/fbevents.js');\n\t\tfbq('consent', consent);\n\t\tfbq('init', '813236348753005');\n\t\tfbq('track', \"PageView\");\n\t<\/script><br \/>\n<br \/><br \/>\n<br \/><a href=\"https:\/\/www.boston.com\/news\/education\/2024\/11\/22\/gloucester-educators-end-strike-tentative-deal\/\">Source link <\/a><\/p>","protected":false},"excerpt":{"rendered":"<p>Educa\u00e7\u00e3o Professores de outras duas comunidades de North Shore continuam em greve. A presidente da Associa\u00e7\u00e3o de Professores de Gloucester, Rachel Salvo Rex, ergueu o punho ao discursar em um&hellip;<\/p>","protected":false},"author":1,"featured_media":64172,"comment_status":"closed","ping_status":"open","sticky":false,"template":"","format":"standard","meta":{"content-type":"","footnotes":""},"categories":[1],"tags":[],"class_list":["post-64171","post","type-post","status-publish","format-standard","has-post-thumbnail","hentry","category-uncategorized"],"_links":{"self":[{"href":"https:\/\/tvbrazilusa.com\/pt\/wp-json\/wp\/v2\/posts\/64171","targetHints":{"allow":["GET"]}}],"collection":[{"href":"https:\/\/tvbrazilusa.com\/pt\/wp-json\/wp\/v2\/posts"}],"about":[{"href":"https:\/\/tvbrazilusa.com\/pt\/wp-json\/wp\/v2\/types\/post"}],"author":[{"embeddable":true,"href":"https:\/\/tvbrazilusa.com\/pt\/wp-json\/wp\/v2\/users\/1"}],"replies":[{"embeddable":true,"href":"https:\/\/tvbrazilusa.com\/pt\/wp-json\/wp\/v2\/comments?post=64171"}],"version-history":[{"count":1,"href":"https:\/\/tvbrazilusa.com\/pt\/wp-json\/wp\/v2\/posts\/64171\/revisions"}],"predecessor-version":[{"id":64173,"href":"https:\/\/tvbrazilusa.com\/pt\/wp-json\/wp\/v2\/posts\/64171\/revisions\/64173"}],"wp:featuredmedia":[{"embeddable":true,"href":"https:\/\/tvbrazilusa.com\/pt\/wp-json\/wp\/v2\/media\/64172"}],"wp:attachment":[{"href":"https:\/\/tvbrazilusa.com\/pt\/wp-json\/wp\/v2\/media?parent=64171"}],"wp:term":[{"taxonomy":"category","embeddable":true,"href":"https:\/\/tvbrazilusa.com\/pt\/wp-json\/wp\/v2\/categories?post=64171"},{"taxonomy":"post_tag","embeddable":true,"href":"https:\/\/tvbrazilusa.com\/pt\/wp-json\/wp\/v2\/tags?post=64171"}],"curies":[{"name":"wp","href":"https:\/\/api.w.org\/{rel}","templated":true}]}}