{"id":64183,"date":"2024-11-22T21:08:25","date_gmt":"2024-11-22T21:08:25","guid":{"rendered":"https:\/\/tvbrazilusa.com\/2024\/11\/22\/ha-muito-interesse-o-que-wyc-grousbeck-disse-sobre-a-venda-do-celtics-durante-viagem-a-casa-branca\/"},"modified":"2024-11-22T21:21:26","modified_gmt":"2024-11-22T21:21:26","slug":"ha-muito-interesse-o-que-wyc-grousbeck-disse-sobre-a-venda-do-celtics-durante-viagem-a-casa-branca","status":"publish","type":"post","link":"https:\/\/tvbrazilusa.com\/pt\/2024\/11\/22\/ha-muito-interesse-o-que-wyc-grousbeck-disse-sobre-a-venda-do-celtics-durante-viagem-a-casa-branca\/","title":{"rendered":"\u2018H\u00e1 muito interesse\u2019: o que Wyc Grousbeck disse sobre a venda do Celtics durante viagem \u00e0 Casa Branca"},"content":{"rendered":"<p> <script async src=\"https:\/\/pagead2.googlesyndication.com\/pagead\/js\/adsbygoogle.js?client=ca-pub-8864793242727901\"\r\n     crossorigin=\"anonymous\"><\/script><br \/>\n<\/p>\n<div id=\"\">\n<header class=\"m-article-header m-article-header--standard\">\n\t\t\t\t\t\t\t\t\t\t\t\t<span id=\"article-header-primary-term\"><br \/>\n\t\t\t\t\t\t\t\t<a class=\"a-term a-term--primary\" href=\"https:\/\/www.boston.com\/tag\/boston-celtics\/\"><\/p>\n<p>\t\t\t\t\t\t\t\tCeltas\t\t\t\t\t\t\t\t<\/a><br \/>\n\t\t\t\t\t\t\t<\/span><\/p>\n<h2 class=\"m-article-header__sub-headline\">&#8220;Eu diria que o plano \u00e9 ficar mais tr\u00eas anos. \u00c9 o que est\u00e1 previsto. Partiremos da\u00ed&#8221;<\/h2>\n<figure class=\"a-photo m-article-header__photo\"><figcaption class=\"a-photo__caption\">\n<p>\tJogadores de Wyc Grousbeck e Celtics durante visita \u00e0 Casa Branca.<em> Foto de ROBERTO SCHMIDT\/AFP via Getty Images<\/em>\t<\/figcaption><\/figure>\n<\/header>\n<div class=\"m-block t-amp__list-container m-article-list-container m-article-list-container--frame-border a-border-frame  a-list-header__headline--red m-article-list--alternative--default  m-article-list--floated\">\n<ul class=\"t-amp__list a-list--no-style m-article-list m-article-list--recirculation m-article-list--has-images\">\n<li class=\"m-article-list__item m-article-list__item--featured\">\n\t\t\t<a class=\"m-article-list__link-wrapper\" href=\"https:\/\/www.boston.com\/sports\/boston-celtics\/2024\/11\/22\/inside-the-celtics-emotional-and-uplifting-visit-to-the-white-house\/?p1=article_recirc_inline_feature\" data-p1=\"article_recirc_inline_feature\"><br \/>\n\t\t\t\t<img fetchpriority=\"high\" decoding=\"async\" width=\"768\" height=\"432\" src=\"https:\/\/bdc2020.o0bc.com\/wp-content\/uploads\/2024\/11\/G2LMD46EGKPXXCP5JHFXPV5COU-67404b00b6c6b-768x432.jpg\" class=\"t-amp__list-image m-article-list__image m-article-list__image--full wp-post-image\" alt=\"\" aria-hidden=\"true\" srcset=\"https:\/\/bdc2020.o0bc.com\/wp-content\/uploads\/2024\/11\/G2LMD46EGKPXXCP5JHFXPV5COU-67404b00b6c6b-768x432.jpg?width=200 200w, https:\/\/bdc2020.o0bc.com\/wp-content\/uploads\/2024\/11\/G2LMD46EGKPXXCP5JHFXPV5COU-67404b00b6c6b-768x432.jpg?width=300 300w, https:\/\/bdc2020.o0bc.com\/wp-content\/uploads\/2024\/11\/G2LMD46EGKPXXCP5JHFXPV5COU-67404b00b6c6b-768x432.jpg?width=400 400w, https:\/\/bdc2020.o0bc.com\/wp-content\/uploads\/2024\/11\/G2LMD46EGKPXXCP5JHFXPV5COU-67404b00b6c6b-768x432.jpg?width=500 500w, https:\/\/bdc2020.o0bc.com\/wp-content\/uploads\/2024\/11\/G2LMD46EGKPXXCP5JHFXPV5COU-67404b00b6c6b-768x432.jpg?width=600 600w, https:\/\/bdc2020.o0bc.com\/wp-content\/uploads\/2024\/11\/G2LMD46EGKPXXCP5JHFXPV5COU-67404b00b6c6b-768x432.jpg?width=700 700w, https:\/\/bdc2020.o0bc.com\/wp-content\/uploads\/2024\/11\/G2LMD46EGKPXXCP5JHFXPV5COU-67404b00b6c6b-768x432.jpg?width=800 800w, https:\/\/bdc2020.o0bc.com\/wp-content\/uploads\/2024\/11\/G2LMD46EGKPXXCP5JHFXPV5COU-67404b00b6c6b-768x432.jpg?width=900 900w\" sizes=\"(max-width: 768px) 100vw, 768px\"\/>\t\t\t\t\t<\/p>\n<p><h4 class=\"m-article-list__headline t-amp__list-headline\">\n\t\t\t\t\t\t\t<span class=\"m-article-list__link a-link a-link--inline a-link--text-link a-link--text-link-dark\"><\/p>\n<p>\t\t\t\t\t\t\tPor dentro da visita \u201cemocional e edificante\u201d do Celtics \u00e0 Casa Branca\t\t\t\t\t\t\t<\/span><br \/>\n\t\t\t\t\t\t<\/h4>\n<\/p>\n<p>\t\t\t\t<\/a>\n\t\t\t<\/li>\n<li class=\"m-article-list__item\">\n\t\t\t\t\t<a class=\"m-article-list__link-wrapper\" href=\"https:\/\/www.boston.com\/sports\/boston-celtics\/2024\/11\/21\/celtics-jrue-holiday-baby-jrue-powell-quotes\/?p1=article_recirc_inline_feed\" data-p1=\"article_recirc_inline_feed\"><\/p>\n<p><h4 class=\"m-article-list__headline\">\n\t\t\t\t\t\t\t\t\t<span class=\"m-article-list__link a-link a-link--inline a-link--text-link a-link--text-link-dark\"><\/p>\n<p>\t\t\t\t\t\t\t\t\tNa Casa Branca, o beb\u00ea Jrue Powell conhece a estrela do Celtics que lhe deu o nome\t\t\t\t\t\t\t\t\t<\/span><br \/>\n\t\t\t\t\t\t\t\t<\/h4>\n<\/p>\n<p>\t\t\t\t\t\t<\/a>\n\t\t\t\t\t<\/li>\n<\/ul>\n<\/div>\n<p>Governador do Celtics <a href=\"https:\/\/www.boston.com\/sports\/boston-celtics\/2024\/07\/08\/wyc-grousbeck-sheds-more-light-on-plan-to-sell-celtics-during-cnbc-interview\/\" target=\"_blank\" rel=\"noreferrer noopener\">Wyc Grousbeck<\/a> foi questionado sobre uma atualiza\u00e7\u00e3o sobre a pr\u00f3xima venda da franquia durante a viagem da equipe a Washington DC na quinta-feira.<\/p>\n<p>Ele disse que planeja permanecer em sua fun\u00e7\u00e3o atual por mais tr\u00eas anos e que houve muito interesse de potenciais compradores, mas n\u00e3o ofereceu muitos mais detalhes al\u00e9m disso.<\/p>\n<p>\u201cN\u00e3o tenho coment\u00e1rios sobre o processo de venda\u201d, disse Grousbeck. \u201cEst\u00e1 em andamento. H\u00e1 muito interesse. Esse \u00e9 um coment\u00e1rio, eu acho. Eu gostaria de limitar a isso. Mas eu diria que o plano \u00e9 ficar mais tr\u00eas anos. Isso \u00e9 o que est\u00e1 previsto. Partiremos da\u00ed.<\/p>\n<p>\u201cDito isto, prefiro falar sobre esta equipa que temos diante de n\u00f3s neste momento\u201d, acrescentou. \u201c(Ele) tem capacidade para lutar novamente. Acho que somos concorrentes este ano e podemos ser concorrentes no futuro, e \u00e9 por isso que estou mais animado.\u201d<\/p>\n<p><a href=\"https:\/\/www.bostonglobe.com\/2024\/10\/18\/sports\/boston-celtics-sale\/\">De acordo com <\/a><em><a href=\"https:\/\/www.bostonglobe.com\/2024\/10\/18\/sports\/boston-celtics-sale\/\">O Globo de Boston<\/a>,<\/em> O copropriet\u00e1rio do Celtics, Steve Pagliuca, o s\u00f3cio limitado do Celtics, Robert Hale, e Mark Bezos manifestaram publicamente interesse em comprar o Celtics.<\/p>\n<p>Pagliuca, consultor s\u00eanior da equipe de private equity da Bain Capital, \u00e9 s\u00f3cio-gerente geral e copropriet\u00e1rio do Celtics. Bezos, s\u00f3cio fundador do grupo de private equity HighPost Capital, \u00e9 meio-irm\u00e3o do fundador da Amazon, Jeff Bezos. Hale \u00e9 o fundador e CEO da Granite Communications. Ele vale US$ 5,8 bilh\u00f5es de acordo com a Forbes e possui uma participa\u00e7\u00e3o minorit\u00e1ria no Celtics.<\/p>\n<p>Com a venda em andamento, poder\u00e1 haver licitantes que ainda n\u00e3o tenham tornado p\u00fablico seu interesse.<\/p>\n<p>O grupo de propriedade <a href=\"https:\/\/www.nba.com\/news\/celtics-ownership-group-announces-plans-sell-team\">anunciou suas inten\u00e7\u00f5es de vender a equipe em julho.<\/a> O plano \u00e9 vender a participa\u00e7\u00e3o majorit\u00e1ria do time neste ano ou no in\u00edcio do pr\u00f3ximo, com saldo fechado em 2028.<\/p>\n<p>Embora n\u00e3o esteja claro quem comprar\u00e1 o time, h\u00e1 poucas d\u00favidas de que o Celtics est\u00e1 bem posicionado para disputar um campeonato este ano. <\/p>\n<p>Os atuais campe\u00f5es abriram a temporada com um recorde de 12-3. Eles devolveram a grande maioria da equipe do ano passado e t\u00eam competido sem o piv\u00f4 Kristaps Porzingis. <\/p>\n<p>Todos os cinco titulares, Jayson Tatum, Jaylen Brown, Derrick White, Jrue Holiday e Porzingis s\u00e3o <a href=\"https:\/\/www.spotrac.com\/nba\/boston-celtics\/yearly\">sob contrato<\/a> pelo menos na pr\u00f3xima temporada.<\/p>\n<div class=\"o-author-single has-avatar\">\n<header class=\"m-author-card\">\n<div class=\"a-image a-image--square m-author-card__image\">\n\t\t<img decoding=\"async\" class=\"\" src=\"https:\/\/www.boston.com\/wp-content\/uploads\/2024\/10\/cropped-Screen-Shot-2024-01-26-at-4.59.30-PM-6706db53ae1d7-6706dcbabfba0-242x242.png\" alt=\"Imagem do perfil de Khari A. Thompson\"\/>\t<\/div>\n<div class=\"m-author-card__text\">\n<h3 class=\"m-author-card__title\"><a href=\"https:\/\/www.boston.com\/author\/kharia-thompson\">Khari A. Thompson<\/a><\/h3>\n<p><span class=\"m-author-card__subtitle\">Rep\u00f3rter Esportivo<\/span>\t<\/div>\n<\/header>\n<section class=\"author-info\">\n<hr class=\"m-author__section--hr\"\/>\n<div class=\"m-author__section\">\n<p>Khari Thompson cobre esportes profissionais para Boston.com. Antes de ingressar no time em 2022, Khari cobriu futebol universit\u00e1rio para o The Clarion Ledger em Jackson, Mississipi.<\/p>\n<\/div>\n<hr class=\"m-author__section--hr\"\/>\t<\/section>\n<\/div>\n<div class=\"m-block m-generic-cta\t m-generic-cta--post-content\t m-generic-cta--dark\t m-generic-cta--homepage\t m-generic-cta--email-signup\t\t m-generic-cta-block-style--default \tt-amp__generic-cta\"><\/p>\n<div class=\"m-generic-cta__wrap\">\n<div class=\"m-generic-cta__content\">\n<h3 class=\"m-generic-cta__title\">Inscreva-se para receber atualiza\u00e7\u00f5es do Celtics\ud83c\udfc0<\/h3>\n<p class=\"m-generic-cta__subtitle\">Receba as \u00faltimas not\u00edcias e an\u00e1lises em sua caixa de entrada durante a temporada de basquete.<\/p>\n<\/p><\/div>\n<\/p><\/div>\n<\/div><\/div>\n<p><script>\n\t\tvar consent=\"grant\";\n\t\t\/* The above code is parsing the JSON data from the local storage and storing it in a variable. *\/\n\t\t\t\t\tconst onetrustStorageConsent = JSON.parse(localStorage.getItem( 'consent_one_trust_bdc' ) );\n\t\t\tif ( ( onetrustStorageConsent !== null ) ) {\n\t\t\t\t\/* Checking to see if the user has consented to the use of cookies.\n\t\t\t\t* If they have not, it is deleting the cookie.\n\t\t\t\t* This will comment for now, until further notice.\n\t\t\t\t*\/\n\t\t\t\t\/\/if ( onetrustStorageConsent.C0002 === false ) {\n\t\t\t\t\/\/\tdocument.cookie=\"_fbp=;expires=Thu, 01 Jan 2010 00:00:00 UTC; path=\/; domain=.boston.com\";\n\t\t\t\t\/\/}\n\t\t\t\t\/* Checking if the user has given consent for the cookie C0002.\n\t\t\t\t* If the user has given consent, the variable consent will be set to 'grant'.\n\t\t\t\t* If the user has not given consent,the variable consent will be set to 'revoke'.\n\t\t\t\t* Documentation https:\/\/developers.facebook.com\/docs\/meta-pixel\/implementation\/gdpr\n\t\t\t\t*\/\n\t\t\t\tif ( onetrustStorageConsent.C0002 !== true ) {\n\t\t\t\t\tconsent=\"revoke\";\n\t\t\t\t}\n\t\t\t}\n\t\t\t\t!function(f,b,e,v,n,t,s)\n\t\t{if(f.fbq)return;n=f.fbq=function(){n.callMethod?\n\t\tn.callMethod.apply(n,arguments):n.queue.push(arguments)};\n\t\tif(!f._fbq)f._fbq=n;n.push=n;n.loaded=!0;n.version='2.0';\n\t\tn.queue=[];t=b.createElement(e);t.async=!0;\n\t\tt.src=v;s=b.getElementsByTagName(e)[0];\n\t\ts.parentNode.insertBefore(t,s)}(window, document,'script',\n\t\t'https:\/\/connect.facebook.net\/en_US\/fbevents.js');\n\t\tfbq('consent', consent);\n\t\tfbq('init', '989222871864976');\n\t\tfbq('track', 'PageView');\n\t<\/script><script type=\"module\">\n\t\tvar consent=\"grant\";\n\t\t\/* The above code is parsing the JSON data from the local storage and storing it in a variable. *\/\n\t\t\tconst onetrustStorageConsent = JSON.parse(localStorage.getItem( 'consent_one_trust_bdc' ) );\n\t\t\t\/* Checking to see if the user has consented to the use of cookies.\n\t\t\t* If they have not, it is deleting the cookie.\n\t\t\t* This will comment for now, until further notice.\n\t\t\t*\/\n\t\t\t\/\/if ( onetrustStorageConsent.C0002 === false ) {\n\t\t\t\/\/\tdocument.cookie=\"_fbp=;expires=Thu, 01 Jan 2010 00:00:00 UTC; path=\/; domain=.boston.com\";\n\t\t\t\/\/}\n\t\t\t\/* Checking if the user has given consent for the cookie C0002.\n\t\t\t* If the user has given consent, the variable consent will be set to 'grant'.\n\t\t\t* If the user has not given consent,the variable consent will be set to 'revoke'.\n\t\t\t* Documentation https:\/\/developers.facebook.com\/docs\/meta-pixel\/implementation\/gdpr\n\t\t\t*\/\n\t\t\tif ( ( onetrustStorageConsent !== null ) && (onetrustStorageConsent.C0002 !== true ) ) {\n\t\t\t\tconsent=\"revoke\";\n\t\t\t}\n\t\t\t\t!function(f,b,e,v,n,t,s){if(f.fbq)return;n=f.fbq=function()\n\t\t{n.callMethod? n.callMethod.apply(n,arguments):n.queue.push(arguments)}\n\t\t;if(!f._fbq)f._fbq=n;\n\t\tn.push=n;n.loaded=!0;n.version='2.0';n.queue=[];t=b.createElement(e);t.async=!0;\n\t\tt.src=v;s=b.getElementsByTagName(e)[0];s.parentNode.insertBefore(t,s)}(window,\n\t\tdocument,'script','https:\/\/connect.facebook.net\/en_US\/fbevents.js');\n\t\tfbq('consent', consent);\n\t\tfbq('init', '813236348753005');\n\t\tfbq('track', \"PageView\");\n\t<\/script><br \/>\n<br \/><br \/>\n<br \/><a href=\"https:\/\/www.boston.com\/sports\/boston-celtics\/2024\/11\/22\/celtics-sale-wyc-grousbeck-white-house-comments\/\">Source link <\/a><\/p>","protected":false},"excerpt":{"rendered":"<p>Celtas &#8220;Eu diria que o plano \u00e9 ficar mais tr\u00eas anos. \u00c9 o que est\u00e1 previsto. Partiremos da\u00ed&#8221; Jogadores de Wyc Grousbeck e Celtics durante visita \u00e0 Casa Branca. Foto&hellip;<\/p>","protected":false},"author":1,"featured_media":64184,"comment_status":"closed","ping_status":"open","sticky":false,"template":"","format":"standard","meta":{"content-type":"","footnotes":""},"categories":[1],"tags":[],"class_list":["post-64183","post","type-post","status-publish","format-standard","has-post-thumbnail","hentry","category-uncategorized"],"_links":{"self":[{"href":"https:\/\/tvbrazilusa.com\/pt\/wp-json\/wp\/v2\/posts\/64183","targetHints":{"allow":["GET"]}}],"collection":[{"href":"https:\/\/tvbrazilusa.com\/pt\/wp-json\/wp\/v2\/posts"}],"about":[{"href":"https:\/\/tvbrazilusa.com\/pt\/wp-json\/wp\/v2\/types\/post"}],"author":[{"embeddable":true,"href":"https:\/\/tvbrazilusa.com\/pt\/wp-json\/wp\/v2\/users\/1"}],"replies":[{"embeddable":true,"href":"https:\/\/tvbrazilusa.com\/pt\/wp-json\/wp\/v2\/comments?post=64183"}],"version-history":[{"count":1,"href":"https:\/\/tvbrazilusa.com\/pt\/wp-json\/wp\/v2\/posts\/64183\/revisions"}],"predecessor-version":[{"id":64185,"href":"https:\/\/tvbrazilusa.com\/pt\/wp-json\/wp\/v2\/posts\/64183\/revisions\/64185"}],"wp:featuredmedia":[{"embeddable":true,"href":"https:\/\/tvbrazilusa.com\/pt\/wp-json\/wp\/v2\/media\/64184"}],"wp:attachment":[{"href":"https:\/\/tvbrazilusa.com\/pt\/wp-json\/wp\/v2\/media?parent=64183"}],"wp:term":[{"taxonomy":"category","embeddable":true,"href":"https:\/\/tvbrazilusa.com\/pt\/wp-json\/wp\/v2\/categories?post=64183"},{"taxonomy":"post_tag","embeddable":true,"href":"https:\/\/tvbrazilusa.com\/pt\/wp-json\/wp\/v2\/tags?post=64183"}],"curies":[{"name":"wp","href":"https:\/\/api.w.org\/{rel}","templated":true}]}}