{"id":64220,"date":"2024-11-22T22:02:29","date_gmt":"2024-11-22T22:02:29","guid":{"rendered":"https:\/\/tvbrazilusa.com\/2024\/11\/22\/o-caso-contra-5-acusados-do-assassinato-de-detetive-de-nj-sera-transferido-para-o-novo-condado-decide-o-juiz\/"},"modified":"2024-11-22T22:07:06","modified_gmt":"2024-11-22T22:07:06","slug":"o-caso-contra-5-acusados-do-assassinato-de-detetive-de-nj-sera-transferido-para-o-novo-condado-decide-o-juiz","status":"publish","type":"post","link":"https:\/\/tvbrazilusa.com\/pt\/2024\/11\/22\/o-caso-contra-5-acusados-do-assassinato-de-detetive-de-nj-sera-transferido-para-o-novo-condado-decide-o-juiz\/","title":{"rendered":"O caso contra 5 acusados \u200b\u200b\u200b\u200bdo assassinato de detetive de NJ ser\u00e1 transferido para o novo condado, decide o juiz"},"content":{"rendered":"<p> <script async src=\"https:\/\/pagead2.googlesyndication.com\/pagead\/js\/adsbygoogle.js?client=ca-pub-8864793242727901\"\r\n     crossorigin=\"anonymous\"><\/script><br \/>\n<\/p>\n<div>\n<p class=\"article__paragraph article__paragraph--left\" id=\"QOV7J5IEPZH6ZLSCUVDFFMIH4Y\">O caso contra cinco r\u00e9us acusados \u200b\u200b\u200b\u200bde conex\u00e3o com a morte a tiros de um detetive do Minist\u00e9rio P\u00fablico do condado de Cumberland ser\u00e1 transferido para o condado de Atlantic, decidiu um juiz na sexta-feira.<\/p>\n<p class=\"article__paragraph article__paragraph--left\" id=\"MVC2RUGWPFA6FDWLXJ5DB5AGH4\"><a href=\"https:\/\/www.nj.com\/cumberland\/2024\/11\/slain-nj-prosecutors-office-detective-was-shot-execution-style-state-says.html\" target=\"_blank\">Sargento Detetive Monica Mosley foi morta a tiros em 15 de outubro<\/a> em sua resid\u00eancia em Bridgeton. Quatro pessoas s\u00e3o acusadas de homic\u00eddio no caso e uma quinta \u00e9 acusada de tentar ajudar a encobrir provas.<\/p>\n<p class=\"article__paragraph article__paragraph--left\" id=\"XFRFW7G7JFCVHJUEOITBYF47QY\"><a href=\"https:\/\/www.nj.com\/cumberland\/2024\/11\/5-charged-in-detectives-killing-say-they-cant-get-fair-trial-in-this-nj-county.html\" target=\"_blank\">Advogados de todos os cinco r\u00e9us<\/a> procurou tanto que o caso fosse transferido para fora do condado de Cumberland quanto que um promotor diferente fosse designado para o assunto, citando potenciais conflitos de interesse.<\/p>\n<p class=\"article__paragraph article__paragraph--left\" id=\"QHOOGASVE5B35G7XWKQGUCJ6DM\">A promotoria anunciou na sexta-feira que desistiu de seu desafio original de mover o caso. Mas o estado ainda est\u00e1 lutando contra os esfor\u00e7os para substituir o promotor.<\/p>\n<p class=\"article__paragraph article__paragraph--left\" id=\"ID2H3FYJUFD7FPACPEP42ET4EE\">O juiz da Vicinage 15, Benjamin Telsey, concedeu a mudan\u00e7a de local em uma audi\u00eancia na sexta-feira.<\/p>\n<figure class=\"article__image\">\n<div class=\"article__image-wrapper\"><picture><source media=\"(max-width: 500px)\" srcset=\"https:\/\/www.nj.com\/resizer\/v2\/O3UJKZJMXFETHHOPQVAY3VD4YM.jpeg?auth=6335584093a4202e06dab6bd8ac64431b8476bf7b751110758eb2899ff947213&#038;width=500&#038;quality=90 500w\"\/><source media=\"(max-width: 800px)\" srcset=\"https:\/\/www.nj.com\/resizer\/v2\/O3UJKZJMXFETHHOPQVAY3VD4YM.jpeg?auth=6335584093a4202e06dab6bd8ac64431b8476bf7b751110758eb2899ff947213&#038;width=800&#038;quality=90 800w\"\/><source srcset=\"https:\/\/www.nj.com\/resizer\/v2\/O3UJKZJMXFETHHOPQVAY3VD4YM.jpeg?auth=6335584093a4202e06dab6bd8ac64431b8476bf7b751110758eb2899ff947213&#038;width=1280&#038;quality=90 1280w\"\/><\/picture><figcaption class=\"article__image-caption\">\n<p class=\"article__mm-image-caption-text\">Sargento Detetive Monica Mosley, da Promotoria do Condado de Cumberland, foi baleada e morta durante uma invas\u00e3o em sua resid\u00eancia.<span class=\"article__mm-image-credit\">(Casa Funer\u00e1ria Padgett)<\/span><\/p>\n<\/figcaption><\/div>\n<\/figure>\n<p class=\"article__paragraph article__paragraph--left\" id=\"GQBGSUHSCBFIVJ7KMKD5SOZMLM\">As autoridades alegam que um grupo de pessoas for\u00e7ou a entrada na casa de Mosley em Bridgeton e atirou nela tr\u00eas vezes. Mosley, 51, atirou no peito de um dos intrusos antes de morrer devido aos ferimentos, disseram os investigadores.<\/p>\n<p class=\"article__paragraph article__paragraph--left\" id=\"LB3XH7AQHNHV5JCAXVNV4JOBOA\">As autoridades n\u00e3o disseram se Mosley conhecia seus agressores ou se o crime foi uma invas\u00e3o aleat\u00f3ria de casa. O motivo do assassinato n\u00e3o foi divulgado.<\/p>\n<p class=\"article__paragraph article__paragraph--left\" id=\"LM6WXWYRD5GVJM5QHZBTXVJJ3Y\">Nyshawn B. Mutcherson, 29, de Vineland, Jarred D. Brown, 31, de Bridgeton, Richard B. Hawkins Willis, 32, de Gloucester City, e Byron L. Thomas, 35, de Paulsboro, s\u00e3o cada um acusado de primeiro grau acusa\u00e7\u00f5es de homic\u00eddio e homic\u00eddio durante a pr\u00e1tica de um roubo, roubo de segundo grau, crimes com armas m\u00faltiplas, impedimento e obstru\u00e7\u00e3o em conex\u00e3o com a morte de Mosley.<\/p>\n<p class=\"article__paragraph article__paragraph--left\" id=\"67YME7WSLNFLBN3RAPXDXZPPMQ\">Cyndia E. Pimentel, 38, de Paulsboro, \u00e9 acusada de obstru\u00e7\u00e3o de terceiro grau de uma investiga\u00e7\u00e3o e acusa\u00e7\u00f5es de obstru\u00e7\u00e3o de quarto grau e adultera\u00e7\u00e3o de provas.<\/p>\n<p class=\"article__paragraph article__paragraph--left\" id=\"IPPFRM4ES5EVDNVLXKLZ7ZBBGA\">Ao defender uma mudan\u00e7a de local, os advogados de defesa levantaram v\u00e1rias quest\u00f5es.<\/p>\n<p class=\"article__paragraph article__paragraph--left\" id=\"W5O6FLV4L5ES7IMXHPR5UZPU74\">O detetive assassinado tinha la\u00e7os estreitos com a comunidade local de aplica\u00e7\u00e3o da lei e trabalhava em estreita colabora\u00e7\u00e3o com os ju\u00edzes e funcion\u00e1rios do tribunal do condado de Cumberland, criando uma apar\u00eancia potencial de conflito, argumentaram os advogados de defesa. <\/p>\n<p class=\"article__paragraph article__paragraph--left\" id=\"KNQS3FYKJZDNRGGG3OLMFLP32E\">Eles tamb\u00e9m observaram um juiz do Tribunal Superior designado para a magistratura no condado de Cumberland <a href=\"https:\/\/www.nj.com\/cumberland\/2024\/10\/hometown-says-goodbye-to-nj-prosecutors-office-detective-killed-in-home-invasion.html\" target=\"_blank\">falou no funeral de Mosley.<\/a> Essa ju\u00edza recusou-se a participar de qualquer audi\u00eancia no caso de Mosley.<\/p>\n<p class=\"article__paragraph article__paragraph--left\" id=\"K6KTYVAQYRBSTBS63Z2PQLU4G4\">Al\u00e9m disso, os advogados de defesa argumentaram que o promotor respons\u00e1vel por todos os cinco casos, o primeiro promotor assistente do condado de Cape May, Saverio Carroccia, deveria ser substitu\u00eddo porque ele trabalhou anteriormente no Minist\u00e9rio P\u00fablico do condado de Cumberland ao mesmo tempo que Mosley.<\/p>\n<p class=\"article__paragraph article__paragraph--left\" id=\"FAB22IS2YNENRB5A2X3HGY6VHE\">Como Mosley trabalhava para o escrit\u00f3rio de Cumberland, o Gabinete do Promotor de Cape May foi designado para cuidar do processo do caso.<\/p>\n<p class=\"article__paragraph article__paragraph--left\" id=\"K3AZIWRGIJAPPFTBBPRPXQQPP4\">Os advogados de defesa pediram que o caso fosse transferido para o condado de Atlantic, que, segundo eles, tem demografia racial semelhante \u00e0 do condado de Cumberland.<\/p>\n<p class=\"article__paragraph article__paragraph--left\" id=\"CE2ZLRXLFBAX7AXLILRFEEETI4\">A popula\u00e7\u00e3o do condado de Cumberland \u00e9 43% branca, 34% hisp\u00e2nica, 16% negra e 2% asi\u00e1tica,<a href=\"https:\/\/www.nj.com\/cumberland\/2024\/11\/prosecutor-handling-cases-of-those-charged-in-detectives-killing-is-conflicted-lawyer-argues.html\" target=\"_blank\"> um dos advogados de defesa escreveu em sua peti\u00e7\u00e3o<\/a>. Atlantic County tem uma popula\u00e7\u00e3o de 54% de brancos, 20% de hisp\u00e2nicos, 12% de negros e 8% de asi\u00e1ticos.<\/p>\n<p class=\"article__paragraph article__paragraph--left\" id=\"KNU7XHWABVDVXM2XIV2M2ZULWU\">Em um documento apresentado na semana passada, Carroccia classificou os argumentos da defesa como infundados, dizendo que a jurisprud\u00eancia existente sobre mudan\u00e7a de local envolve preconceitos percebidos entre jurados em potencial, e n\u00e3o entre membros do judici\u00e1rio ou funcion\u00e1rios do tribunal. Mas, mais tarde, os promotores abandonaram o argumento contra a transfer\u00eancia do caso para outro condado.<\/p>\n<p class=\"article__paragraph article__paragraph--left\" id=\"3FF5S52Y6REZBBR74Z7FR7OGNU\">Carroccia tamb\u00e9m negou ter qualquer conflito de interesses no caso. Ele trabalhou como advogado s\u00eanior do Minist\u00e9rio P\u00fablico do Condado de Cumberland de 2012 a 2017, mas nunca trabalhou na mesma unidade ou divis\u00e3o que Mosley e nunca trabalhou com ela em um caso, disse ele.<\/p>\n<p class=\"article__paragraph article__paragraph--left\" id=\"MRDYMAM5FZCJDIDHUDSUKKZFU4\">Os r\u00e9us, seus advogados, Carroccia e o juiz se reuniram no final da tarde de sexta-feira para discutir a quest\u00e3o do local, com alguns comparecendo ao tribunal do condado de Cumberland e outros participando por v\u00eddeo.<\/p>\n<p class=\"article__paragraph article__paragraph--left\" id=\"WLD7H6CONNAT7JU2ZQAUX547TA\">Carroccia anunciou que o estado agora consentiria com a mudan\u00e7a de local, embora n\u00e3o tenha oferecido nenhuma explica\u00e7\u00e3o para a mudan\u00e7a de posi\u00e7\u00e3o da promotoria sobre o assunto.<\/p>\n<p class=\"article__paragraph article__paragraph--left\" id=\"IERNNQIL55DYBLQK6SANBUWOJQ\">No entanto, ele disse que o estado ainda se opor\u00e1 ao esfor\u00e7o para destitu\u00ed-lo do cargo de promotor do caso.<\/p>\n<p class=\"article__paragraph article__paragraph--left\" id=\"7KFYHOJHPJD7DL5GHVMAXL74WA\">Telsley disse que a decis\u00e3o sobre se Carroccia permanecer\u00e1 como promotor no caso ser\u00e1 deixada para o juiz do condado de Atlantic que assumir\u00e1 o caso.<\/p>\n<p class=\"article__paragraph article__paragraph--left\" id=\"ZPJDNFGH5RBSPIMZG4YADMYICE\">Os quatro r\u00e9us do homic\u00eddio permanecem atr\u00e1s das grades e aguardam as audi\u00eancias de deten\u00e7\u00e3o, que determinar\u00e3o se permanecer\u00e3o presos at\u00e9 o julgamento.<\/p>\n<p class=\"article__paragraph article__paragraph--left\" id=\"KSZWUY244RDWLHBFT4RPDDXE5Y\">Um juiz ordenou recentemente a liberta\u00e7\u00e3o provis\u00f3ria de Pimentel da pris\u00e3o.<\/p>\n<section class=\"Stories-By-Author-module_wrapper__ezbcK Stories-By-Author-module_nj__Ap1-Y\"\/>\n<p class=\"article__paragraph article__paragraph--left\" id=\"GCPBNCR7NVACHINSPKBHR52TYE\"><i>Nosso jornalismo precisa do seu apoio. Por favor, inscreva-se hoje para <\/i><a href=\"http:\/\/nj.com\/\" target=\"_blank\"><i>NJ.com<\/i><\/a><i>.<\/i><\/p>\n<p class=\"article__paragraph article__paragraph--left\" id=\"H3H45AGWFVG2LMERLUYCW4YNKA\"><i>Matt Gray pode ser contatado em <\/i><a href=\"https:\/\/www.nj.com\/cumberland\/2024\/11\/mailto:mgray@njadvancemedia.com\" target=\"_blank\"><i>mgray@njadvancemedia.com<\/i><\/a><i>.<\/i><\/p>\n<\/div>\n<p><br \/>\n<br \/><a href=\"https:\/\/www.nj.com\/cumberland\/2024\/11\/case-against-5-charged-in-nj-detectives-killing-will-be-moved-to-new-county-judge-rules.html\">Source link <\/a><\/p>","protected":false},"excerpt":{"rendered":"<p>O caso contra cinco r\u00e9us acusados \u200b\u200b\u200b\u200bde conex\u00e3o com a morte a tiros de um detetive do Minist\u00e9rio P\u00fablico do condado de Cumberland ser\u00e1 transferido para o condado de Atlantic,&hellip;<\/p>","protected":false},"author":1,"featured_media":64221,"comment_status":"closed","ping_status":"open","sticky":false,"template":"","format":"standard","meta":{"content-type":"","footnotes":""},"categories":[1],"tags":[],"class_list":["post-64220","post","type-post","status-publish","format-standard","has-post-thumbnail","hentry","category-uncategorized"],"_links":{"self":[{"href":"https:\/\/tvbrazilusa.com\/pt\/wp-json\/wp\/v2\/posts\/64220","targetHints":{"allow":["GET"]}}],"collection":[{"href":"https:\/\/tvbrazilusa.com\/pt\/wp-json\/wp\/v2\/posts"}],"about":[{"href":"https:\/\/tvbrazilusa.com\/pt\/wp-json\/wp\/v2\/types\/post"}],"author":[{"embeddable":true,"href":"https:\/\/tvbrazilusa.com\/pt\/wp-json\/wp\/v2\/users\/1"}],"replies":[{"embeddable":true,"href":"https:\/\/tvbrazilusa.com\/pt\/wp-json\/wp\/v2\/comments?post=64220"}],"version-history":[{"count":1,"href":"https:\/\/tvbrazilusa.com\/pt\/wp-json\/wp\/v2\/posts\/64220\/revisions"}],"predecessor-version":[{"id":64222,"href":"https:\/\/tvbrazilusa.com\/pt\/wp-json\/wp\/v2\/posts\/64220\/revisions\/64222"}],"wp:featuredmedia":[{"embeddable":true,"href":"https:\/\/tvbrazilusa.com\/pt\/wp-json\/wp\/v2\/media\/64221"}],"wp:attachment":[{"href":"https:\/\/tvbrazilusa.com\/pt\/wp-json\/wp\/v2\/media?parent=64220"}],"wp:term":[{"taxonomy":"category","embeddable":true,"href":"https:\/\/tvbrazilusa.com\/pt\/wp-json\/wp\/v2\/categories?post=64220"},{"taxonomy":"post_tag","embeddable":true,"href":"https:\/\/tvbrazilusa.com\/pt\/wp-json\/wp\/v2\/tags?post=64220"}],"curies":[{"name":"wp","href":"https:\/\/api.w.org\/{rel}","templated":true}]}}