{"id":64243,"date":"2024-11-22T22:39:59","date_gmt":"2024-11-22T22:39:59","guid":{"rendered":"https:\/\/tvbrazilusa.com\/2024\/11\/22\/ex-estrategista-digital-de-milei-considera-ridiculo-e-positivo-ter-sido-indiciado-pela-pf\/"},"modified":"2024-11-22T22:40:01","modified_gmt":"2024-11-22T22:40:01","slug":"ex-estrategista-digital-de-milei-considera-ridiculo-e-positivo-ter-sido-indiciado-pela-pf","status":"publish","type":"post","link":"https:\/\/tvbrazilusa.com\/pt\/2024\/11\/22\/ex-estrategista-digital-de-milei-considera-ridiculo-e-positivo-ter-sido-indiciado-pela-pf\/","title":{"rendered":"Ex-estrategista digital de Milei considera &#8216;rid\u00edculo&#8217; e &#8216;positivo&#8217; ter sido indiciado pela PF"},"content":{"rendered":"<p> <script async src=\"https:\/\/pagead2.googlesyndication.com\/pagead\/js\/adsbygoogle.js?client=ca-pub-8864793242727901\"\r\n     crossorigin=\"anonymous\"><\/script><br \/>\n<\/p>\n<div>\n<figure class=\"post-image\">\n<\/figure>\n<p>            <span style=\"font-size: 12px\">Reprodu\u00e7\u00e3o\/Instagram\/@cerimedofernando<\/span><\/p>\n<p>            <!-- end metas --><br \/>\n            <!-- ADS --><\/p>\n<div id=\"taboola-read-more\" style=\"display:block; width:100%\">\n<p>Entre os 37 indiciados pela Pol\u00edcia Federal por suposta tentativa de golpe de estado, chama a aten\u00e7\u00e3o a presen\u00e7a de um estrangeiro. Trata-se de Fernando Cerimedo, um influenciador de direita, dono de um canal chamado \u201cLa Derecha Diario\u201d, que atuou como estrategista digital da campanha de Javier Milei.\n<\/p>\n<p>Segundo a Pol\u00edcia Federal, Cerimedo participou de uma campanha para desestabilizar a elei\u00e7\u00e3o no Brasil. Em uma transmiss\u00e3o, o influenciador teria feito falsas alega\u00e7\u00f5es de que algumas das urnas, de fabrica\u00e7\u00e3o anterior a 2020, n\u00e3o teriam sido auditadas.<\/p>\n<p>O Blog conversou com Fernando Cerimedo, j\u00e1 que tive contato com o influenciador durante a campanha eleitoral da Argentina no ano passado. Cerimedo disse primeiro que \u00e9 \u201crid\u00edculo\u201d a inclus\u00e3o do nome dele no inqu\u00e9rito da Pol\u00edcia Federal e depois que \u00e9 \u201cpositivo\u201d.\n<\/p>\n<p>\u201c\u00c9 positivo porque termina mostrando o rid\u00edculo de todo o processo em geral. Tem um padre tamb\u00e9m envolvido na investiga\u00e7\u00e3o, o que mostra como a pol\u00edcia fez o seu trabalho, todo parcial\u201d, afirmou Fernando Cerimedo com exclusividade para o Blog do Nolasco.\n<\/p>\n<p>Fonte: R7              <\/p>\n<\/div>\n<p>                        <!-- Scripts para conteudo --><\/p>\n<p>            <!-- .\/Scripts para conteudo --><br \/>\n            <!-- .\/Mat\u00e9ria --><\/p>\n<div class=\"row mt-3\">\n<div class=\"col-sm-6\">\n                <!-- Whatsapp channel 3--><br \/>\n                <a href=\"https:\/\/chat.whatsapp.com\/J6hwSKYns5B0XFowx2wZ0P\" target=\"_blank\"><br \/>\n                  <img decoding=\"async\" src=\"https:\/\/diariodobrasilnoticias.com.br\/assets-site\/images\/bot_whatsapp.png\"\/><\/a>\n              <\/div>\n<div class=\"col-sm-6\">\n                <a href=\"https:\/\/t.me\/+_4gTmi5LKo03OTM5\" target=\"_blank\"><br \/>\n                  <img decoding=\"async\" src=\"https:\/\/diariodobrasilnoticias.com.br\/assets-site\/images\/bot_telegram.png\"\/><\/a>\n              <\/div>\n<\/p><\/div>\n<p>            <!-- end post-navigation --><\/p>\n<p>              <!-- end row --><\/p>\n<p>              <!-- end col-12-->\n                      <\/div>\n<p><br \/>\n<br \/><a href=\"https:\/\/diariodobrasilnoticias.com.br\/noticia\/ex-estrategista-digital-de-milei-considera-ridiculo-e-positivo-ter-sido-indiciado-pela-pf-6740edff86017\">Source link <\/a><\/p>","protected":false},"excerpt":{"rendered":"<p>Reprodu\u00e7\u00e3o\/Instagram\/@cerimedofernando Entre os 37 indiciados pela Pol\u00edcia Federal por suposta tentativa de golpe de estado, chama a aten\u00e7\u00e3o a presen\u00e7a de um estrangeiro. Trata-se de Fernando Cerimedo, um influenciador de&hellip;<\/p>","protected":false},"author":1,"featured_media":64244,"comment_status":"closed","ping_status":"open","sticky":false,"template":"","format":"standard","meta":{"content-type":"","footnotes":""},"categories":[16],"tags":[123,2448,5313,1267],"class_list":["post-64243","post","type-post","status-publish","format-standard","has-post-thumbnail","hentry","category-noticias","tag-brasil","tag-diario","tag-noticia","tag-noticias"],"_links":{"self":[{"href":"https:\/\/tvbrazilusa.com\/pt\/wp-json\/wp\/v2\/posts\/64243","targetHints":{"allow":["GET"]}}],"collection":[{"href":"https:\/\/tvbrazilusa.com\/pt\/wp-json\/wp\/v2\/posts"}],"about":[{"href":"https:\/\/tvbrazilusa.com\/pt\/wp-json\/wp\/v2\/types\/post"}],"author":[{"embeddable":true,"href":"https:\/\/tvbrazilusa.com\/pt\/wp-json\/wp\/v2\/users\/1"}],"replies":[{"embeddable":true,"href":"https:\/\/tvbrazilusa.com\/pt\/wp-json\/wp\/v2\/comments?post=64243"}],"version-history":[{"count":1,"href":"https:\/\/tvbrazilusa.com\/pt\/wp-json\/wp\/v2\/posts\/64243\/revisions"}],"predecessor-version":[{"id":64245,"href":"https:\/\/tvbrazilusa.com\/pt\/wp-json\/wp\/v2\/posts\/64243\/revisions\/64245"}],"wp:featuredmedia":[{"embeddable":true,"href":"https:\/\/tvbrazilusa.com\/pt\/wp-json\/wp\/v2\/media\/64244"}],"wp:attachment":[{"href":"https:\/\/tvbrazilusa.com\/pt\/wp-json\/wp\/v2\/media?parent=64243"}],"wp:term":[{"taxonomy":"category","embeddable":true,"href":"https:\/\/tvbrazilusa.com\/pt\/wp-json\/wp\/v2\/categories?post=64243"},{"taxonomy":"post_tag","embeddable":true,"href":"https:\/\/tvbrazilusa.com\/pt\/wp-json\/wp\/v2\/tags?post=64243"}],"curies":[{"name":"wp","href":"https:\/\/api.w.org\/{rel}","templated":true}]}}