{"id":64249,"date":"2024-11-22T22:34:33","date_gmt":"2024-11-22T22:34:33","guid":{"rendered":"https:\/\/tvbrazilusa.com\/2024\/11\/22\/4-coisas-que-aprendemos-com-o-perfil-de-capa-da-mens-health-de-jaylen-brown\/"},"modified":"2024-11-22T22:46:15","modified_gmt":"2024-11-22T22:46:15","slug":"4-coisas-que-aprendemos-com-o-perfil-de-capa-da-mens-health-de-jaylen-brown","status":"publish","type":"post","link":"https:\/\/tvbrazilusa.com\/pt\/2024\/11\/22\/4-coisas-que-aprendemos-com-o-perfil-de-capa-da-mens-health-de-jaylen-brown\/","title":{"rendered":"4 coisas que aprendemos com o perfil de capa da Men&#8217;s Health de Jaylen Brown"},"content":{"rendered":"<p> <script async src=\"https:\/\/pagead2.googlesyndication.com\/pagead\/js\/adsbygoogle.js?client=ca-pub-8864793242727901\"\r\n     crossorigin=\"anonymous\"><\/script><br \/>\n<\/p>\n<div id=\"\">\n<header class=\"m-article-header m-article-header--standard\">\n\t\t\t\t\t\t\t\t\t\t\t\t<span id=\"article-header-primary-term\"><br \/>\n\t\t\t\t\t\t\t\t<a class=\"a-term a-term--primary\" href=\"https:\/\/www.boston.com\/tag\/boston-celtics\/\"><\/p>\n<p>\t\t\t\t\t\t\t\tCeltas\t\t\t\t\t\t\t\t<\/a><br \/>\n\t\t\t\t\t\t\t<\/span><\/p>\n<h2 class=\"m-article-header__sub-headline\">Brown compartilhou que deseja imitar Bill Russell, Muhammad Ali e Kobe Bryant.<\/h2>\n<figure class=\"a-photo m-article-header__photo\"><figcaption class=\"a-photo__caption\">\n<p>\tJaylen Brown foi perfilado e apareceu na capa da revista Men&#8217;s Health. <em> (Foto de Winslow Townson\/Getty Images)<\/em>\t<\/figcaption><\/figure>\n<\/header>\n<p>Um rosto conhecido dos torcedores do Celtics est\u00e1 na capa da \u00faltima edi\u00e7\u00e3o da <em>Sa\u00fade Masculina<\/em> revista. <\/p>\n<p>A estrela do Celtics, Jaylen Brown, vestiu a capa de <em>Sa\u00fade Masculina<\/em>Edi\u00e7\u00e3o de inverno de 2024. Brown, que estava sem camisa na capa, falou com <em>Sa\u00fade Masculina<\/em> diretor de fitness e treinador certificado Ebenezer Samuel pela mat\u00e9ria de capa, intitulada \u201cJaylen Brown vs. NBA, Nike e o mundo\u201d.<\/p>\n<p>Na hist\u00f3ria, Brown compartilhou alguns de seus treinos fora de temporada com Samuel. Ele tamb\u00e9m compartilhou algumas id\u00e9ias relacionadas ao basquete, quem s\u00e3o seus her\u00f3is e revelou novas informa\u00e7\u00f5es sobre seu relacionamento com a Nike. <\/p>\n<p>Aqui est\u00e3o quatro coisas que aprendemos sobre Brown no <em>Sa\u00fade Masculina<\/em> perfil, <a href=\"https:\/\/www.menshealth.com\/fitness\/a62886159\/jaylen-brown-interview\/\" target=\"_blank\" rel=\"noreferrer noopener\">que pode ser lido aqui<\/a>. <\/p>\n<figure class=\"wp-block-embed is-type-rich is-provider-twitter wp-block-embed-twitter\"\/>\n<p>O t\u00e9cnico do Mavericks, Jason Kidd, criou algumas manchetes entre os jogos 1 e 2 das finais da NBA em junho, chamando Brown de o melhor jogador do Celtics. O coment\u00e1rio de Kidd foi visto como uma t\u00e1tica para possivelmente criar uma divis\u00e3o por alguns, com o Celtics obtendo uma forte vit\u00f3ria no Jogo 1 a caminho da vit\u00f3ria nas Finais.<\/p>\n<p>Na \u00e9poca, Brown disse que \u201cn\u00e3o teve rea\u00e7\u00e3o\u201d ao coment\u00e1rio de Kidd. Depois de vencer o MVP das finais, Brown foi questionado novamente por Samuel sobre o coment\u00e1rio de Kidd.<\/p>\n<p>\u201cSe voc\u00ea perguntar a ele, acho que ele quis dizer exatamente o que estava dizendo\u201d, respondeu Brown. \u201cAcho que ele honestamente acreditava que essa era apenas a opini\u00e3o dele.\u201d<\/p>\n<p>Brown teve um forte desempenho na vit\u00f3ria de cinco jogos do Boston sobre o Dallas. Ele marcou 20,8 pontos por jogo, com 5,4 rebotes, cinco assist\u00eancias e 1,6 roubadas de bola por jogo na s\u00e9rie. Mas seu maior impacto provavelmente veio na ponta defensiva, onde foi o principal defensor do Celtics sobre Luka Doncic. A estrela do Mavericks acertou apenas 40,9 por cento do campo e 25 por cento da dist\u00e2ncia, enquanto cometeu cinco viradas quando Brown o defendeu, de acordo com as estat\u00edsticas de rastreamento do NBA.com.<\/p>\n<p>Kidd e Brown tamb\u00e9m desenvolveram um relacionamento fora das quadras. A dupla, ex-alunos de Cal, formou uma parceria em agosto para trazer o XChange para Oakland. Brown formou o Boston XChange com a ajuda de Jrue e Lauren Holliday no in\u00edcio do ver\u00e3o <a href=\"https:\/\/bxchange.org\/about\/\" target=\"_blank\" rel=\"noreferrer noopener\">para ajudar<\/a> \u201ccapacitar criadores e empreendedores sub-representados, fornecendo os recursos, o apoio e as oportunidades necess\u00e1rias para prosperar.\u201d<\/p>\n<h2 class=\"wp-block-heading\" id=\"h-brown-admitted-that-there-have-been-moments-in-his-career-where-he-s-felt-he-deserved-more\">Brown admitiu que houve momentos em sua carreira em que sentiu que \u201cmerecia mais\u201d.<\/h2>\n<p>Durante grande parte de sua carreira, Brown foi o segundo violino de Jayson Tatum no Celtics. Desde a sa\u00edda de Kyrie Irving na entressafra de 2019, Tatum liderou o time em pontua\u00e7\u00e3o, com Brown terminando em segundo lugar no time em pontua\u00e7\u00e3o em cada um dos \u00faltimos quatro anos.<\/p>\n<p>Como resultado, Tatum parece receber uma parcela maior de holofotes do que Brown. Coment\u00e1rios como o que Kidd fez durante as finais tamb\u00e9m eram frequentes antes de ganharem o t\u00edtulo, j\u00e1 que alguns analistas achavam que Brown era bom o suficiente para liderar seu pr\u00f3prio time ou achavam que a parceria entre ele e Tatum n\u00e3o funcionaria.<\/p>\n<p>Brown disse a Samuel que houve momentos em que ele pensou que deveria receber mais do que recebeu em Boston. <\/p>\n<p>\u201cSempre compreendi um processo, uma equipe e nunca reclamei disso\u201d, disse Brown. \u201cAchei que merecia mais em determinados momentos da minha carreira? Mil por cento.\u201d<\/p>\n<p>Brown n\u00e3o especificou o que \u201cmais\u201d significava na entrevista. Ele tem sido objeto de rumores comerciais, nos \u00faltimos anos, principalmente como a pe\u00e7a central de um acordo para adquirir Kevin Durant em 2022.<\/p>\n<p>Obviamente, o Celtics manteve Brown. Mais tarde, eles assinaram com ele uma extens\u00e3o supermax na entressafra de 2023, que foi o maior contrato da hist\u00f3ria da NBA na \u00e9poca, que foi superado pela extens\u00e3o que Tatum assinou em julho.<\/p>\n<p>Agora, Brown parece mais seguro em seu papel, dizendo a Samuel que ele \u00e9 \u201co l\u00edder desta equipe\u201d. <\/p>\n<p>\u201c\u00c9 meu trabalho extrair o melhor de todos\u201d, disse Brown a Samuel. \u201c\u00c0s vezes \u00e9 normal ficar em segundo plano para que outras pessoas brilhem.\u201d<\/p>\n<figure class=\"wp-block-embed is-type-video is-provider-sendtonews wp-block-embed-sendtonews\"\/>\n<h2 class=\"wp-block-heading\" id=\"h-brown-shared-which-three-athletes-he-most-wants-to-emulate\">Brown compartilhou quais s\u00e3o os tr\u00eas atletas que ele mais deseja imitar. <\/h2>\n<p>Brown disse a Samuel que deseja ter um legado semelhante ao de nomes como Bill Russell, Muhammad Ali e Kobe Bryant. <\/p>\n<p>\u201cBill Russell, pelo que falou em termos de desigualdades e justi\u00e7a para as pessoas de cor\u201d, disse Brown a Samuel. \u201cMuhammad Ali, pelo seu sistema de cren\u00e7as, pela sua f\u00e9, pelo seu carisma, pelo seu destemor \u2013 e pela sua afirma\u00e7\u00e3o de que &#8216;Eu sou o maior&#8217;. Kobe tinha aquele eu-n\u00e3o-do-a-[expletive] atitude. A confian\u00e7a de Kobe foi muito gratificante, como se ele realmente se considerasse muito bom &#8211; mas tamb\u00e9m porque trabalhou duro.<\/p>\n<p>Brown sempre compartilhou sua admira\u00e7\u00e3o por Russell, um \u00edcone do Celtics. Na verdade, ele estava atrasado para um treino do Celtics para poder comparecer e falar na cerim\u00f4nia da cidade de Boston ao renomear a North Washington Street Bridge em homenagem a Russell, em outubro.<\/p>\n<p>\u201cBill Russell transcende os esportes\u201d, Brown <a href=\"https:\/\/www.boston.com\/sports\/boston-celtics\/2024\/10\/21\/jaylen-brown-bill-russell-bridge-renaming-ceremony-boston\/\" target=\"_blank\" rel=\"noreferrer noopener\">disse no evento<\/a>. \u201cPosso falar muito sobre seu curr\u00edculo, mas seu car\u00e1ter, seu comportamento e como ele se comportou nas adversidades, acho que isso diz muito, especialmente em uma \u00e9poca como a de hoje. Acho muito apropriado que a ponte receba o nome dele, porque o que uma ponte faz \u00e9 unir as pessoas. E a lideran\u00e7a do desporto e o papel que o desporto desempenha na nossa sociedade est\u00e1 a unir as pessoas.\u201d<\/p>\n<p>Brown tamb\u00e9m tem se destacado na divulga\u00e7\u00e3o de quest\u00f5es extrajudiciais, semelhante a Russell. Ele dirigiu de Boston a Atlanta para fazer parte de um protesto no auge do movimento Black Lives Matter em 2020. Ele tamb\u00e9m iniciou iniciativas extrajudiciais, como o j\u00e1 mencionado Boston XChange, para ajudar a reduzir a desigualdade de riqueza. <\/p>\n<p>Antes da entrevista com Samuel, Brown n\u00e3o havia compartilhado muito sobre sua admira\u00e7\u00e3o por Ali e Bryant no passado. Na verdade, ele tem uma liga\u00e7\u00e3o com Ali, que seu av\u00f4 <a href=\"https:\/\/www.bostonglobe.com\/2020\/05\/18\/sports\/jaylen-browns-quarantine-trainer-is-his-78-year-old-grandfather-who-sparred-with-ali\/\" target=\"_blank\" rel=\"noreferrer noopener\">disse que lutou boxe contra nos treinos<\/a>. Brown lutou boxe com seu av\u00f4 durante a paralisa\u00e7\u00e3o da NBA em 2020 para se manter em forma. <\/p>\n<p>Mas Brown tamb\u00e9m falou muito sobre sua f\u00e9 nos \u00faltimos anos, observando o Ramad\u00e3 no final da temporada do Celtics em v\u00e1rias ocasi\u00f5es. Ele tamb\u00e9m executou Umrah ao fazer a peregrina\u00e7\u00e3o a Meca, na Ar\u00e1bia Saudita, com o ex-companheiro de equipe do Celtics, Tacko Fall, em julho. Ali tamb\u00e9m era mu\u00e7ulmano, convertendo-se ao islamismo sunita durante sua carreira no boxe.<\/p>\n<p>Quanto \u00e0 sua admira\u00e7\u00e3o por Bryant, Brown mencionou o \u00edcone do Lakers como uma das inspira\u00e7\u00f5es para fundar o 741, sua marca de desempenho, em uma entrevista com Stephen A. Smith em outubro.<\/p>\n<p>\u201cGrande parte da raz\u00e3o pela qual comecei esta empresa de cal\u00e7ados \u00e9 porque li um artigo por volta de 2019 que Kobe estava fazendo a mesma coisa antes de falecer\u201d, Brown <a href=\"https:\/\/www.youtube.com\/watch?v=Rb-q3Ug4kA8\" target=\"_blank\" rel=\"noreferrer noopener\">disse a Smith<\/a>. <\/p>\n<p>Na quadra, Brown e Bryant t\u00eam algumas semelhan\u00e7as. Antes de levar o Lakers aos t\u00edtulos em 2009 e 2010, Bryant tamb\u00e9m foi o segundo violino de uma dupla de duas estrelas com Shaquille O&#8217;Neal. Bryant e O&#8217;Neal ajudaram o Lakers a vencer tr\u00eas campeonatos consecutivos de 2000 a 2002, antes de sua desaven\u00e7a levar O&#8217;Neal a ser negociado em 2004. <\/p>\n<h2 class=\"wp-block-heading\" id=\"h-brown-said-he-passed-on-multi-million-dollar-deals-with-sneaker-companies-because-he-wouldn-t-be-allowed-to-design-his-own-signature-shoe\">Brown disse que rejeitou acordos multimilion\u00e1rios com empresas de t\u00eanis porque n\u00e3o teria permiss\u00e3o para projetar seu pr\u00f3prio cal\u00e7ado exclusivo. <\/h2>\n<p>A briga de Brown com a Nike ap\u00f3s sua derrota nas Olimp\u00edadas durante o ver\u00e3o foi uma das maiores hist\u00f3rias em torno do Celtics ap\u00f3s a conquista do t\u00edtulo. Mas na verdade ele negociou um acordo de cal\u00e7ados com a Nike, junto com a Under Armour e a Puma, depois que seu contrato com a Adidas expirou em 2021, segundo Samuel. <\/p>\n<p>No entanto, houve um problema que Brown teve com a Nike e cada marca de vestu\u00e1rio com a qual negociou, alegando que nenhuma delas lhe permitiria projetar seu pr\u00f3prio cal\u00e7ado exclusivo.<\/p>\n<p>\u201cEles desperdi\u00e7aram meu tempo\u201d, disse Brown. \u201cEles fingiram que iriam ouvir. Assim que chega o contrato, eles dizem: &#8216;Bem, nossos superstars que temos aqui s\u00e3o &#8211; que na \u00e9poca eram maiores do que eu &#8211; este \u00e9 o contrato que eles t\u00eam.&#8217;\u201d<\/p>\n<p>Brown disse a Samuel que sua abordagem nas negocia\u00e7\u00f5es provavelmente lhe custou \u201cmilh\u00f5es de d\u00f3lares em neg\u00f3cios\u201d. Ele optou por lan\u00e7ar o 741 antes da temporada regular do Celtics, lan\u00e7ando seu primeiro cal\u00e7ado exclusivo, o Rover, logo depois.<\/p>\n<p>Em setembro, Brown <a href=\"https:\/\/www.boston.com\/sports\/boston-celtics\/2024\/09\/27\/celtics-jaylen-brown-741-brand-signature-shoe\/\" target=\"_blank\" rel=\"noreferrer noopener\">disse aos rep\u00f3rteres<\/a> que ele espera que o lan\u00e7amento do 741 ajude a inspirar outros atletas famosos a fazer algo semelhante.<\/p>\n<p>\u201cToda a minha ideologia \u00e9 ser capaz de criar outras op\u00e7\u00f5es\u201d, disse Brown. \u201cTem muitos caras que sentem vontade de fazer outras coisas e t\u00eam medo ou n\u00e3o sabem como. Como representante da Associa\u00e7\u00e3o de Jogadores, eu os ou\u00e7o. Eu ou\u00e7o as hist\u00f3rias dos caras \u00e0 medida que envelhecem. Eu ou\u00e7o as hist\u00f3rias dos caras durante a transi\u00e7\u00e3o de suas carreiras e eles gostariam de ter outras op\u00e7\u00f5es.<\/p>\n<p>\u201cEnt\u00e3o, a solu\u00e7\u00e3o para mim foi come\u00e7ar a usar minha plataforma para criar [those]estimule outras pessoas e mostre-lhes exatamente como podem fazer isso.\u201d<\/p>\n<div class=\"m-block m-generic-cta\t m-generic-cta--post-content\t m-generic-cta--dark\t m-generic-cta--homepage\t m-generic-cta--email-signup\t\t m-generic-cta-block-style--default \tt-amp__generic-cta\"><\/p>\n<div class=\"m-generic-cta__wrap\">\n<div class=\"m-generic-cta__content\">\n<h3 class=\"m-generic-cta__title\">Inscreva-se para receber atualiza\u00e7\u00f5es do Celtics\ud83c\udfc0<\/h3>\n<p class=\"m-generic-cta__subtitle\">Receba as \u00faltimas not\u00edcias e an\u00e1lises em sua caixa de entrada durante a temporada de basquete.<\/p>\n<\/p><\/div>\n<\/p><\/div>\n<\/div><\/div>\n<p><script>\n\t\tvar consent=\"grant\";\n\t\t\/* The above code is parsing the JSON data from the local storage and storing it in a variable. *\/\n\t\t\t\t\tconst onetrustStorageConsent = JSON.parse(localStorage.getItem( 'consent_one_trust_bdc' ) );\n\t\t\tif ( ( onetrustStorageConsent !== null ) ) {\n\t\t\t\t\/* Checking to see if the user has consented to the use of cookies.\n\t\t\t\t* If they have not, it is deleting the cookie.\n\t\t\t\t* This will comment for now, until further notice.\n\t\t\t\t*\/\n\t\t\t\t\/\/if ( onetrustStorageConsent.C0002 === false ) {\n\t\t\t\t\/\/\tdocument.cookie=\"_fbp=;expires=Thu, 01 Jan 2010 00:00:00 UTC; path=\/; domain=.boston.com\";\n\t\t\t\t\/\/}\n\t\t\t\t\/* Checking if the user has given consent for the cookie C0002.\n\t\t\t\t* If the user has given consent, the variable consent will be set to 'grant'.\n\t\t\t\t* If the user has not given consent,the variable consent will be set to 'revoke'.\n\t\t\t\t* Documentation https:\/\/developers.facebook.com\/docs\/meta-pixel\/implementation\/gdpr\n\t\t\t\t*\/\n\t\t\t\tif ( onetrustStorageConsent.C0002 !== true ) {\n\t\t\t\t\tconsent=\"revoke\";\n\t\t\t\t}\n\t\t\t}\n\t\t\t\t!function(f,b,e,v,n,t,s)\n\t\t{if(f.fbq)return;n=f.fbq=function(){n.callMethod?\n\t\tn.callMethod.apply(n,arguments):n.queue.push(arguments)};\n\t\tif(!f._fbq)f._fbq=n;n.push=n;n.loaded=!0;n.version='2.0';\n\t\tn.queue=[];t=b.createElement(e);t.async=!0;\n\t\tt.src=v;s=b.getElementsByTagName(e)[0];\n\t\ts.parentNode.insertBefore(t,s)}(window, document,'script',\n\t\t'https:\/\/connect.facebook.net\/en_US\/fbevents.js');\n\t\tfbq('consent', consent);\n\t\tfbq('init', '989222871864976');\n\t\tfbq('track', 'PageView');\n\t<\/script><script type=\"module\">\n\t\tvar consent=\"grant\";\n\t\t\/* The above code is parsing the JSON data from the local storage and storing it in a variable. *\/\n\t\t\tconst onetrustStorageConsent = JSON.parse(localStorage.getItem( 'consent_one_trust_bdc' ) );\n\t\t\t\/* Checking to see if the user has consented to the use of cookies.\n\t\t\t* If they have not, it is deleting the cookie.\n\t\t\t* This will comment for now, until further notice.\n\t\t\t*\/\n\t\t\t\/\/if ( onetrustStorageConsent.C0002 === false ) {\n\t\t\t\/\/\tdocument.cookie=\"_fbp=;expires=Thu, 01 Jan 2010 00:00:00 UTC; path=\/; domain=.boston.com\";\n\t\t\t\/\/}\n\t\t\t\/* Checking if the user has given consent for the cookie C0002.\n\t\t\t* If the user has given consent, the variable consent will be set to 'grant'.\n\t\t\t* If the user has not given consent,the variable consent will be set to 'revoke'.\n\t\t\t* Documentation https:\/\/developers.facebook.com\/docs\/meta-pixel\/implementation\/gdpr\n\t\t\t*\/\n\t\t\tif ( ( onetrustStorageConsent !== null ) && (onetrustStorageConsent.C0002 !== true ) ) {\n\t\t\t\tconsent=\"revoke\";\n\t\t\t}\n\t\t\t\t!function(f,b,e,v,n,t,s){if(f.fbq)return;n=f.fbq=function()\n\t\t{n.callMethod? n.callMethod.apply(n,arguments):n.queue.push(arguments)}\n\t\t;if(!f._fbq)f._fbq=n;\n\t\tn.push=n;n.loaded=!0;n.version='2.0';n.queue=[];t=b.createElement(e);t.async=!0;\n\t\tt.src=v;s=b.getElementsByTagName(e)[0];s.parentNode.insertBefore(t,s)}(window,\n\t\tdocument,'script','https:\/\/connect.facebook.net\/en_US\/fbevents.js');\n\t\tfbq('consent', consent);\n\t\tfbq('init', '813236348753005');\n\t\tfbq('track', \"PageView\");\n\t<\/script><br \/>\n<br \/><br \/>\n<br \/><a href=\"https:\/\/www.boston.com\/sports\/boston-celtics\/2024\/11\/22\/celtics-jaylen-brown-mens-health-heros-nike\/\">Source link <\/a><\/p>","protected":false},"excerpt":{"rendered":"<p>Celtas Brown compartilhou que deseja imitar Bill Russell, Muhammad Ali e Kobe Bryant. Jaylen Brown foi perfilado e apareceu na capa da revista Men&#8217;s Health. (Foto de Winslow Townson\/Getty Images)&hellip;<\/p>","protected":false},"author":1,"featured_media":64250,"comment_status":"closed","ping_status":"open","sticky":false,"template":"","format":"standard","meta":{"content-type":"","footnotes":""},"categories":[1],"tags":[],"class_list":["post-64249","post","type-post","status-publish","format-standard","has-post-thumbnail","hentry","category-uncategorized"],"_links":{"self":[{"href":"https:\/\/tvbrazilusa.com\/pt\/wp-json\/wp\/v2\/posts\/64249","targetHints":{"allow":["GET"]}}],"collection":[{"href":"https:\/\/tvbrazilusa.com\/pt\/wp-json\/wp\/v2\/posts"}],"about":[{"href":"https:\/\/tvbrazilusa.com\/pt\/wp-json\/wp\/v2\/types\/post"}],"author":[{"embeddable":true,"href":"https:\/\/tvbrazilusa.com\/pt\/wp-json\/wp\/v2\/users\/1"}],"replies":[{"embeddable":true,"href":"https:\/\/tvbrazilusa.com\/pt\/wp-json\/wp\/v2\/comments?post=64249"}],"version-history":[{"count":1,"href":"https:\/\/tvbrazilusa.com\/pt\/wp-json\/wp\/v2\/posts\/64249\/revisions"}],"predecessor-version":[{"id":64251,"href":"https:\/\/tvbrazilusa.com\/pt\/wp-json\/wp\/v2\/posts\/64249\/revisions\/64251"}],"wp:featuredmedia":[{"embeddable":true,"href":"https:\/\/tvbrazilusa.com\/pt\/wp-json\/wp\/v2\/media\/64250"}],"wp:attachment":[{"href":"https:\/\/tvbrazilusa.com\/pt\/wp-json\/wp\/v2\/media?parent=64249"}],"wp:term":[{"taxonomy":"category","embeddable":true,"href":"https:\/\/tvbrazilusa.com\/pt\/wp-json\/wp\/v2\/categories?post=64249"},{"taxonomy":"post_tag","embeddable":true,"href":"https:\/\/tvbrazilusa.com\/pt\/wp-json\/wp\/v2\/tags?post=64249"}],"curies":[{"name":"wp","href":"https:\/\/api.w.org\/{rel}","templated":true}]}}