{"id":64278,"date":"2024-11-22T23:24:47","date_gmt":"2024-11-22T23:24:47","guid":{"rendered":"https:\/\/tvbrazilusa.com\/2024\/11\/22\/ucrania-solicita-defesas-aereas-para-se-proteger-de-novos-ataques-da-russia\/"},"modified":"2024-11-22T23:24:49","modified_gmt":"2024-11-22T23:24:49","slug":"ucrania-solicita-defesas-aereas-para-se-proteger-de-novos-ataques-da-russia","status":"publish","type":"post","link":"https:\/\/tvbrazilusa.com\/pt\/2024\/11\/22\/ucrania-solicita-defesas-aereas-para-se-proteger-de-novos-ataques-da-russia\/","title":{"rendered":"Ucr\u00e2nia solicita defesas a\u00e9reas para se proteger de novos ataques da R\u00fassia"},"content":{"rendered":"<p> <script async src=\"https:\/\/pagead2.googlesyndication.com\/pagead\/js\/adsbygoogle.js?client=ca-pub-8864793242727901\"\r\n     crossorigin=\"anonymous\"><\/script><br \/>\n<\/p>\n<div id=\"taboola-read-more\" style=\"display:block; width:100%\">\n<p>O presidente da Ucr\u00e2nia, Volodymyr Zelensky, afirmou nesta sexta-feira (22) que seu ministro da Defesa, Rustem Umerov, j\u00e1 est\u00e1 realizando reuni\u00f5es com aliados para solicitar novos sistemas de defesa a\u00e9rea \u201ccapazes de proteger vidas de novos riscos\u201d, ap\u00f3s o lan\u00e7amento nesta quinta-feira (21) do novo m\u00edssil bal\u00edstico Oreshnik por parte da R\u00fassia.\n<\/p>\n<p>\u201cHoje foram descobertos mais detalhes sobre o novo m\u00edssil que a R\u00fassia usou para atacar Dnipro. E daremos todos os detalhes aos jornalistas e \u00e0 imprensa internacional\u201d, declarou Zelensky durante seu discurso di\u00e1rio.<\/p>\n<p>\u201cO mundo deve conhecer a verdade e perceber que o \u00fanico que n\u00e3o quer a paz \u00e9 a R\u00fassia. \u00c9 por isso que a R\u00fassia precisa de uma escalada\u201d, acrescentou.\n<\/p>\n<p>Fontes do Ex\u00e9rcito ucraniano j\u00e1 haviam relatado \u00e0 ag\u00eancia de not\u00edcias Ukrinform que Kiev pedir\u00e1 aos Estados Unidos que transfiram armas capazes de abater m\u00edsseis intercontinentais, como os sistemas Patriot modernizados ou os sistemas de m\u00edsseis Aegis.\n<\/p>\n<p>Al\u00e9m disso, a Ucr\u00e2nia exigiu nesta sexta-feira uma reuni\u00e3o de emerg\u00eancia da Organiza\u00e7\u00e3o do Tratado do Atl\u00e2ntico Norte (Otan) em resposta ao lan\u00e7amento do novo m\u00edssil bal\u00edstico pela R\u00fassia.\n<\/p>\n<p>Por outro lado, Zelensky criticou em seu discurso a suspens\u00e3o da sess\u00e3o desta sexta-feira do Parlamento, devido a informa\u00e7\u00f5es dos servi\u00e7os de intelig\u00eancia de que poderia ocorrer um ataque contra a capital, e disse que a situa\u00e7\u00e3o n\u00e3o pode ser usada como \u201cdesculpa\u201d.\n<\/p>\n<p>\u201cSe n\u00e3o houver alarme a\u00e9reo, o Estado, a ind\u00fastria, as embaixadas, todos devem continuar trabalhando\u201d, ressaltou, depois do seu governo ter criticado nesta semana o fechamento tempor\u00e1rio de v\u00e1rias embaixadas ocidentais devido ao risco de ataques.\n<\/p>\n<p>&#8220;Isso afeta a todos, desde o Parlamento da Ucr\u00e2nia e outras estruturas e \u00f3rg\u00e3os estatais at\u00e9 os \u00f3rg\u00e3os administrativos das regi\u00f5es e munic\u00edpios. Se a sirene tocar, vamos para o abrigo. E, quando n\u00e3o h\u00e1 sirene, trabalhamos e prestamos servi\u00e7o&#8221;, completou.\n<\/p>\n<p>Fonte: Gazeta do Povo              <\/p>\n<\/div>\n<p><br \/>\n<br \/><a href=\"https:\/\/diariodobrasilnoticias.com.br\/noticia\/ucrania-solicita-defesas-aereas-para-se-proteger-de-novos-ataques-da-russia-6740f71673c28\">Source link <\/a><\/p>","protected":false},"excerpt":{"rendered":"<p>O presidente da Ucr\u00e2nia, Volodymyr Zelensky, afirmou nesta sexta-feira (22) que seu ministro da Defesa, Rustem Umerov, j\u00e1 est\u00e1 realizando reuni\u00f5es com aliados para solicitar novos sistemas de defesa a\u00e9rea&hellip;<\/p>","protected":false},"author":1,"featured_media":64279,"comment_status":"closed","ping_status":"open","sticky":false,"template":"","format":"standard","meta":{"content-type":"","footnotes":""},"categories":[16],"tags":[123,2448,5313,1267],"class_list":["post-64278","post","type-post","status-publish","format-standard","has-post-thumbnail","hentry","category-noticias","tag-brasil","tag-diario","tag-noticia","tag-noticias"],"_links":{"self":[{"href":"https:\/\/tvbrazilusa.com\/pt\/wp-json\/wp\/v2\/posts\/64278","targetHints":{"allow":["GET"]}}],"collection":[{"href":"https:\/\/tvbrazilusa.com\/pt\/wp-json\/wp\/v2\/posts"}],"about":[{"href":"https:\/\/tvbrazilusa.com\/pt\/wp-json\/wp\/v2\/types\/post"}],"author":[{"embeddable":true,"href":"https:\/\/tvbrazilusa.com\/pt\/wp-json\/wp\/v2\/users\/1"}],"replies":[{"embeddable":true,"href":"https:\/\/tvbrazilusa.com\/pt\/wp-json\/wp\/v2\/comments?post=64278"}],"version-history":[{"count":1,"href":"https:\/\/tvbrazilusa.com\/pt\/wp-json\/wp\/v2\/posts\/64278\/revisions"}],"predecessor-version":[{"id":64280,"href":"https:\/\/tvbrazilusa.com\/pt\/wp-json\/wp\/v2\/posts\/64278\/revisions\/64280"}],"wp:featuredmedia":[{"embeddable":true,"href":"https:\/\/tvbrazilusa.com\/pt\/wp-json\/wp\/v2\/media\/64279"}],"wp:attachment":[{"href":"https:\/\/tvbrazilusa.com\/pt\/wp-json\/wp\/v2\/media?parent=64278"}],"wp:term":[{"taxonomy":"category","embeddable":true,"href":"https:\/\/tvbrazilusa.com\/pt\/wp-json\/wp\/v2\/categories?post=64278"},{"taxonomy":"post_tag","embeddable":true,"href":"https:\/\/tvbrazilusa.com\/pt\/wp-json\/wp\/v2\/tags?post=64278"}],"curies":[{"name":"wp","href":"https:\/\/api.w.org\/{rel}","templated":true}]}}