{"id":6429,"date":"2024-07-23T17:42:53","date_gmt":"2024-07-23T17:42:53","guid":{"rendered":"https:\/\/tvbrazilusa.com\/2024\/07\/23\/sorveteria-judaica-sofre-com-serie-de-ataques-antissemitas-em-sp\/"},"modified":"2024-07-23T17:47:11","modified_gmt":"2024-07-23T17:47:11","slug":"sorveteria-judaica-sofre-com-serie-de-ataques-antissemitas-em-sp","status":"publish","type":"post","link":"https:\/\/tvbrazilusa.com\/pt\/2024\/07\/23\/sorveteria-judaica-sofre-com-serie-de-ataques-antissemitas-em-sp\/","title":{"rendered":"Sorveteria judaica sofre com s\u00e9rie de ataques antissemitas em SP"},"content":{"rendered":"<p> <script async src=\"https:\/\/pagead2.googlesyndication.com\/pagead\/js\/adsbygoogle.js?client=ca-pub-8864793242727901\"\r\n     crossorigin=\"anonymous\"><\/script><br \/>\n<\/p>\n<div>\n<p><em>Foto: Reprodu\u00e7\u00e3o\/Redes sociais<\/em><\/p>\n<p>A sorveteria Glidah, situada no cora\u00e7\u00e3o de Santa Cec\u00edlia, em S\u00e3o Paulo, tornou-se foco de uma s\u00e9rie de ofensas antissemitas pelas redes sociais. O diminuto estabelecimento, conhecido por seus sabores inventivos, enfrenta agora o sabor amargo da intoler\u00e2ncia.<\/p>\n<p>Ronny Trojbicz, o propriet\u00e1rio do local, compartilhou que as agress\u00f5es iniciaram ap\u00f3s a abertura do neg\u00f3cio em dezembro de 2023. Anteriormente, ele buscava remover os coment\u00e1rios prejudiciais, por\u00e9m, recentemente decidiu exp\u00f4-los em busca de apoio e solidariedade da comunidade online e dos seus clientes.<\/p>\n<h2 class=\"wp-block-heading\">O que s\u00e3o coment\u00e1rios antissemitas e como identific\u00e1-los?<\/h2>\n<p>Coment\u00e1rios antissemitas s\u00e3o declara\u00e7\u00f5es prejudiciais direcionadas aos judeus, muitas vezes contendo falsas acusa\u00e7\u00f5es ou incitando \u00f3dio. Esses podem variar desde nega\u00e7\u00f5es sutis at\u00e9 ofensas claras, como as presenciadas pela sorveteria Glidah.<\/p>\n<h2 class=\"wp-block-heading\">Impacto dos Ataques Virtuais no Com\u00e9rcio Local<\/h2>\n<p>A situa\u00e7\u00e3o ganhou ampla visibilidade ap\u00f3s a influenciadora digital Marina Muller expor os ataques em um v\u00eddeo, levando a uma enxurrada de mensagens de apoio \u00e0 Glidah. \u201cO incidente n\u00e3o apenas afeta nosso neg\u00f3cio mas emocionalmente tamb\u00e9m \u00e9 muito desgastante\u201d, revela Ronny.<\/p>\n<h2 class=\"wp-block-heading\">Rea\u00e7\u00f5es da Comunidade e Apoio<\/h2>\n<p>A decis\u00e3o de Ronny em n\u00e3o remover os coment\u00e1rios resultou em uma mobiliza\u00e7\u00e3o comunit\u00e1ria. Muitos clientes e seguidores da rede social se posicionaram contra as ofensas, demonstrando solidariedade. Celebridades, como o ator Luciano Szafir, tamb\u00e9m intervieram, defendendo o respeito e criticando as atitudes de \u00f3dio.<\/p>\n<p>Essa uni\u00e3o demonstra a for\u00e7a do apoio coletivo frente \u00e0s adversidades enfrentadas por neg\u00f3cios que sofrem ataques de cunho discriminat\u00f3rio. \u201c\u00c9 essencial que haja uma conscientiza\u00e7\u00e3o maior sobre as consequ\u00eancias do antissemitismo e outras formas de intoler\u00e2ncia\u201d, afirma Ronny.<\/p>\n<h3 class=\"wp-block-heading\">Medidas Legais e Prote\u00e7\u00e3o contra Cyberbullying<\/h3>\n<p>Diante do cen\u00e1rio, juristas sugerem que v\u00edtimas de cyberbullying e discursos de \u00f3dio busquem prote\u00e7\u00e3o legal. No Brasil, existem mecanismos e leis que amparam e podem ser utilizados por aqueles que se sentem amea\u00e7ados ou violados em sua dignidade.<\/p>\n<p>Para Ronny e muitos outros empres\u00e1rios, o caminho envolve n\u00e3o apenas enfrentar o preconceito, mas tamb\u00e9m promover uma cultura de inclus\u00e3o e respeito m\u00fatuo, essencial para a harmonia social. Enquanto isso, a sorveteria Glidah continua a servir seus sorvetes, simbolizando resist\u00eancia e a do\u00e7ura da diversidade cultural.<\/p>\n<\/p><\/div>\n<p><br \/>\n<br \/><a href=\"https:\/\/terrabrasilnoticias.com\/2024\/07\/sorveteria-judaica-sofre-com-serie-de-ataques-antissemitas-em-sp\/\">Source link <\/a><\/p>","protected":false},"excerpt":{"rendered":"<p>Foto: Reprodu\u00e7\u00e3o\/Redes sociais A sorveteria Glidah, situada no cora\u00e7\u00e3o de Santa Cec\u00edlia, em S\u00e3o Paulo, tornou-se foco de uma s\u00e9rie de ofensas antissemitas pelas redes sociais. O diminuto estabelecimento, conhecido&hellip;<\/p>","protected":false},"author":1,"featured_media":6430,"comment_status":"closed","ping_status":"open","sticky":false,"template":"","format":"standard","meta":{"content-type":"","footnotes":""},"categories":[16],"tags":[],"class_list":["post-6429","post","type-post","status-publish","format-standard","has-post-thumbnail","hentry","category-noticias"],"_links":{"self":[{"href":"https:\/\/tvbrazilusa.com\/pt\/wp-json\/wp\/v2\/posts\/6429","targetHints":{"allow":["GET"]}}],"collection":[{"href":"https:\/\/tvbrazilusa.com\/pt\/wp-json\/wp\/v2\/posts"}],"about":[{"href":"https:\/\/tvbrazilusa.com\/pt\/wp-json\/wp\/v2\/types\/post"}],"author":[{"embeddable":true,"href":"https:\/\/tvbrazilusa.com\/pt\/wp-json\/wp\/v2\/users\/1"}],"replies":[{"embeddable":true,"href":"https:\/\/tvbrazilusa.com\/pt\/wp-json\/wp\/v2\/comments?post=6429"}],"version-history":[{"count":1,"href":"https:\/\/tvbrazilusa.com\/pt\/wp-json\/wp\/v2\/posts\/6429\/revisions"}],"predecessor-version":[{"id":6431,"href":"https:\/\/tvbrazilusa.com\/pt\/wp-json\/wp\/v2\/posts\/6429\/revisions\/6431"}],"wp:featuredmedia":[{"embeddable":true,"href":"https:\/\/tvbrazilusa.com\/pt\/wp-json\/wp\/v2\/media\/6430"}],"wp:attachment":[{"href":"https:\/\/tvbrazilusa.com\/pt\/wp-json\/wp\/v2\/media?parent=6429"}],"wp:term":[{"taxonomy":"category","embeddable":true,"href":"https:\/\/tvbrazilusa.com\/pt\/wp-json\/wp\/v2\/categories?post=6429"},{"taxonomy":"post_tag","embeddable":true,"href":"https:\/\/tvbrazilusa.com\/pt\/wp-json\/wp\/v2\/tags?post=6429"}],"curies":[{"name":"wp","href":"https:\/\/api.w.org\/{rel}","templated":true}]}}