{"id":6436,"date":"2024-07-23T17:20:00","date_gmt":"2024-07-23T17:20:00","guid":{"rendered":"https:\/\/tvbrazilusa.com\/2024\/07\/23\/comissao-interamericana-de-direitos-humanos-pede-mais-dados-sobre-presos-do-8-1-paulo-figueiredo\/"},"modified":"2024-07-23T17:54:49","modified_gmt":"2024-07-23T17:54:49","slug":"comissao-interamericana-de-direitos-humanos-pede-mais-dados-sobre-presos-do-8-1-paulo-figueiredo","status":"publish","type":"post","link":"https:\/\/tvbrazilusa.com\/pt\/2024\/07\/23\/comissao-interamericana-de-direitos-humanos-pede-mais-dados-sobre-presos-do-8-1-paulo-figueiredo\/","title":{"rendered":"Comiss\u00e3o Interamericana de Direitos Humanos pede mais dados sobre presos do 8\/1 &#8211; Paulo Figueiredo"},"content":{"rendered":"<p> <script async src=\"https:\/\/pagead2.googlesyndication.com\/pagead\/js\/adsbygoogle.js?client=ca-pub-8864793242727901\"\r\n     crossorigin=\"anonymous\"><\/script><br \/>\n<\/p>\n<div id=\"wtr-content\" data-bg=\"#FFFFFF\" data-fg=\"#006d91\" data-width=\"25\" data-mute=\"1\" data-fgopacity=\"1.00\" data-mutedopacity=\"0.5\" data-placement=\"bottom\" data-placement-offset=\"0\" data-content-offset=\"262\" data-placement-touch=\"bottom\" data-placement-offset-touch=\"0\" data-transparent=\"\" data-shadow=\"0\" data-touch=\"1\" data-non-touch=\"1\" data-comments=\"0\" data-commentsbg=\"transparent\" data-location=\"page\" data-mutedfg=\"#006d91\" data-endfg=\"#006d91\" data-rtl=\"\">\n<pre class=\"wp-block-preformatted has-small-font-size\">Foto - Marcelo Camargo<\/pre>\n<h3 class=\"wp-block-heading\">\u00d3rg\u00e3o quer detalhes sobre o estado de sa\u00fade de dois detentos<\/h3>\n<p>A Comiss\u00e3o Interamericana de Direitos Humanos (CIDH-OEA) solicitou \u00e0s advogadas de Jorge dos Santos e Jorginho de Azevedo, ambos presos do 8 de janeiro, mais informa\u00e7\u00f5es sobre o estado de sa\u00fade dos dois.<\/p>\n<p>Uma den\u00fancia \u201ccontra o Estado brasileiro\u201d referente a Santos e Azevedo foi protocolada na CIDH-OEA em mar\u00e7o deste ano.<\/p>\n<p>Na pe\u00e7a, a defesa dos detentos ressaltam viola\u00e7\u00f5es de direitos durante o processo conduzido pelo Supremo Tribunal Federal (STF).<\/p>\n<p>Depois de uma an\u00e1lise inicial do caso, no fim do m\u00eas passado, a comiss\u00e3o agora requer novos dados a fim de dar um veredito.<\/p>\n<h3 class=\"wp-block-heading\">Presos do 8 de janeiro<\/h3>\n<p>Agricultor,\u00a0<strong>Azevedo recebeu uma condena\u00e7\u00e3o de 17 anos<\/strong>. A pena \u00e9 maior que a de Elize Matsunaga, que matou o marido e, na sequ\u00eancia, o esquartejou.<\/p>\n<p>J\u00e1 Santos, que \u00e9 vendedor de cana, tamb\u00e9m atuava como pastor. O STF o condenou a 16 anos e seis meses de cadeia.<\/p>\n<p>\u201cO pastor possui pouco estudo e n\u00e3o tem conhecimento pol\u00edtico e n\u00e3o possuindo nenhum conhecimento jur\u00eddico\u201d, afirmou a defesa de Santos. \u201cEle n\u00e3o possu\u00eda o entendimento total de que estava cometendo il\u00edcitos penais.\u201d<\/p>\n<p><strong><a href=\"https:\/\/revistaoeste.com\/no-ponto\/8-de-janeiro-cidh-pede-mais-informacoes-sobre-presos\/\">Source link<\/a><\/strong><\/p>\n<\/div>\n<p><br \/>\n<br \/><a href=\"https:\/\/paulofigueiredoshow.com\/comissao-interamericana-de-direitos-humanos-pede-mais-dados-sobre-presos-do-8-1\/\">Source link <\/a><\/p>","protected":false},"excerpt":{"rendered":"<p>Foto &#8211; Marcelo Camargo \u00d3rg\u00e3o quer detalhes sobre o estado de sa\u00fade de dois detentos A Comiss\u00e3o Interamericana de Direitos Humanos (CIDH-OEA) solicitou \u00e0s advogadas de Jorge dos Santos e&hellip;<\/p>","protected":false},"author":1,"featured_media":6437,"comment_status":"closed","ping_status":"open","sticky":false,"template":"","format":"standard","meta":{"content-type":"","footnotes":""},"categories":[16],"tags":[],"class_list":["post-6436","post","type-post","status-publish","format-standard","has-post-thumbnail","hentry","category-noticias"],"_links":{"self":[{"href":"https:\/\/tvbrazilusa.com\/pt\/wp-json\/wp\/v2\/posts\/6436","targetHints":{"allow":["GET"]}}],"collection":[{"href":"https:\/\/tvbrazilusa.com\/pt\/wp-json\/wp\/v2\/posts"}],"about":[{"href":"https:\/\/tvbrazilusa.com\/pt\/wp-json\/wp\/v2\/types\/post"}],"author":[{"embeddable":true,"href":"https:\/\/tvbrazilusa.com\/pt\/wp-json\/wp\/v2\/users\/1"}],"replies":[{"embeddable":true,"href":"https:\/\/tvbrazilusa.com\/pt\/wp-json\/wp\/v2\/comments?post=6436"}],"version-history":[{"count":1,"href":"https:\/\/tvbrazilusa.com\/pt\/wp-json\/wp\/v2\/posts\/6436\/revisions"}],"predecessor-version":[{"id":6438,"href":"https:\/\/tvbrazilusa.com\/pt\/wp-json\/wp\/v2\/posts\/6436\/revisions\/6438"}],"wp:featuredmedia":[{"embeddable":true,"href":"https:\/\/tvbrazilusa.com\/pt\/wp-json\/wp\/v2\/media\/6437"}],"wp:attachment":[{"href":"https:\/\/tvbrazilusa.com\/pt\/wp-json\/wp\/v2\/media?parent=6436"}],"wp:term":[{"taxonomy":"category","embeddable":true,"href":"https:\/\/tvbrazilusa.com\/pt\/wp-json\/wp\/v2\/categories?post=6436"},{"taxonomy":"post_tag","embeddable":true,"href":"https:\/\/tvbrazilusa.com\/pt\/wp-json\/wp\/v2\/tags?post=6436"}],"curies":[{"name":"wp","href":"https:\/\/api.w.org\/{rel}","templated":true}]}}