{"id":64403,"date":"2024-11-13T05:00:00","date_gmt":"2024-11-13T05:00:00","guid":{"rendered":"https:\/\/tvbrazilusa.com\/2024\/11\/13\/sctc-e-uga-assinam-acordo\/"},"modified":"2024-11-23T02:09:32","modified_gmt":"2024-11-23T02:09:32","slug":"sctc-e-uga-assinam-acordo","status":"publish","type":"post","link":"https:\/\/tvbrazilusa.com\/pt\/2024\/11\/13\/sctc-e-uga-assinam-acordo\/","title":{"rendered":"SCTC e UGA assinam acordo"},"content":{"rendered":"<script async src=\"https:\/\/pagead2.googlesyndication.com\/pagead\/js\/adsbygoogle.js?client=ca-pub-8864793242727901\"\r\n     crossorigin=\"anonymous\"><\/script>\n<p>Enquanto o Southern Crescent Technical College comemorava a inaugura\u00e7\u00e3o e inaugura\u00e7\u00e3o de seu Centro de Empreendedorismo para Pequenas Empresas no campus de Henry County na sexta-feira, a faculdade tamb\u00e9m assinou um memorando de entendimento com a Universidade da Ge\u00f3rgia.<br \/>\n<br \/><br \/>\n<br \/><a href=\"https:\/\/www.henryherald.com\/news\/sctc-and-uga-sign-agreement\/article_c06e6a3e-9fc4-11ef-a86a-27efae100d23.html\">Source link <\/a><\/p>","protected":false},"excerpt":{"rendered":"<p>Enquanto o Southern Crescent Technical College comemorava a inaugura\u00e7\u00e3o e inaugura\u00e7\u00e3o de seu Centro de Empreendedorismo para Pequenas Empresas no campus de Henry County na sexta-feira, a faculdade tamb\u00e9m assinou&hellip;<\/p>","protected":false},"author":1,"featured_media":64404,"comment_status":"closed","ping_status":"open","sticky":false,"template":"","format":"standard","meta":{"content-type":"","footnotes":""},"categories":[1],"tags":[],"class_list":["post-64403","post","type-post","status-publish","format-standard","has-post-thumbnail","hentry","category-uncategorized"],"_links":{"self":[{"href":"https:\/\/tvbrazilusa.com\/pt\/wp-json\/wp\/v2\/posts\/64403","targetHints":{"allow":["GET"]}}],"collection":[{"href":"https:\/\/tvbrazilusa.com\/pt\/wp-json\/wp\/v2\/posts"}],"about":[{"href":"https:\/\/tvbrazilusa.com\/pt\/wp-json\/wp\/v2\/types\/post"}],"author":[{"embeddable":true,"href":"https:\/\/tvbrazilusa.com\/pt\/wp-json\/wp\/v2\/users\/1"}],"replies":[{"embeddable":true,"href":"https:\/\/tvbrazilusa.com\/pt\/wp-json\/wp\/v2\/comments?post=64403"}],"version-history":[{"count":1,"href":"https:\/\/tvbrazilusa.com\/pt\/wp-json\/wp\/v2\/posts\/64403\/revisions"}],"predecessor-version":[{"id":64405,"href":"https:\/\/tvbrazilusa.com\/pt\/wp-json\/wp\/v2\/posts\/64403\/revisions\/64405"}],"wp:featuredmedia":[{"embeddable":true,"href":"https:\/\/tvbrazilusa.com\/pt\/wp-json\/wp\/v2\/media\/64404"}],"wp:attachment":[{"href":"https:\/\/tvbrazilusa.com\/pt\/wp-json\/wp\/v2\/media?parent=64403"}],"wp:term":[{"taxonomy":"category","embeddable":true,"href":"https:\/\/tvbrazilusa.com\/pt\/wp-json\/wp\/v2\/categories?post=64403"},{"taxonomy":"post_tag","embeddable":true,"href":"https:\/\/tvbrazilusa.com\/pt\/wp-json\/wp\/v2\/tags?post=64403"}],"curies":[{"name":"wp","href":"https:\/\/api.w.org\/{rel}","templated":true}]}}