{"id":6450,"date":"2024-07-23T17:00:00","date_gmt":"2024-07-23T17:00:00","guid":{"rendered":"https:\/\/tvbrazilusa.com\/2024\/07\/23\/apos-maduro-falar-em-banho-de-sangue-na-venezuela-lula-diz-que-celso-amorim-sera-enviado-ao-pais-para-acompanhar-eleicao-paulo-figueiredo\/"},"modified":"2024-07-23T18:09:13","modified_gmt":"2024-07-23T18:09:13","slug":"apos-maduro-falar-em-banho-de-sangue-na-venezuela-lula-diz-que-celso-amorim-sera-enviado-ao-pais-para-acompanhar-eleicao-paulo-figueiredo","status":"publish","type":"post","link":"https:\/\/tvbrazilusa.com\/pt\/2024\/07\/23\/apos-maduro-falar-em-banho-de-sangue-na-venezuela-lula-diz-que-celso-amorim-sera-enviado-ao-pais-para-acompanhar-eleicao-paulo-figueiredo\/","title":{"rendered":"Ap\u00f3s Maduro falar em &#8216;banho de sangue&#8217; na Venezuela, Lula diz que Celso Amorim ser\u00e1 enviado ao pa\u00eds para acompanhar elei\u00e7\u00e3o &#8211; Paulo Figueiredo"},"content":{"rendered":"<p> <script async src=\"https:\/\/pagead2.googlesyndication.com\/pagead\/js\/adsbygoogle.js?client=ca-pub-8864793242727901\"\r\n     crossorigin=\"anonymous\"><\/script><br \/>\n<\/p>\n<div id=\"wtr-content\" data-bg=\"#FFFFFF\" data-fg=\"#006d91\" data-width=\"25\" data-mute=\"1\" data-fgopacity=\"1.00\" data-mutedopacity=\"0.5\" data-placement=\"bottom\" data-placement-offset=\"0\" data-content-offset=\"262\" data-placement-touch=\"bottom\" data-placement-offset-touch=\"0\" data-transparent=\"\" data-shadow=\"0\" data-touch=\"1\" data-non-touch=\"1\" data-comments=\"0\" data-commentsbg=\"transparent\" data-location=\"page\" data-mutedfg=\"#006d91\" data-endfg=\"#006d91\" data-rtl=\"\">\n<pre class=\"wp-block-preformatted has-small-font-size\">Foto - Juca Varella<\/pre>\n<h4 class=\"wp-block-heading\">Petista tem defendido respeito pelos Acordos de Barbados, documento que garante a plena participa\u00e7\u00e3o da oposi\u00e7\u00e3o no pleito, al\u00e9m de resultados reconhecidos por todos<\/h4>\n<p>O petista tamb\u00e9m disse ter ficado assustado com as advert\u00eancias do l\u00edder ditador chavista\u00a0Nicol\u00e1s Maduro\u00a0sobre um poss\u00edvel \u201cbanho de sangue\u201d na Venezuela em caso de derrota nas elei\u00e7\u00f5es marcadas para o pr\u00f3ximo domingo. A fala do Ditador, feita na \u00faltima quinta-feira, ocorreu num momento em que crescem as afirma\u00e7\u00f5es da oposi\u00e7\u00e3o de que h\u00e1 uma repress\u00e3o cada vez maior por parte do governo. No mesmo dia, a l\u00edder oposicionista Mar\u00eda Corina Machado, que foi impedida de concorrer, denunciou ter sido alvo de um plano de atentado \u2014 e afirmou que, horas antes, seu funcion\u00e1rio de seguran\u00e7a havia sido sequestrado.<\/p>\n<p>\u2014 Fiquei assustado com as declara\u00e7\u00f5es de Maduro de que se perder as elei\u00e7\u00f5es haver\u00e1 um banho de sangue. Quem perde as elei\u00e7\u00f5es toma banho de votos, n\u00e3o de sangue \u2014 disse o presidente brasileiro em entrevista coletiva em Bras\u00edlia. \u2014 Maduro precisa aprender que quando se ganha, se fica; e quando se perde, se vai e se prepara para outras elei\u00e7\u00f5es.<\/p>\n<p>Embora Lula tenha defendido a presen\u00e7a de observadores internacionais durante o pleito venezuelano \u2014e j\u00e1 tenha expressado \u201cpreocupa\u00e7\u00e3o\u201d\u00a0com o veto \u00e0 opositora Mar\u00eda Corina\u00a0\u2014, o sil\u00eancio do governo brasileiro sobre as declara\u00e7\u00f5es de Maduro causou inc\u00f4modo na regi\u00e3o. Enquanto Argentina, Costa Rica, Guatemala, Paraguai e Uruguai exigiram conjuntamente o \u201cfim do ass\u00e9dio, persegui\u00e7\u00e3o e repress\u00e3o\u201d a opositores, a administra\u00e7\u00e3o brasileira minimizou o ocorrido no pa\u00eds vizinho ao afirmar que a fala poderia ser \u201capenas ret\u00f3rica\u201d de Maduro.<\/p>\n<p>Segundo interlocutores da \u00e1rea diplom\u00e1tica\u00a0ouvidos pelo GLOBO, o Brasil s\u00f3 vai atuar na quest\u00e3o se for chamado por representantes do Ditador Maduro e da oposi\u00e7\u00e3o, \u201cdentro do esp\u00edrito de Barbados\u201d. Mediado pela Noruega e com ajuda de v\u00e1rios pa\u00edses (como Brasil, Col\u00f4mbia e Estados Unidos), o pacto assinado em outubro passado prev\u00ea elei\u00e7\u00f5es livres, justas, transparentes e aceitas pelos dois lados em disputa. <strong>Um diplomata afirmou<\/strong> que a elei\u00e7\u00e3o venezuelana \u00e9 um assunto local, e que, para evitar a interpreta\u00e7\u00e3o de interfer\u00eancia do governo brasileiro em assuntos internos, o Brasil precisa ser chamado para poder se manifestar.<\/p>\n<p>Celso Amorim conversou na \u00faltima quarta-feira com o conselheiro de Seguran\u00e7a dos EUA, Jake Sullivan, sobre a situa\u00e7\u00e3o na Venezuela. A expectativa \u00e9 a de que os americanos endure\u00e7am as san\u00e7\u00f5es em vigor contra o Ditador Maduro caso n\u00e3o aceite uma eventual derrota. Um dia depois, Amorim disse que a fala do presidente da Venezuela \u201cn\u00e3o \u00e9 desej\u00e1vel\u201d. Ele pontuou que tem mantido contato com os dois lados e que acredita que a elei\u00e7\u00e3o ocorrer\u00e1 sem problemas.<\/p>\n<h3 class=\"wp-block-heading\">Rela\u00e7\u00e3o com os EUA<\/h3>\n<p>O presidente tamb\u00e9m se manifestou sobre os \u00faltimos acontecimentos pol\u00edticos nos EUA, minimizando a sa\u00edda do presidente Joe Biden da corrida pela Casa Branca. Nas \u00faltimas semanas, o petista defendeu o voto no democrata como forma de barrar a volta de Donald Trump ao cargo. Ap\u00f3s Biden anunciar que desistiu de tentar a reelei\u00e7\u00e3o, Lula disse que a rela\u00e7\u00e3o do Brasil ser\u00e1 com \u201cquem for eleito\u201d e defendeu que o governo brasileiro quer manter uma \u201cparceria estrat\u00e9gica\u201d com os americanos.<\/p>\n<p>\u2014 Eles v\u00e3o escolher uma candidata ou um candidato, e que o melhor ven\u00e7a a elei\u00e7\u00e3o. A rela\u00e7\u00e3o do Brasil ser\u00e1 com quem for eleito. Temos uma parceria estrat\u00e9gica com os Estados Unidos e queremos mant\u00ea-la \u2014 disse Lula, acrescentando que somente o pr\u00f3prio Biden poderia decidir se ele tinha condi\u00e7\u00f5es ou n\u00e3o de disputar o pleito. \u2014 Eu fiquei muito feliz quando o presidente Biden foi eleito e mais ainda pelos posicionamentos dele em defesa dos trabalhadores. Estabelecemos juntos uma parceria estrat\u00e9gica em defesa do trabalho decente no mundo.<\/p>\n<p><strong><a href=\"https:\/\/oglobo.globo.com\/mundo\/noticia\/2024\/07\/22\/apos-maduro-falar-em-banho-de-sangue-na-venezuela-lula-diz-que-celso-amorim-sera-enviado-ao-pais-para-acompanhar-eleicao.ghtml\">Source link<\/a><\/strong><\/p>\n<\/div>\n<p><br \/>\n<br \/><a href=\"https:\/\/paulofigueiredoshow.com\/apos-maduro-falar-em-banho-de-sangue-na-venezuela-lula-diz-que-celso-amorim-sera-enviado-ao-pais-para-acompanhar-eleicao\/\">Source link <\/a><\/p>","protected":false},"excerpt":{"rendered":"<p>Foto &#8211; Juca Varella Petista tem defendido respeito pelos Acordos de Barbados, documento que garante a plena participa\u00e7\u00e3o da oposi\u00e7\u00e3o no pleito, al\u00e9m de resultados reconhecidos por todos O petista&hellip;<\/p>","protected":false},"author":1,"featured_media":6451,"comment_status":"closed","ping_status":"open","sticky":false,"template":"","format":"standard","meta":{"content-type":"","footnotes":""},"categories":[16],"tags":[],"class_list":["post-6450","post","type-post","status-publish","format-standard","has-post-thumbnail","hentry","category-noticias"],"_links":{"self":[{"href":"https:\/\/tvbrazilusa.com\/pt\/wp-json\/wp\/v2\/posts\/6450","targetHints":{"allow":["GET"]}}],"collection":[{"href":"https:\/\/tvbrazilusa.com\/pt\/wp-json\/wp\/v2\/posts"}],"about":[{"href":"https:\/\/tvbrazilusa.com\/pt\/wp-json\/wp\/v2\/types\/post"}],"author":[{"embeddable":true,"href":"https:\/\/tvbrazilusa.com\/pt\/wp-json\/wp\/v2\/users\/1"}],"replies":[{"embeddable":true,"href":"https:\/\/tvbrazilusa.com\/pt\/wp-json\/wp\/v2\/comments?post=6450"}],"version-history":[{"count":1,"href":"https:\/\/tvbrazilusa.com\/pt\/wp-json\/wp\/v2\/posts\/6450\/revisions"}],"predecessor-version":[{"id":6452,"href":"https:\/\/tvbrazilusa.com\/pt\/wp-json\/wp\/v2\/posts\/6450\/revisions\/6452"}],"wp:featuredmedia":[{"embeddable":true,"href":"https:\/\/tvbrazilusa.com\/pt\/wp-json\/wp\/v2\/media\/6451"}],"wp:attachment":[{"href":"https:\/\/tvbrazilusa.com\/pt\/wp-json\/wp\/v2\/media?parent=6450"}],"wp:term":[{"taxonomy":"category","embeddable":true,"href":"https:\/\/tvbrazilusa.com\/pt\/wp-json\/wp\/v2\/categories?post=6450"},{"taxonomy":"post_tag","embeddable":true,"href":"https:\/\/tvbrazilusa.com\/pt\/wp-json\/wp\/v2\/tags?post=6450"}],"curies":[{"name":"wp","href":"https:\/\/api.w.org\/{rel}","templated":true}]}}