{"id":64734,"date":"2024-11-23T18:28:36","date_gmt":"2024-11-23T18:28:36","guid":{"rendered":"https:\/\/tvbrazilusa.com\/2024\/11\/23\/saiba-diferenciar-a-dor-cronica-da-dor-comum-veja\/"},"modified":"2024-11-23T18:28:38","modified_gmt":"2024-11-23T18:28:38","slug":"saiba-diferenciar-a-dor-cronica-da-dor-comum-veja","status":"publish","type":"post","link":"https:\/\/tvbrazilusa.com\/pt\/2024\/11\/23\/saiba-diferenciar-a-dor-cronica-da-dor-comum-veja\/","title":{"rendered":"Saiba diferenciar a dor cr\u00f4nica da dor comum; veja"},"content":{"rendered":"<p> <script async src=\"https:\/\/pagead2.googlesyndication.com\/pagead\/js\/adsbygoogle.js?client=ca-pub-8864793242727901\"\r\n     crossorigin=\"anonymous\"><\/script><br \/>\n<\/p>\n<div id=\"taboola-read-more\" style=\"display:block; width:100%\">\n<p>A dor cr\u00f4nica faz parte da realidade de quase 37% dos brasileiros acima dos 50 anos, de acordo com dados do Estudo Longitudinal da Sa\u00fade dos Idosos (ELSI-Brasil), financiado pelo Minist\u00e9rio da Sa\u00fade, de 2023. A condi\u00e7\u00e3o \u00e9 mais frequente entre as mulheres, pessoas de baixa renda e aqueles com diagn\u00f3stico para artrite, sintomas depressivos e com hist\u00f3rico de quedas e hospitaliza\u00e7\u00f5es.\n<\/p>\n<p>Para falar sobre o assunto, Dr. Roberto Kalil convida o neurologista Andr\u00e9 Macedo, do Hospital das Cl\u00ednicas de S\u00e3o Paulo, e a reumatologista Ana Luisa Calich, do Hospital S\u00edrio-Liban\u00eas, para o \u201cCNN Sinais Vitais \u2013 Dr. Kalil Entrevista\u201d deste s\u00e1bado (23).<\/p>\n<p>No programa, os m\u00e9dicos explicam como diferenciar um caso de dor cr\u00f4nica de uma dor comum. \u201cNa dor cr\u00f4nica, por defini\u00e7\u00e3o, o paciente tem mais de tr\u00eas meses de sintoma. \u00c9 uma dor que mesmo sem uma les\u00e3o, ela persiste e vai incomodando. E com essa cronifica\u00e7\u00e3o, muitos sintomas v\u00eam associados. Ent\u00e3o, o paciente come\u00e7a a ter transtornos do humor, depress\u00e3o, ansiedade\u2026\u201d, explica Calich.\n<\/p>\n<p>Cerca de um ter\u00e7o dos pacientes com dor cr\u00f4nica fazem uso de opioides para combater a condi\u00e7\u00e3o, segundo o ELSI-Brasil. \u201cTem estudos, tanto no Brasil como em outros pa\u00edses, que mostram que varia de 20% a 40% da popula\u00e7\u00e3o convivendo com dor cr\u00f4nica. E esse n\u00famero vai aumentando com a idade. Um paciente idoso pode chegar a 70% dos indiv\u00edduos\u201d, afirma Macedo.\n<\/p>\n<p><strong>Quais s\u00e3o os tipos mais comuns de dor cr\u00f4nica?<\/strong>\n<\/p>\n<p>Segundo os especialistas, os tipos mais comuns de dor cr\u00f4nica atingem a parte inferior do corpo, como artrose de quadril e de joelho, e a lombar.\n<\/p>\n<p>\u201cTamb\u00e9m merecem destaque a dor de cabe\u00e7a, como, por exemplo, enxaqueca; dor de abd\u00f4men, especialmente nas mulheres em idade f\u00e9rtil no per\u00edodo menstrual; e a dor neurop\u00e1tica. Tem se falado muito tamb\u00e9m do herpes zoster, que \u00e9 uma infec\u00e7\u00e3o viral que acomete o nervo e depois pode deixar uma dor cr\u00f4nica persistente\u201d, enumera Calich.\n<\/p>\n<p>Macedo explica, por\u00e9m, que as dores de cabe\u00e7a e na lombar s\u00e3o as mais incapacitantes. \u201cTalvez sejam as que tenham maior impacto em perda de produtividade laboral. Tem dados americanos que falam que o custo anual de dor chega a 500 bilh\u00f5es de d\u00f3lares, por perda de produtividade e os gastos relacionados ao trabalho\u201d.\n<\/p>\n<p>No Brasil, segundo ele, h\u00e1 dados que mostram que um paciente com dor cr\u00f4nica pode custar por ano mais de R$ 100 mil por perdas de trabalho e por gastos com tratamentos.\n<\/p>\n<p>A fibromialgia tamb\u00e9m \u00e9 um problema frequente, principalmente em mulheres. \u201cEstima-se que a cada dez pessoas, sete a nove s\u00e3o mulheres com fibromialgia, e 2% da popula\u00e7\u00e3o tem. Ela \u00e9 o \u2018prot\u00f3tipo\u2019 da dor cr\u00f4nica. N\u00e3o \u00e9 localizada, \u00e9 uma dor mais muscular, mas pode acometer articula\u00e7\u00e3o tamb\u00e9m e em v\u00e1rios pontos do corpo\u201d, explica Calich.\n<\/p>\n<p>Ela explica que a fibromialgia tamb\u00e9m vem associada a outros fatores como transtornos de humor (ansiedade e depress\u00e3o), dist\u00farbios do sono, fadiga e mem\u00f3ria alterada.\n<\/p>\n<p>\u201cTem gente que acha que fibromialgia \u00e9 uma doen\u00e7a de m\u00fasculo e at\u00e9, erroneamente, pede bi\u00f3psia de m\u00fasculo, exames de m\u00fasculo, para diagnosticar\u201d, alerta Macedo. \u201cA fibromialgia \u00e9 uma desregula\u00e7\u00e3o central da dor. O problema \u00e9 em conex\u00e3o cerebral, a forma como o c\u00e9rebro interpreta a dor\u201d.\n<\/p>\n<p>O neurologista explica que essa caracter\u00edstica dificulta ainda mais o diagn\u00f3stico da doen\u00e7a. \u201cO paciente com fibromialgia \u00e9 desacreditado da dor, porque todos os exames est\u00e3o normais. E isso \u00e9 comum em outros tipos de dor, que a gente chamava anteriormente de \u2018dores funcionais\u2019. S\u00e3o dores que t\u00eam alguma conex\u00e3o cerebral alterada, como s\u00edndrome do intestino irrit\u00e1vel com dor abdominal cr\u00f4nica, dor p\u00e9lvica cr\u00f4nica, a pr\u00f3pria enxaqueca que n\u00e3o tem diagn\u00f3stico por exame. S\u00e3o dores em que os neur\u00f4nios est\u00e3o com sinapses inadequadas\u201d, explica Macedo.\n<\/p>\n<p><strong>Como diagnosticar a dor cr\u00f4nica?<\/strong>\n<\/p>\n<p>Os especialistas esclarecem que o diagn\u00f3stico da dor cr\u00f4nica \u00e9 cl\u00ednico, ou seja, atrav\u00e9s da an\u00e1lise dos sintomas relatados pelos pacientes.\n<\/p>\n<p>J\u00e1 o tratamento \u00e9 feito de forma multidisciplinar. \u201cVoc\u00ea precisa de v\u00e1rias especialidades m\u00e9dicas, mas tamb\u00e9m das especialidades n\u00e3o m\u00e9dicas, e que s\u00e3o t\u00e3o importantes, ou mais importantes at\u00e9, para o tratamento da dor cr\u00f4nica. Ent\u00e3o, uma fisioterapia, uma orienta\u00e7\u00e3o para a pr\u00e1tica de atividade f\u00edsica, \u00e0s vezes um dentista, uma psicoterapia\u2026\u201d, diz Calich.\n<\/p>\n<p>Al\u00e9m disso, a reumatologista acrescenta que a mudan\u00e7a de estilo de vida \u00e9 fundamental para tratar a dor cr\u00f4nica. Macedo concorda. \u201cTratar dor n\u00e3o \u00e9 um interruptor, que voc\u00ea liga ou desliga. \u00c9 um processo. A nossa sociedade \u00e9 muito apegada ao rem\u00e9dio e, na dor, voc\u00ea tem outras terapias que ganham at\u00e9 mais pot\u00eancia para tratar, como a psicoterapia e a atividade f\u00edsica\u201d.\n<\/p>\n<p>No entanto, ambos ressaltam que \u00e9 preciso tomar alguns cuidados ao se exercitar, buscando orienta\u00e7\u00e3o profissional para avaliar as melhores op\u00e7\u00f5es para cada caso e para evitar les\u00f5es durante a pr\u00e1tica.\n<\/p>\n<p>Fonte: CNN              <\/p>\n<\/div>\n<p><br \/>\n<br \/><a href=\"https:\/\/diariodobrasilnoticias.com.br\/noticia\/saiba-diferenciar-a-dor-cronica-da-dor-comum-veja-6741fb3a76906\">Source link <\/a><\/p>","protected":false},"excerpt":{"rendered":"<p>A dor cr\u00f4nica faz parte da realidade de quase 37% dos brasileiros acima dos 50 anos, de acordo com dados do Estudo Longitudinal da Sa\u00fade dos Idosos (ELSI-Brasil), financiado pelo&hellip;<\/p>","protected":false},"author":1,"featured_media":64735,"comment_status":"closed","ping_status":"open","sticky":false,"template":"","format":"standard","meta":{"content-type":"","footnotes":""},"categories":[16],"tags":[123,2448,5313,1267],"class_list":["post-64734","post","type-post","status-publish","format-standard","has-post-thumbnail","hentry","category-noticias","tag-brasil","tag-diario","tag-noticia","tag-noticias"],"_links":{"self":[{"href":"https:\/\/tvbrazilusa.com\/pt\/wp-json\/wp\/v2\/posts\/64734","targetHints":{"allow":["GET"]}}],"collection":[{"href":"https:\/\/tvbrazilusa.com\/pt\/wp-json\/wp\/v2\/posts"}],"about":[{"href":"https:\/\/tvbrazilusa.com\/pt\/wp-json\/wp\/v2\/types\/post"}],"author":[{"embeddable":true,"href":"https:\/\/tvbrazilusa.com\/pt\/wp-json\/wp\/v2\/users\/1"}],"replies":[{"embeddable":true,"href":"https:\/\/tvbrazilusa.com\/pt\/wp-json\/wp\/v2\/comments?post=64734"}],"version-history":[{"count":1,"href":"https:\/\/tvbrazilusa.com\/pt\/wp-json\/wp\/v2\/posts\/64734\/revisions"}],"predecessor-version":[{"id":64736,"href":"https:\/\/tvbrazilusa.com\/pt\/wp-json\/wp\/v2\/posts\/64734\/revisions\/64736"}],"wp:featuredmedia":[{"embeddable":true,"href":"https:\/\/tvbrazilusa.com\/pt\/wp-json\/wp\/v2\/media\/64735"}],"wp:attachment":[{"href":"https:\/\/tvbrazilusa.com\/pt\/wp-json\/wp\/v2\/media?parent=64734"}],"wp:term":[{"taxonomy":"category","embeddable":true,"href":"https:\/\/tvbrazilusa.com\/pt\/wp-json\/wp\/v2\/categories?post=64734"},{"taxonomy":"post_tag","embeddable":true,"href":"https:\/\/tvbrazilusa.com\/pt\/wp-json\/wp\/v2\/tags?post=64734"}],"curies":[{"name":"wp","href":"https:\/\/api.w.org\/{rel}","templated":true}]}}