{"id":64739,"date":"2024-11-23T18:41:09","date_gmt":"2024-11-23T18:41:09","guid":{"rendered":"https:\/\/tvbrazilusa.com\/2024\/11\/23\/apos-propaganda-da-havan-com-jojo-todynho-influenciadora-diz-que-vai-processar-a-empresa-por-uso-de-bordao\/"},"modified":"2024-11-23T18:41:15","modified_gmt":"2024-11-23T18:41:15","slug":"apos-propaganda-da-havan-com-jojo-todynho-influenciadora-diz-que-vai-processar-a-empresa-por-uso-de-bordao","status":"publish","type":"post","link":"https:\/\/tvbrazilusa.com\/pt\/2024\/11\/23\/apos-propaganda-da-havan-com-jojo-todynho-influenciadora-diz-que-vai-processar-a-empresa-por-uso-de-bordao\/","title":{"rendered":"Ap\u00f3s propaganda da Havan com Jojo Todynho, influenciadora diz que vai processar a empresa por uso de bord\u00e3o"},"content":{"rendered":"<p> <script async src=\"https:\/\/pagead2.googlesyndication.com\/pagead\/js\/adsbygoogle.js?client=ca-pub-8864793242727901\"\r\n     crossorigin=\"anonymous\"><\/script><br \/>\n<\/p>\n<div id=\"taboola-read-more\" style=\"display:block; width:100%\">\n<p>A influencer digital Luisa Marilac disse na 6\u00aa feira (22.nov.2024) que processar\u00e1 a Havan por uso indevido do seu bord\u00e3o \u201chavia boatos de que eu estava na pior\u201d, de um v\u00eddeo de 2010.\n<\/p>\n<p>A empresa usou a frase em um comercial de Jojo Todynho com o dono da empresa, Luciano Hang, para a Black Friday.<\/p>\n<p>\u201cHavan, bom dia. Tudo bem ? Espero que sim. Vamos falar de direitos autorais, amores? Vamos? Fale com meu advogado Brayhan Caetano\u201d, declarou a influencer em seu perfil no Instagram. Marilac disse que quando o bord\u00e3o \u00e9 usado para publicidade \u00e9 \u201cmais do que justo pagar os direitos autorais\u201d.\n<\/p>\n<p>Em outra publica\u00e7\u00e3o, Luisa Marilac afirmou que o v\u00eddeo original em que fala \u201chavia boatos de que eu estava na pior\u201d \u00e9 de 2010. \u201cDesde ent\u00e3o, meu bord\u00e3o segue sendo utilizado at\u00e9 hoje em novelas, propagandas publicit\u00e1ria e pelas redes sociais\u201d, declarou.\n<\/p>\n<p>O dono da Havan, Luciano Hang, contratou Jojo para um comercial da empresa. Em v\u00eddeo publicado nas redes, os 2 afirmam que a rede de lojas de departamento s\u00f3 \u201ccancela\u201d pre\u00e7o alto \u2013em refer\u00eancia ao \u201ccancelamento\u201d da cantora e influenciadora digital nas redes sociais depois da aproxima\u00e7\u00e3o dela com a direita.\n<\/p>\n<p>Fonte: Poder360              <\/p>\n<\/div>\n<p><br \/>\n<br \/><a href=\"https:\/\/diariodobrasilnoticias.com.br\/noticia\/apos-propaganda-da-havan-com-jojo-todynho-influenciadora-diz-que-vai-processar-a-empresa-por-uso-de-bordao-6741ef6b69484\">Source link <\/a><\/p>","protected":false},"excerpt":{"rendered":"<p>A influencer digital Luisa Marilac disse na 6\u00aa feira (22.nov.2024) que processar\u00e1 a Havan por uso indevido do seu bord\u00e3o \u201chavia boatos de que eu estava na pior\u201d, de um&hellip;<\/p>","protected":false},"author":1,"featured_media":64740,"comment_status":"closed","ping_status":"open","sticky":false,"template":"","format":"standard","meta":{"content-type":"","footnotes":""},"categories":[16],"tags":[123,2448,5313,1267],"class_list":["post-64739","post","type-post","status-publish","format-standard","has-post-thumbnail","hentry","category-noticias","tag-brasil","tag-diario","tag-noticia","tag-noticias"],"_links":{"self":[{"href":"https:\/\/tvbrazilusa.com\/pt\/wp-json\/wp\/v2\/posts\/64739","targetHints":{"allow":["GET"]}}],"collection":[{"href":"https:\/\/tvbrazilusa.com\/pt\/wp-json\/wp\/v2\/posts"}],"about":[{"href":"https:\/\/tvbrazilusa.com\/pt\/wp-json\/wp\/v2\/types\/post"}],"author":[{"embeddable":true,"href":"https:\/\/tvbrazilusa.com\/pt\/wp-json\/wp\/v2\/users\/1"}],"replies":[{"embeddable":true,"href":"https:\/\/tvbrazilusa.com\/pt\/wp-json\/wp\/v2\/comments?post=64739"}],"version-history":[{"count":1,"href":"https:\/\/tvbrazilusa.com\/pt\/wp-json\/wp\/v2\/posts\/64739\/revisions"}],"predecessor-version":[{"id":64741,"href":"https:\/\/tvbrazilusa.com\/pt\/wp-json\/wp\/v2\/posts\/64739\/revisions\/64741"}],"wp:featuredmedia":[{"embeddable":true,"href":"https:\/\/tvbrazilusa.com\/pt\/wp-json\/wp\/v2\/media\/64740"}],"wp:attachment":[{"href":"https:\/\/tvbrazilusa.com\/pt\/wp-json\/wp\/v2\/media?parent=64739"}],"wp:term":[{"taxonomy":"category","embeddable":true,"href":"https:\/\/tvbrazilusa.com\/pt\/wp-json\/wp\/v2\/categories?post=64739"},{"taxonomy":"post_tag","embeddable":true,"href":"https:\/\/tvbrazilusa.com\/pt\/wp-json\/wp\/v2\/tags?post=64739"}],"curies":[{"name":"wp","href":"https:\/\/api.w.org\/{rel}","templated":true}]}}