{"id":64742,"date":"2024-11-23T18:12:10","date_gmt":"2024-11-23T18:12:10","guid":{"rendered":"https:\/\/tvbrazilusa.com\/2024\/11\/23\/pelo-menos-6-mercenarios-do-grupo-russo-wagner-mortos-num-ataque-extremista-no-mali-wsvn-7news-noticias-de-miami-clima-esportes-fort-lauderdale\/"},"modified":"2024-11-23T18:45:08","modified_gmt":"2024-11-23T18:45:08","slug":"pelo-menos-6-mercenarios-do-grupo-russo-wagner-mortos-num-ataque-extremista-no-mali-wsvn-7news-noticias-de-miami-clima-esportes-fort-lauderdale","status":"publish","type":"post","link":"https:\/\/tvbrazilusa.com\/pt\/2024\/11\/23\/pelo-menos-6-mercenarios-do-grupo-russo-wagner-mortos-num-ataque-extremista-no-mali-wsvn-7news-noticias-de-miami-clima-esportes-fort-lauderdale\/","title":{"rendered":"Pelo menos 6 mercen\u00e1rios do grupo russo Wagner mortos num ataque extremista no Mali &#8211; WSVN 7News | Not\u00edcias de Miami, clima, esportes | Fort Lauderdale"},"content":{"rendered":"<p> <script async src=\"https:\/\/pagead2.googlesyndication.com\/pagead\/js\/adsbygoogle.js?client=ca-pub-8864793242727901\"\r\n     crossorigin=\"anonymous\"><\/script><br \/>\n<\/p>\n<div itemprop=\"articleBody\">\n<p>DAKAR, Senegal (AP) \u2013 Pelo menos seis mercen\u00e1rios russos foram mortos num ataque de um grupo ligado \u00e0 Al Qaeda no centro do Mali, de acordo com uma declara\u00e7\u00e3o dos extremistas na sua plataforma medi\u00e1tica.<\/p>\n<p>O grupo, conhecido pela sigla JNIM, disse ter emboscado um comboio de mercen\u00e1rios que trabalhavam para o Grupo Wagner na quinta-feira na regi\u00e3o de Mopti, matando combatentes e queimando ve\u00edculos.<\/p>\n<p>Um oficial de seguran\u00e7a do Mali que trabalha na \u00e1rea confirmou que ocorreu um ataque a soldados russos na quinta-feira e que v\u00e1rias pessoas morreram enquanto tripulavam um posto de controlo no centro do pa\u00eds. O funcion\u00e1rio falou sob condi\u00e7\u00e3o de anonimato no s\u00e1bado porque n\u00e3o estava autorizado a falar com a m\u00eddia.<\/p>\n<p>A R\u00fassia aproveitou a deteriora\u00e7\u00e3o das rela\u00e7\u00f5es entre o Ocidente e as na\u00e7\u00f5es do Sahel afectadas pelo golpe de estado na \u00c1frica Ocidental para enviar combatentes e afirmar a sua influ\u00eancia. Wagner tem estado activo no Sahel, a vasta extens\u00e3o a sul do deserto do Sahara, com os mercen\u00e1rios a lucrar com as riquezas minerais apreendidas em troca dos seus servi\u00e7os de seguran\u00e7a.<\/p>\n<p>Wagner est\u00e1 presente no Mali desde finais de 2021, ap\u00f3s um golpe militar, substituindo tropas francesas e for\u00e7as de manuten\u00e7\u00e3o da paz internacionais para ajudar a combater militantes que amea\u00e7am comunidades nas regi\u00f5es centro e norte h\u00e1 mais de uma d\u00e9cada. Ao mesmo tempo, Wagner foi acusado de ajudar a realizar incurs\u00f5es e ataques de drones que mataram civis.<\/p>\n<p>O incidente ocorre meses depois do ataque mais mortal ao grupo, onde aproximadamente 50 combatentes do grupo Wagner foram mortos numa emboscada da Al Qaeda no seu comboio ao longo da fronteira com a Arg\u00e9lia.<\/p>\n<p><em>Direitos autorais 2024 da Associated Press. Todos os direitos reservados. Este material n\u00e3o pode ser publicado, transmitido, reescrito ou redistribu\u00eddo.<\/em><\/p>\n<div class=\"wp-block-newsletter\">\n\t<strong class=\"wp-block-newsletter__title\">Cadastre-se em nosso boletim informativo para receber as \u00faltimas not\u00edcias diretamente na sua caixa de entrada<\/strong><\/p>\n<\/div><\/div>\n<p><br \/>\n<br \/><a href=\"https:\/\/wsvn.com\/news\/us-world\/at-least-6-mercenaries-with-russias-wagner-group-killed-in-an-extremist-attack-in-mali\/\">Source link <\/a><\/p>","protected":false},"excerpt":{"rendered":"<p>DAKAR, Senegal (AP) \u2013 Pelo menos seis mercen\u00e1rios russos foram mortos num ataque de um grupo ligado \u00e0 Al Qaeda no centro do Mali, de acordo com uma declara\u00e7\u00e3o dos&hellip;<\/p>","protected":false},"author":1,"featured_media":64743,"comment_status":"closed","ping_status":"open","sticky":false,"template":"","format":"standard","meta":{"content-type":"","footnotes":""},"categories":[1],"tags":[],"class_list":["post-64742","post","type-post","status-publish","format-standard","has-post-thumbnail","hentry","category-uncategorized"],"_links":{"self":[{"href":"https:\/\/tvbrazilusa.com\/pt\/wp-json\/wp\/v2\/posts\/64742","targetHints":{"allow":["GET"]}}],"collection":[{"href":"https:\/\/tvbrazilusa.com\/pt\/wp-json\/wp\/v2\/posts"}],"about":[{"href":"https:\/\/tvbrazilusa.com\/pt\/wp-json\/wp\/v2\/types\/post"}],"author":[{"embeddable":true,"href":"https:\/\/tvbrazilusa.com\/pt\/wp-json\/wp\/v2\/users\/1"}],"replies":[{"embeddable":true,"href":"https:\/\/tvbrazilusa.com\/pt\/wp-json\/wp\/v2\/comments?post=64742"}],"version-history":[{"count":1,"href":"https:\/\/tvbrazilusa.com\/pt\/wp-json\/wp\/v2\/posts\/64742\/revisions"}],"predecessor-version":[{"id":64744,"href":"https:\/\/tvbrazilusa.com\/pt\/wp-json\/wp\/v2\/posts\/64742\/revisions\/64744"}],"wp:featuredmedia":[{"embeddable":true,"href":"https:\/\/tvbrazilusa.com\/pt\/wp-json\/wp\/v2\/media\/64743"}],"wp:attachment":[{"href":"https:\/\/tvbrazilusa.com\/pt\/wp-json\/wp\/v2\/media?parent=64742"}],"wp:term":[{"taxonomy":"category","embeddable":true,"href":"https:\/\/tvbrazilusa.com\/pt\/wp-json\/wp\/v2\/categories?post=64742"},{"taxonomy":"post_tag","embeddable":true,"href":"https:\/\/tvbrazilusa.com\/pt\/wp-json\/wp\/v2\/tags?post=64742"}],"curies":[{"name":"wp","href":"https:\/\/api.w.org\/{rel}","templated":true}]}}