{"id":64745,"date":"2024-11-23T18:53:15","date_gmt":"2024-11-23T18:53:15","guid":{"rendered":"https:\/\/tvbrazilusa.com\/2024\/11\/23\/1o-caso-da-nova-variante-da-mpox-e-registrado-no-canada\/"},"modified":"2024-11-23T18:53:17","modified_gmt":"2024-11-23T18:53:17","slug":"1o-caso-da-nova-variante-da-mpox-e-registrado-no-canada","status":"publish","type":"post","link":"https:\/\/tvbrazilusa.com\/pt\/2024\/11\/23\/1o-caso-da-nova-variante-da-mpox-e-registrado-no-canada\/","title":{"rendered":"1\u00ba caso da nova variante da mpox \u00e9 registrado no Canad\u00e1"},"content":{"rendered":"<p> <script async src=\"https:\/\/pagead2.googlesyndication.com\/pagead\/js\/adsbygoogle.js?client=ca-pub-8864793242727901\"\r\n     crossorigin=\"anonymous\"><\/script><br \/>\n<\/p>\n<div>\n<figure class=\"post-image\">\n<\/figure>\n<p>            <span style=\"font-size: 12px\">Reprodu\u00e7\u00e3o<\/span><\/p>\n<p>            <!-- end metas --><br \/>\n            <!-- ADS --><\/p>\n<div id=\"taboola-read-more\" style=\"display:block; width:100%\">\n<p>A PHAC (Ag\u00eancia de Sa\u00fade P\u00fablica do Canad\u00e1) informou na 6\u00aa feira (22.nov.2024) que o pa\u00eds registrou o 1\u00ba caso de mpox clado 1 no Canad\u00e1. Uma pessoa em Manitoba foi diagnosticada com a doen\u00e7a e est\u00e1 recebendo tratamento. As informa\u00e7\u00f5es s\u00e3o da Reuters.\n<\/p>\n<p>\u201cO indiv\u00edduo procurou atendimento m\u00e9dico para sintomas de mpox no Canad\u00e1 logo depois de seu retorno e atualmente est\u00e1 isolado\u201d, disse a ag\u00eancia em um comunicado.<\/p>\n<p>A PHAC disse que o caso est\u00e1 relacionado a viagens e associado a um surto em andamento de mpox do subtipo 1 na \u00c1frica Central e Oriental. Afirmou estar trabalhando em colabora\u00e7\u00e3o com as autoridades de sa\u00fade p\u00fablica em Manitoba.\n<\/p>\n<p>A ag\u00eancia tamb\u00e9m disse que, embora o risco para a popula\u00e7\u00e3o do Canad\u00e1 seja baixo neste momento, a situa\u00e7\u00e3o ser\u00e1 acompanhada ativamente. Informou que uma investiga\u00e7\u00e3o de sa\u00fade p\u00fablica, incluindo rastreamento de contato, est\u00e1 em andamento.\n<\/p>\n<p><strong>SURTO DE MPOX<\/strong>\n<\/p>\n<p>Embora a mpox clado 2 esteja circulando no Canad\u00e1 desde 2022, este \u00e9 o 1\u00ba caso de mpox clado 1 confirmado no Canad\u00e1. Os Estados Unidos confirmou o 1\u00ba caso da nova variante no s\u00e1bado (16.nov.2024), assim como o Reino Unido, em outubro.\n<\/p>\n<p>A OMS (Organiza\u00e7\u00e3o Mundial da Sa\u00fade) declarou em agosto de 2024 a doen\u00e7a como emerg\u00eancia em sa\u00fade p\u00fablica de import\u00e2ncia internacional depois que a nova variante do v\u00edrus (clado 1b) se espalhou da Rep\u00fablica Democr\u00e1tica do Congo para pa\u00edses vizinhos.\n<\/p>\n<p>Mpox \u00e9 uma infec\u00e7\u00e3o viral que se espalha por contato pr\u00f3ximo e normalmente causa sintomas semelhantes aos da gripe e les\u00f5es cheias de pus. Geralmente \u00e9 leve, mas pode ser letal.\n<\/p>\n<p>Fonte: Poder360              <\/p>\n<\/div>\n<p>                        <!-- Scripts para conteudo --><\/p>\n<p>            <!-- .\/Scripts para conteudo --><br \/>\n            <!-- .\/Mat\u00e9ria --><\/p>\n<div class=\"row mt-3\">\n<div class=\"col-sm-6\">\n                <!-- Whatsapp channel 3--><br \/>\n                <a href=\"https:\/\/chat.whatsapp.com\/J6hwSKYns5B0XFowx2wZ0P\" target=\"_blank\"><br \/>\n                  <img decoding=\"async\" src=\"https:\/\/diariodobrasilnoticias.com.br\/assets-site\/images\/bot_whatsapp.png\"\/><\/a>\n              <\/div>\n<div class=\"col-sm-6\">\n                <a href=\"https:\/\/t.me\/+_4gTmi5LKo03OTM5\" target=\"_blank\"><br \/>\n                  <img decoding=\"async\" src=\"https:\/\/diariodobrasilnoticias.com.br\/assets-site\/images\/bot_telegram.png\"\/><\/a>\n              <\/div>\n<\/p><\/div>\n<p>            <!-- end post-navigation --><\/p>\n<p>              <!-- end row --><\/p>\n<p>              <!-- end col-12-->\n                      <\/div>\n<p><br \/>\n<br \/><a href=\"https:\/\/diariodobrasilnoticias.com.br\/noticia\/1-caso-da-nova-variante-da-mpox-e-registrado-no-canada-6741f05d3b284\">Source link <\/a><\/p>","protected":false},"excerpt":{"rendered":"<p>Reprodu\u00e7\u00e3o A PHAC (Ag\u00eancia de Sa\u00fade P\u00fablica do Canad\u00e1) informou na 6\u00aa feira (22.nov.2024) que o pa\u00eds registrou o 1\u00ba caso de mpox clado 1 no Canad\u00e1. Uma pessoa em&hellip;<\/p>","protected":false},"author":1,"featured_media":64746,"comment_status":"closed","ping_status":"open","sticky":false,"template":"","format":"standard","meta":{"content-type":"","footnotes":""},"categories":[16],"tags":[123,2448,5313,1267],"class_list":["post-64745","post","type-post","status-publish","format-standard","has-post-thumbnail","hentry","category-noticias","tag-brasil","tag-diario","tag-noticia","tag-noticias"],"_links":{"self":[{"href":"https:\/\/tvbrazilusa.com\/pt\/wp-json\/wp\/v2\/posts\/64745","targetHints":{"allow":["GET"]}}],"collection":[{"href":"https:\/\/tvbrazilusa.com\/pt\/wp-json\/wp\/v2\/posts"}],"about":[{"href":"https:\/\/tvbrazilusa.com\/pt\/wp-json\/wp\/v2\/types\/post"}],"author":[{"embeddable":true,"href":"https:\/\/tvbrazilusa.com\/pt\/wp-json\/wp\/v2\/users\/1"}],"replies":[{"embeddable":true,"href":"https:\/\/tvbrazilusa.com\/pt\/wp-json\/wp\/v2\/comments?post=64745"}],"version-history":[{"count":1,"href":"https:\/\/tvbrazilusa.com\/pt\/wp-json\/wp\/v2\/posts\/64745\/revisions"}],"predecessor-version":[{"id":64747,"href":"https:\/\/tvbrazilusa.com\/pt\/wp-json\/wp\/v2\/posts\/64745\/revisions\/64747"}],"wp:featuredmedia":[{"embeddable":true,"href":"https:\/\/tvbrazilusa.com\/pt\/wp-json\/wp\/v2\/media\/64746"}],"wp:attachment":[{"href":"https:\/\/tvbrazilusa.com\/pt\/wp-json\/wp\/v2\/media?parent=64745"}],"wp:term":[{"taxonomy":"category","embeddable":true,"href":"https:\/\/tvbrazilusa.com\/pt\/wp-json\/wp\/v2\/categories?post=64745"},{"taxonomy":"post_tag","embeddable":true,"href":"https:\/\/tvbrazilusa.com\/pt\/wp-json\/wp\/v2\/tags?post=64745"}],"curies":[{"name":"wp","href":"https:\/\/api.w.org\/{rel}","templated":true}]}}