{"id":64751,"date":"2024-11-23T19:04:59","date_gmt":"2024-11-23T19:04:59","guid":{"rendered":"https:\/\/tvbrazilusa.com\/2024\/11\/23\/pt-no-x-fala-mais-de-bolsonaro-que-de-lula\/"},"modified":"2024-11-23T19:05:03","modified_gmt":"2024-11-23T19:05:03","slug":"pt-no-x-fala-mais-de-bolsonaro-que-de-lula","status":"publish","type":"post","link":"https:\/\/tvbrazilusa.com\/pt\/2024\/11\/23\/pt-no-x-fala-mais-de-bolsonaro-que-de-lula\/","title":{"rendered":"PT no X fala mais de Bolsonaro que de Lula"},"content":{"rendered":"<p> <script async src=\"https:\/\/pagead2.googlesyndication.com\/pagead\/js\/adsbygoogle.js?client=ca-pub-8864793242727901\"\r\n     crossorigin=\"anonymous\"><\/script><br \/>\n<\/p>\n<p>Desde 5\u00aa feira (21.nov), quando come\u00e7aram a vazar trechos do relat\u00f3rio da PF complicando militares e o ex-presidente, perfil do partido fez 15 publica\u00e7\u00f5es relacionadas ao bolsonarismo\n<\/p>\n<div>\n<p>O <a href=\"https:\/\/12ft.io\/proxy?q=https%3A%2F%2Fx.com%2Fptbrasil\" target=\"_parent\">perfil do PT no X<\/a> (ex-Twitter) vem dando mais aten\u00e7\u00e3o a\u00a0<a href=\"https:\/\/12ft.io\/proxy?q=https%3A%2F%2Fmonitor.poder360.com.br%2Fpoliticos-do-brasil%2F630212%2FJAIR-BOLSONARO%3Fano%3D2022\" target=\"_parent\">Jair Bolsonaro<\/a>(PL) e a nomes ligados ao ex-presidente do que ao atual chefe do Executivo <a href=\"https:\/\/12ft.io\/proxy?q=https%3A%2F%2Fmonitor.poder360.com.br%2Fpoliticos-do-brasil%2F929674\" target=\"_parent\">Luiz In\u00e1cio Lula da Silva<\/a> (PT) desde que o inqu\u00e9rito da Pol\u00edcia Federal sobre uma suposta tentativa de golpe de Estado come\u00e7ou a vazar na m\u00eddia nesta semana.\n<\/p>\n<p>De 5\u00aa feira (21.nov) at\u00e9 as 10h deste s\u00e1bado (23.nov), o partido havia feito 37 postagens ou compartilhamentos. Desse total, 15 eram cr\u00edticas ou informa\u00e7\u00f5es ligadas ao bolsonarismo.\n<\/p>\n<p>No mesmo per\u00edodo, as publica\u00e7\u00f5es sobre assuntos relacionados a Lula foram menos numerosas: s\u00f3 7. Outras 15 se referiam a temas diversos e informa\u00e7\u00f5es mais neutras.\n<\/p>\n<p>A postagem de maior intera\u00e7\u00e3o tamb\u00e9m \u00e9 relacionada ao indiciamento do ex-presidente -fazendo refer\u00eancia a uma express\u00e3o <a href=\"https:\/\/12ft.io\/proxy?q=https%3A%2F%2Ftwitter.com%2Fjairbolsonaro%2Fstatus%2F1088500925923246080\" target=\"_parent\">usada por Bolsonaro<\/a> no dia em que o ex-deputado <a href=\"https:\/\/12ft.io\/proxy?q=https%3A%2F%2Feleicoes.poder360.com.br%2Fcandidato%2F643388\" target=\"_parent\">Jean Wyllys<\/a>(Psol-RJ) <a href=\"https:\/\/12ft.io\/proxy?q=https%3A%2F%2Fwww.poder360.com.br%2Fcongresso%2Fcom-medo-de-ameacas-jean-wyllys-abandona-mandato-e-deixa-o-brasil%2F\" target=\"_parent\">renunciou ao mandato<\/a> e anunciou que deixaria o Brasil, em 24 de janeiro de 2019:<\/p>\n<p>Poder 360\n<\/p>\n<\/p>\n<p>Eis outras publica\u00e7\u00f5es do PT no X sobre Bolsonaro ou relacionadas a ele nos \u00faltimos dias:\n<\/p>\n<p><img fetchpriority=\"high\" decoding=\"async\" class=\"size-full wp-image-1888711 aligncenter\" src=\"https:\/\/static.poder360.com.br\/2024\/11\/tweet-pt-indicamento-nov-2024.png\" sizes=\"(max-width: 1200px) 100vw, 1200px\" srcset=\"https:\/\/static.poder360.com.br\/2024\/11\/tweet-pt-indicamento-nov-2024.png 1200w, https:\/\/static.poder360.com.br\/2024\/11\/tweet-pt-indicamento-nov-2024-340x450.png 340w, https:\/\/static.poder360.com.br\/2024\/11\/tweet-pt-indicamento-nov-2024-774x1024.png 774w, https:\/\/static.poder360.com.br\/2024\/11\/tweet-pt-indicamento-nov-2024-768x1016.png 768w, https:\/\/static.poder360.com.br\/2024\/11\/tweet-pt-indicamento-nov-2024-1161x1536.png 1161w\" alt=\"\" width=\"1200\" height=\"1588\"\/>\n<\/p>\n<\/div>\n<p><script async src=\"\/\/platform.twitter.com\/widgets.js\" charset=\"utf-8\"><\/script><br \/>\n<br \/><br \/>\n<br \/><a href=\"https:\/\/diariodobrasilnoticias.com.br\/noticia\/pt-no-x-fala-mais-de-bolsonaro-que-de-lula-674223bac99cf\">Source link <\/a><\/p>","protected":false},"excerpt":{"rendered":"<p>Desde 5\u00aa feira (21.nov), quando come\u00e7aram a vazar trechos do relat\u00f3rio da PF complicando militares e o ex-presidente, perfil do partido fez 15 publica\u00e7\u00f5es relacionadas ao bolsonarismo O perfil do&hellip;<\/p>","protected":false},"author":1,"featured_media":64752,"comment_status":"closed","ping_status":"open","sticky":false,"template":"","format":"standard","meta":{"content-type":"","footnotes":""},"categories":[16],"tags":[123,2448,5313,1267],"class_list":["post-64751","post","type-post","status-publish","format-standard","has-post-thumbnail","hentry","category-noticias","tag-brasil","tag-diario","tag-noticia","tag-noticias"],"_links":{"self":[{"href":"https:\/\/tvbrazilusa.com\/pt\/wp-json\/wp\/v2\/posts\/64751","targetHints":{"allow":["GET"]}}],"collection":[{"href":"https:\/\/tvbrazilusa.com\/pt\/wp-json\/wp\/v2\/posts"}],"about":[{"href":"https:\/\/tvbrazilusa.com\/pt\/wp-json\/wp\/v2\/types\/post"}],"author":[{"embeddable":true,"href":"https:\/\/tvbrazilusa.com\/pt\/wp-json\/wp\/v2\/users\/1"}],"replies":[{"embeddable":true,"href":"https:\/\/tvbrazilusa.com\/pt\/wp-json\/wp\/v2\/comments?post=64751"}],"version-history":[{"count":1,"href":"https:\/\/tvbrazilusa.com\/pt\/wp-json\/wp\/v2\/posts\/64751\/revisions"}],"predecessor-version":[{"id":64753,"href":"https:\/\/tvbrazilusa.com\/pt\/wp-json\/wp\/v2\/posts\/64751\/revisions\/64753"}],"wp:featuredmedia":[{"embeddable":true,"href":"https:\/\/tvbrazilusa.com\/pt\/wp-json\/wp\/v2\/media\/64752"}],"wp:attachment":[{"href":"https:\/\/tvbrazilusa.com\/pt\/wp-json\/wp\/v2\/media?parent=64751"}],"wp:term":[{"taxonomy":"category","embeddable":true,"href":"https:\/\/tvbrazilusa.com\/pt\/wp-json\/wp\/v2\/categories?post=64751"},{"taxonomy":"post_tag","embeddable":true,"href":"https:\/\/tvbrazilusa.com\/pt\/wp-json\/wp\/v2\/tags?post=64751"}],"curies":[{"name":"wp","href":"https:\/\/api.w.org\/{rel}","templated":true}]}}