{"id":64757,"date":"2024-11-23T19:23:44","date_gmt":"2024-11-23T19:23:44","guid":{"rendered":"https:\/\/tvbrazilusa.com\/2024\/11\/23\/tres-pessoas-mortas-e-sete-feridas-em-ataque-a-tiros-durante-festa-de-aniversario-em-bar-no-es\/"},"modified":"2024-11-23T19:23:45","modified_gmt":"2024-11-23T19:23:45","slug":"tres-pessoas-mortas-e-sete-feridas-em-ataque-a-tiros-durante-festa-de-aniversario-em-bar-no-es","status":"publish","type":"post","link":"https:\/\/tvbrazilusa.com\/pt\/2024\/11\/23\/tres-pessoas-mortas-e-sete-feridas-em-ataque-a-tiros-durante-festa-de-aniversario-em-bar-no-es\/","title":{"rendered":"Tr\u00eas pessoas mortas e sete feridas em ataque a tiros durante festa de anivers\u00e1rio em bar no ES"},"content":{"rendered":"<p> <script async src=\"https:\/\/pagead2.googlesyndication.com\/pagead\/js\/adsbygoogle.js?client=ca-pub-8864793242727901\"\r\n     crossorigin=\"anonymous\"><\/script><br \/>\n<\/p>\n<div id=\"taboola-read-more\" style=\"display:block; width:100%\">\n<p>Tr\u00eas pessoas morreram e pelo menos sete ficaram feridas durante um ataque de criminosos em um bar localizado na Serra, Grande Vit\u00f3ria, na madrugada deste s\u00e1bado (23). Segundo a Pol\u00edcia Militar, atiradores invadiram o local e abriram fogo contra convidados de uma festa de anivers\u00e1rio que era comemorada no local. At\u00e9 a publica\u00e7\u00e3o desta reportagem, ningu\u00e9m havia sido detido.\n<\/p>\n<p>Imagens gravadas por c\u00e2meras de videomonitoramento da regi\u00e3o mostram que o ataque ocorreu \u00e0s 2h49, na Avenida Milton David, em Nova Almeida.<\/p>\n<p>No v\u00eddeo, \u00e9 poss\u00edvel ouvir diversos disparos em um per\u00edodo de pouco mais de um minuto. Durante os disparos, um carro e duas pessoas correndo passam pela avenida.\n<\/p>\n<p>Segundo a Pol\u00edcia Militar, a corpora\u00e7\u00e3o foi acionada para atender uma ocorr\u00eancia de pessoas v\u00edtimas de disparos de arma de fogo.\n<\/p>\n<p>No local, a dona do estabelecimento contou aos militares os que celebrava o pr\u00f3prio anivers\u00e1rio com os amigos, quando os suspeitos chegaram e come\u00e7aram a atirar contra as pessoas que estavam no local. Em seguida, os atiradores fugiram.\n<\/p>\n<p>A lanchonete onde as v\u00edtimas foram baleadas teve parte da vidra\u00e7a quebrada pelos tiros, que tamb\u00e9m atingiram v\u00e1rias casas da avenida, uma igreja, uma loja e um carro que estacionado pr\u00f3ximo ao local do crime.\n<\/p>\n<p>O Servi\u00e7o de Atendimento M\u00f3vel de Urg\u00eancia (Semu- 192) foi acionado e constatou que uma mulher, identificada como Elaine Cristina dos Anjos, de 37 anos, morreu no local.\n<\/p>\n<p>Segundo populares, Elaine tinha acabado de entrar no estabelecimento com marido para comprar cigarro quando os criminosos atiraram.\n<\/p>\n<p>Outras duas pessoas, identificadas como Gleidison Dalapicola e Laira Lorraine, chegaram a ser socorridos e levados para Unidade de Pronto Atendimento (Upa) de Castel\u00e2ndia, mas n\u00e3o resistiram aos ferimentos.\n<\/p>\n<p>Ainda segundo a pol\u00edcia, outras sete pessoas ficaram feridas e foram levadas para a UPA de Castel\u00e2ndia e para o Hospital Estadual Jayme Santos Neves, tamb\u00e9m na Serra.\n<\/p>\n<p>O g1 n\u00e3o conseguiu informa\u00e7\u00f5es sobre o estado de sa\u00fade das v\u00edtimas.\n<\/p>\n<p>Questionada sobre o caso, a Pol\u00edcia Civil informou as dilig\u00eancias foram iniciadas assim que tomou conhecimento do crime.\n<\/p>\n<p>Ainda segundo a corpora\u00e7\u00e3o, at\u00e9 a publica\u00e7\u00e3o desta reportagem nenhum suspeito foi detido e o caso seguir\u00e1 sob investiga\u00e7\u00e3o da Divis\u00e3o Especializada de Homic\u00eddios e Prote\u00e7\u00e3o \u00e0 Pessoa (DHPP) da Serra.\n<\/p>\n<p><strong>Demora em recolhimento de corpo<\/strong>\n<\/p>\n<p>Apesar da Pol\u00edcia Cient\u00edfica do Estado do Esp\u00edrito Santo (PCIES) ter sido acionada durante a madrugada e ter ido ao local do crime para realizar a per\u00edcia, o corpo de Elaine Cristina ficou mais de 6 horas dentro do bar e foi recolhido somente durante a manh\u00e3.\n<\/p>\n<p>Segundo a PCIES, a demora ocorreu devido a uma falha de comunica\u00e7\u00e3o entre as equipes envolvidas no atendimento e o corpo de uma v\u00edtima n\u00e3o foi recolhido imediatamente.\n<\/p>\n<p>Fonte: g1              <\/p>\n<\/div>\n<p><br \/>\n<br \/><a href=\"https:\/\/diariodobrasilnoticias.com.br\/noticia\/tres-pessoas-mortas-e-sete-feridas-em-ataque-a-tiros-durante-festa-de-aniversario-em-bar-no-es-674202880b9d1\">Source link <\/a><\/p>","protected":false},"excerpt":{"rendered":"<p>Tr\u00eas pessoas morreram e pelo menos sete ficaram feridas durante um ataque de criminosos em um bar localizado na Serra, Grande Vit\u00f3ria, na madrugada deste s\u00e1bado (23). Segundo a Pol\u00edcia&hellip;<\/p>","protected":false},"author":1,"featured_media":64758,"comment_status":"closed","ping_status":"open","sticky":false,"template":"","format":"standard","meta":{"content-type":"","footnotes":""},"categories":[16],"tags":[123,2448,5313,1267],"class_list":["post-64757","post","type-post","status-publish","format-standard","has-post-thumbnail","hentry","category-noticias","tag-brasil","tag-diario","tag-noticia","tag-noticias"],"_links":{"self":[{"href":"https:\/\/tvbrazilusa.com\/pt\/wp-json\/wp\/v2\/posts\/64757","targetHints":{"allow":["GET"]}}],"collection":[{"href":"https:\/\/tvbrazilusa.com\/pt\/wp-json\/wp\/v2\/posts"}],"about":[{"href":"https:\/\/tvbrazilusa.com\/pt\/wp-json\/wp\/v2\/types\/post"}],"author":[{"embeddable":true,"href":"https:\/\/tvbrazilusa.com\/pt\/wp-json\/wp\/v2\/users\/1"}],"replies":[{"embeddable":true,"href":"https:\/\/tvbrazilusa.com\/pt\/wp-json\/wp\/v2\/comments?post=64757"}],"version-history":[{"count":1,"href":"https:\/\/tvbrazilusa.com\/pt\/wp-json\/wp\/v2\/posts\/64757\/revisions"}],"predecessor-version":[{"id":64759,"href":"https:\/\/tvbrazilusa.com\/pt\/wp-json\/wp\/v2\/posts\/64757\/revisions\/64759"}],"wp:featuredmedia":[{"embeddable":true,"href":"https:\/\/tvbrazilusa.com\/pt\/wp-json\/wp\/v2\/media\/64758"}],"wp:attachment":[{"href":"https:\/\/tvbrazilusa.com\/pt\/wp-json\/wp\/v2\/media?parent=64757"}],"wp:term":[{"taxonomy":"category","embeddable":true,"href":"https:\/\/tvbrazilusa.com\/pt\/wp-json\/wp\/v2\/categories?post=64757"},{"taxonomy":"post_tag","embeddable":true,"href":"https:\/\/tvbrazilusa.com\/pt\/wp-json\/wp\/v2\/tags?post=64757"}],"curies":[{"name":"wp","href":"https:\/\/api.w.org\/{rel}","templated":true}]}}