{"id":64760,"date":"2024-11-23T19:35:32","date_gmt":"2024-11-23T19:35:32","guid":{"rendered":"https:\/\/tvbrazilusa.com\/2024\/11\/23\/motociclista-e-atingido-por-carro-em-alta-velocidade-e-e-arremessado-contra-a-parede-de-uma-loja-veja-video\/"},"modified":"2024-11-23T19:35:33","modified_gmt":"2024-11-23T19:35:33","slug":"motociclista-e-atingido-por-carro-em-alta-velocidade-e-e-arremessado-contra-a-parede-de-uma-loja-veja-video","status":"publish","type":"post","link":"https:\/\/tvbrazilusa.com\/pt\/2024\/11\/23\/motociclista-e-atingido-por-carro-em-alta-velocidade-e-e-arremessado-contra-a-parede-de-uma-loja-veja-video\/","title":{"rendered":"Motociclista \u00e9 atingido por carro em alta velocidade e \u00e9 arremessado contra a parede de uma loja; VEJA V\u00cdDEO"},"content":{"rendered":"<p> <script async src=\"https:\/\/pagead2.googlesyndication.com\/pagead\/js\/adsbygoogle.js?client=ca-pub-8864793242727901\"\r\n     crossorigin=\"anonymous\"><\/script><br \/>\n<\/p>\n<div id=\"taboola-read-more\" style=\"display:block; width:100%\">\n<p>Uma c\u00e2mera de seguran\u00e7a flagrou o momento em que um motociclista foi arremessado para o alto ap\u00f3s ser atingido por um carro em alta velocidade que avan\u00e7ou na contram\u00e3o. O acidente aconteceu na manh\u00e3 deste s\u00e1bado (23) em S\u00e3o Bernardo do Campo, na Grande S\u00e3o Paulo.\n<\/p>\n<p>O motociclista sofreu ferimentos no cotovelo e tornozelo e segue internado em estado consciente e est\u00e1vel, segundo informa\u00e7\u00f5es da Prefeitura de S\u00e3o Bernardo.<\/p>\n<p>A batida aconteceu na Avenida Dom Pedro de Alc\u00e2ntara, altura do n\u00famero 180, por volta das 6h da manh\u00e3, quando quase n\u00e3o havia movimento na rua.\n<\/p>\n<p>A moto vinha sozinha pela avenida e foi surpreendida pelo carro na contram\u00e3o. Ap\u00f3s a colis\u00e3o, o motociclista foi arremessado contra a parede de uma loja, ficando mais de um metro acima do ch\u00e3o. J\u00e1 ca\u00eddo, \u00e9 poss\u00edvel ver pelas imagens que ele se movimenta e chega a ficar sentado.\n<\/p>\n<p>O carro ainda bate na fachada de lojas e volta para o meio da pista. O motorista e a passageira do carro descem correndo do ve\u00edculo para ajudar o motociclista.\n<\/p>\n<p>A v\u00edtima foi socorrida por uma equipe do Samu, que realizou os primeiros socorros no local e a levou ao Hospital de Urg\u00eancia, onde segue internada.\n<\/p>\n<p>Segundo a Secretaria da Seguran\u00e7a P\u00fablica, o condutor do autom\u00f3vel n\u00e3o apresentava sinais de embriaguez.\n<\/p>\n<p>A per\u00edcia e o IML foram acionados e o caso registrado como les\u00e3o corporal culposa na dire\u00e7\u00e3o de ve\u00edculo automotor e colis\u00e3o no 1\u00b0 DP de S\u00e3o Bernardo do Campo.\n<\/p>\n<p>Veja v\u00eddeo:\n<\/p>\n<p>Fonte: g1              <\/p>\n<\/div>\n<p><br \/>\n<br \/><a href=\"https:\/\/diariodobrasilnoticias.com.br\/noticia\/motociclista-e-atingido-por-carro-em-alta-velocidade-e-e-arremessado-contra-a-parede-de-uma-loja-veja-video-674204ecdb4f4\">Source link <\/a><\/p>","protected":false},"excerpt":{"rendered":"<p>Uma c\u00e2mera de seguran\u00e7a flagrou o momento em que um motociclista foi arremessado para o alto ap\u00f3s ser atingido por um carro em alta velocidade que avan\u00e7ou na contram\u00e3o. O&hellip;<\/p>","protected":false},"author":1,"featured_media":64761,"comment_status":"closed","ping_status":"open","sticky":false,"template":"","format":"standard","meta":{"content-type":"","footnotes":""},"categories":[16],"tags":[123,2448,5313,1267],"class_list":["post-64760","post","type-post","status-publish","format-standard","has-post-thumbnail","hentry","category-noticias","tag-brasil","tag-diario","tag-noticia","tag-noticias"],"_links":{"self":[{"href":"https:\/\/tvbrazilusa.com\/pt\/wp-json\/wp\/v2\/posts\/64760","targetHints":{"allow":["GET"]}}],"collection":[{"href":"https:\/\/tvbrazilusa.com\/pt\/wp-json\/wp\/v2\/posts"}],"about":[{"href":"https:\/\/tvbrazilusa.com\/pt\/wp-json\/wp\/v2\/types\/post"}],"author":[{"embeddable":true,"href":"https:\/\/tvbrazilusa.com\/pt\/wp-json\/wp\/v2\/users\/1"}],"replies":[{"embeddable":true,"href":"https:\/\/tvbrazilusa.com\/pt\/wp-json\/wp\/v2\/comments?post=64760"}],"version-history":[{"count":1,"href":"https:\/\/tvbrazilusa.com\/pt\/wp-json\/wp\/v2\/posts\/64760\/revisions"}],"predecessor-version":[{"id":64762,"href":"https:\/\/tvbrazilusa.com\/pt\/wp-json\/wp\/v2\/posts\/64760\/revisions\/64762"}],"wp:featuredmedia":[{"embeddable":true,"href":"https:\/\/tvbrazilusa.com\/pt\/wp-json\/wp\/v2\/media\/64761"}],"wp:attachment":[{"href":"https:\/\/tvbrazilusa.com\/pt\/wp-json\/wp\/v2\/media?parent=64760"}],"wp:term":[{"taxonomy":"category","embeddable":true,"href":"https:\/\/tvbrazilusa.com\/pt\/wp-json\/wp\/v2\/categories?post=64760"},{"taxonomy":"post_tag","embeddable":true,"href":"https:\/\/tvbrazilusa.com\/pt\/wp-json\/wp\/v2\/tags?post=64760"}],"curies":[{"name":"wp","href":"https:\/\/api.w.org\/{rel}","templated":true}]}}