{"id":64763,"date":"2024-11-23T19:32:00","date_gmt":"2024-11-23T19:32:00","guid":{"rendered":"https:\/\/tvbrazilusa.com\/2024\/11\/23\/jaguars-supostamente-vistos-como-favoritos-para-contratar-bill-belichick-entre-treinadores-e-executivos\/"},"modified":"2024-11-23T19:41:01","modified_gmt":"2024-11-23T19:41:01","slug":"jaguars-supostamente-vistos-como-favoritos-para-contratar-bill-belichick-entre-treinadores-e-executivos","status":"publish","type":"post","link":"https:\/\/tvbrazilusa.com\/pt\/2024\/11\/23\/jaguars-supostamente-vistos-como-favoritos-para-contratar-bill-belichick-entre-treinadores-e-executivos\/","title":{"rendered":"Jaguars supostamente vistos como favoritos para contratar Bill Belichick entre treinadores e executivos"},"content":{"rendered":"<p> <script async src=\"https:\/\/pagead2.googlesyndication.com\/pagead\/js\/adsbygoogle.js?client=ca-pub-8864793242727901\"\r\n     crossorigin=\"anonymous\"><\/script><br \/>\n<\/p>\n<div id=\"\">\n<header class=\"m-article-header m-article-header--standard\">\n\t\t\t\t\t\t\t\t\t\t\t\t<span id=\"article-header-primary-term\"><br \/>\n\t\t\t\t\t\t\t\t<a class=\"a-term a-term--primary\" href=\"https:\/\/www.boston.com\/tag\/new-england-patriots\/\"><\/p>\n<p>\t\t\t\t\t\t\t\tPatriotas\t\t\t\t\t\t\t\t<\/a><br \/>\n\t\t\t\t\t\t\t<\/span><\/p>\n<h2 class=\"m-article-header__sub-headline\">Jacksonville est\u00e1 com 2 a 9 nesta temporada, enquanto os rumores continuam circulando em torno do t\u00e9cnico Doug Pederson.<\/h2>\n<figure class=\"a-photo m-article-header__photo\"><figcaption class=\"a-photo__caption\">\n<p>\tBill Belichick pretende voltar a ser treinador em 2025. <em> (Danielle Parhizkaran\/Equipe do Globo)<\/em>\t<\/figcaption><\/figure>\n<\/header>\n<p>Bill Belichick est\u00e1 se preparando para sua segunda participa\u00e7\u00e3o no carrossel de treinamento em outras temporadas. Embora o ex-t\u00e9cnico do Patriots provavelmente n\u00e3o fa\u00e7a entrevistas para nenhuma vaga at\u00e9 o final da temporada regular, h\u00e1 um time que j\u00e1 pode ter vantagem em contrat\u00e1-lo.<\/p>\n<p>Os Jaguars s\u00e3o vistos como o time com maior probabilidade de contratar Belichick entre 10 treinadores e executivos, <a href=\"https:\/\/www.nytimes.com\/athletic\/5941684\/2024\/11\/23\/russinis-what-im-hearing-the-day-the-jets-fell-apart-and-the-broncos-rallied-belichick-best-fits\/\" target=\"_blank\" rel=\"noreferrer noopener\"><em>O Atl\u00e9tico<\/em>Dianna Russini relatou no s\u00e1bado<\/a>. Na pesquisa informal de Russini, os Cowboys e os Buccaneers foram vistos como os outros locais de pouso mais prov\u00e1veis \u200b\u200bpara Belichick.<\/p>\n<p>Jacksonville aparentemente emergiu como um potencial local de pouso para Belichick na \u00faltima semana. Foi relatado antes da derrota dos Jaguars na Semana 11 para os Le\u00f5es <a href=\"https:\/\/www.nfl.com\/videos\/rapoport-jags-could-move-on-from-hc-doug-pederson-gm-trent-baalke-as-early-as-this-week-nfl-gameday-morning\" target=\"_blank\" rel=\"noreferrer noopener\">que a equipe poderia disparar<\/a> o t\u00e9cnico Doug Pederson e o gerente geral Trent Baalke j\u00e1 nesta semana.<\/p>\n<p>Nem Pederson nem Baalke foram demitidos ap\u00f3s a derrota dos Jaguars por 52-6 contra os Le\u00f5es quando eles entraram na semana de folga. Mas eles est\u00e3o 2-9, e com relatos j\u00e1 surgindo de que eles est\u00e3o considerando demitir Pederson, parece prov\u00e1vel que eles tenham uma vaga de treinador nesta entressafra.<\/p>\n<p>Ap\u00f3s a derrota dos Jaguars para os Le\u00f5es, Russini <a href=\"https:\/\/www.boston.com\/sports\/new-england-patriots\/2024\/11\/18\/bill-belichick-patriots-nfl-coaching-destination-search-jaguars-saints-giants-cowboys\/\" target=\"_blank\" rel=\"noreferrer noopener\">tamb\u00e9m apontou Jacksonville como um \u201cdestino potencial\u201d <\/a>para Belichick. Ela tamb\u00e9m observou que seria \u201caltamente improv\u00e1vel\u201d que Belichick formasse uma parceria com Baalke, citando m\u00faltiplas fontes.<\/p>\n<p>Belichick tinha controle total sobre o elenco dos Patriots e foi seu gerente geral de fato durante a maior parte de seus 24 anos no time. N\u00e3o est\u00e1 claro se ele pretende ter controle semelhante em sua pr\u00f3xima parada. Ele disse ao propriet\u00e1rio dos Falcons, Arthur Blank, que estava disposto a trabalhar com os tomadores de decis\u00e3o que a equipe tinha quando entrevistou a franquia na \u00faltima offseason, <a href=\"https:\/\/www.espn.com\/nfl\/story\/_\/id\/39955777\/how-patriots-legend-bill-belichick-end-nfl-job\" target=\"_blank\" rel=\"noreferrer noopener\">ESPN relatou em abril<\/a>.<\/p>\n<p>O que aparentemente ficou claro, por\u00e9m, \u00e9 que Belichick deseja voltar a ser treinador em 2025. Foi relatado em diversas ocasi\u00f5es que ele est\u00e1 de olho no retorno, com alguns de seus ex-jogadores tamb\u00e9m acreditando que <a href=\"https:\/\/www.boston.com\/sports\/new-england-patriots\/2024\/11\/01\/bill-belichick-nfl-coaching-julian-edelman-quotes\/\" target=\"_blank\" rel=\"noreferrer noopener\">ele quer voltar a treinar<\/a> depois que os Patriots o deixaram ir em janeiro.<\/p>\n<p>Se Jacksonville for a pr\u00f3xima casa de Belichick, ele assumir\u00e1 o comando de um time que n\u00e3o ficou impressionado nas \u00faltimas duas temporadas, depois de vencer a AFC South em 2022. Os Jaguars podem ter o zagueiro mais talentoso de todos os times com vaga de t\u00e9cnico nesta entressafra, mas Trevor Lawrence tamb\u00e9m teve dificuldades nesta temporada. Ele lan\u00e7ou 2.004 jardas, 11 touchdowns e seis intercepta\u00e7\u00f5es, com uma classifica\u00e7\u00e3o de passe de 87,9, que seria a mais baixa desde sua temporada de estreia.<\/p>\n<p>A experi\u00eancia defensiva de Belichick poderia ajudar Jacksonville, no entanto. Os Jaguars est\u00e3o em \u00faltimo lugar em jardas permitidas e est\u00e3o em 30\u00ba na defesa de pontua\u00e7\u00e3o nesta temporada. Belichick colocou os Patriots na primeira metade da liga em ambas as categorias na temporada passada.<\/p>\n<p>Claro, Mac Jones, que parecia ser um ponto de disc\u00f3rdia nas duas \u00faltimas temporadas de Belichick com os Patriots, est\u00e1 em Jacksonville. Mas ele n\u00e3o tem contrato para a temporada de 2025. <\/p>\n<p>Quanto aos Cowboys e Buccaneers, cada equipe foi devastada por les\u00f5es nesta temporada, depois de vencer suas respectivas divis\u00f5es em 2023. Dallas est\u00e1 3-7 com Dak Prescott fora desta temporada e o t\u00e9cnico Mike McCarthy na \u00faltima temporada de seu contrato. <\/p>\n<p>Tampa Bay come\u00e7ou a temporada forte, com 4-2 nos primeiros seis jogos. Mas as les\u00f5es de Mike Evans, Chris Godwin e outros fizeram com que o time perdesse quatro partidas consecutivas. <\/p>\n<div class=\"m-block m-generic-cta\t m-generic-cta--post-content\t m-generic-cta--dark\t m-generic-cta--homepage\t m-generic-cta--email-signup\t\t m-generic-cta-block-style--default \tt-amp__generic-cta\"><\/p>\n<div class=\"m-generic-cta__wrap\">\n<div class=\"m-generic-cta__content\">\n<h3 class=\"m-generic-cta__title\">Inscreva-se para receber atualiza\u00e7\u00f5es do Patriots\ud83c\udfc8<\/h3>\n<p class=\"m-generic-cta__subtitle\">Receba as \u00faltimas not\u00edcias e an\u00e1lises em sua caixa de entrada durante a temporada de futebol.<\/p>\n<\/p><\/div>\n<\/p><\/div>\n<\/div><\/div>\n<p><script>\n\t\tvar consent=\"grant\";\n\t\t\/* The above code is parsing the JSON data from the local storage and storing it in a variable. *\/\n\t\t\t\t\tconst onetrustStorageConsent = JSON.parse(localStorage.getItem( 'consent_one_trust_bdc' ) );\n\t\t\tif ( ( onetrustStorageConsent !== null ) ) {\n\t\t\t\t\/* Checking to see if the user has consented to the use of cookies.\n\t\t\t\t* If they have not, it is deleting the cookie.\n\t\t\t\t* This will comment for now, until further notice.\n\t\t\t\t*\/\n\t\t\t\t\/\/if ( onetrustStorageConsent.C0002 === false ) {\n\t\t\t\t\/\/\tdocument.cookie=\"_fbp=;expires=Thu, 01 Jan 2010 00:00:00 UTC; path=\/; domain=.boston.com\";\n\t\t\t\t\/\/}\n\t\t\t\t\/* Checking if the user has given consent for the cookie C0002.\n\t\t\t\t* If the user has given consent, the variable consent will be set to 'grant'.\n\t\t\t\t* If the user has not given consent,the variable consent will be set to 'revoke'.\n\t\t\t\t* Documentation https:\/\/developers.facebook.com\/docs\/meta-pixel\/implementation\/gdpr\n\t\t\t\t*\/\n\t\t\t\tif ( onetrustStorageConsent.C0002 !== true ) {\n\t\t\t\t\tconsent=\"revoke\";\n\t\t\t\t}\n\t\t\t}\n\t\t\t\t!function(f,b,e,v,n,t,s)\n\t\t{if(f.fbq)return;n=f.fbq=function(){n.callMethod?\n\t\tn.callMethod.apply(n,arguments):n.queue.push(arguments)};\n\t\tif(!f._fbq)f._fbq=n;n.push=n;n.loaded=!0;n.version='2.0';\n\t\tn.queue=[];t=b.createElement(e);t.async=!0;\n\t\tt.src=v;s=b.getElementsByTagName(e)[0];\n\t\ts.parentNode.insertBefore(t,s)}(window, document,'script',\n\t\t'https:\/\/connect.facebook.net\/en_US\/fbevents.js');\n\t\tfbq('consent', consent);\n\t\tfbq('init', '989222871864976');\n\t\tfbq('track', 'PageView');\n\t<\/script><script type=\"module\">\n\t\tvar consent=\"grant\";\n\t\t\/* The above code is parsing the JSON data from the local storage and storing it in a variable. *\/\n\t\t\tconst onetrustStorageConsent = JSON.parse(localStorage.getItem( 'consent_one_trust_bdc' ) );\n\t\t\t\/* Checking to see if the user has consented to the use of cookies.\n\t\t\t* If they have not, it is deleting the cookie.\n\t\t\t* This will comment for now, until further notice.\n\t\t\t*\/\n\t\t\t\/\/if ( onetrustStorageConsent.C0002 === false ) {\n\t\t\t\/\/\tdocument.cookie=\"_fbp=;expires=Thu, 01 Jan 2010 00:00:00 UTC; path=\/; domain=.boston.com\";\n\t\t\t\/\/}\n\t\t\t\/* Checking if the user has given consent for the cookie C0002.\n\t\t\t* If the user has given consent, the variable consent will be set to 'grant'.\n\t\t\t* If the user has not given consent,the variable consent will be set to 'revoke'.\n\t\t\t* Documentation https:\/\/developers.facebook.com\/docs\/meta-pixel\/implementation\/gdpr\n\t\t\t*\/\n\t\t\tif ( ( onetrustStorageConsent !== null ) && (onetrustStorageConsent.C0002 !== true ) ) {\n\t\t\t\tconsent=\"revoke\";\n\t\t\t}\n\t\t\t\t!function(f,b,e,v,n,t,s){if(f.fbq)return;n=f.fbq=function()\n\t\t{n.callMethod? n.callMethod.apply(n,arguments):n.queue.push(arguments)}\n\t\t;if(!f._fbq)f._fbq=n;\n\t\tn.push=n;n.loaded=!0;n.version='2.0';n.queue=[];t=b.createElement(e);t.async=!0;\n\t\tt.src=v;s=b.getElementsByTagName(e)[0];s.parentNode.insertBefore(t,s)}(window,\n\t\tdocument,'script','https:\/\/connect.facebook.net\/en_US\/fbevents.js');\n\t\tfbq('consent', consent);\n\t\tfbq('init', '813236348753005');\n\t\tfbq('track', \"PageView\");\n\t<\/script><br \/>\n<br \/><br \/>\n<br \/><a href=\"https:\/\/www.boston.com\/sports\/new-england-patriots\/2024\/11\/23\/jaguars-bill-belichick-favorite-next-coach-patriots\/\">Source link <\/a><\/p>","protected":false},"excerpt":{"rendered":"<p>Patriotas Jacksonville est\u00e1 com 2 a 9 nesta temporada, enquanto os rumores continuam circulando em torno do t\u00e9cnico Doug Pederson. Bill Belichick pretende voltar a ser treinador em 2025. (Danielle&hellip;<\/p>","protected":false},"author":1,"featured_media":64764,"comment_status":"closed","ping_status":"open","sticky":false,"template":"","format":"standard","meta":{"content-type":"","footnotes":""},"categories":[1],"tags":[],"class_list":["post-64763","post","type-post","status-publish","format-standard","has-post-thumbnail","hentry","category-uncategorized"],"_links":{"self":[{"href":"https:\/\/tvbrazilusa.com\/pt\/wp-json\/wp\/v2\/posts\/64763","targetHints":{"allow":["GET"]}}],"collection":[{"href":"https:\/\/tvbrazilusa.com\/pt\/wp-json\/wp\/v2\/posts"}],"about":[{"href":"https:\/\/tvbrazilusa.com\/pt\/wp-json\/wp\/v2\/types\/post"}],"author":[{"embeddable":true,"href":"https:\/\/tvbrazilusa.com\/pt\/wp-json\/wp\/v2\/users\/1"}],"replies":[{"embeddable":true,"href":"https:\/\/tvbrazilusa.com\/pt\/wp-json\/wp\/v2\/comments?post=64763"}],"version-history":[{"count":1,"href":"https:\/\/tvbrazilusa.com\/pt\/wp-json\/wp\/v2\/posts\/64763\/revisions"}],"predecessor-version":[{"id":64765,"href":"https:\/\/tvbrazilusa.com\/pt\/wp-json\/wp\/v2\/posts\/64763\/revisions\/64765"}],"wp:featuredmedia":[{"embeddable":true,"href":"https:\/\/tvbrazilusa.com\/pt\/wp-json\/wp\/v2\/media\/64764"}],"wp:attachment":[{"href":"https:\/\/tvbrazilusa.com\/pt\/wp-json\/wp\/v2\/media?parent=64763"}],"wp:term":[{"taxonomy":"category","embeddable":true,"href":"https:\/\/tvbrazilusa.com\/pt\/wp-json\/wp\/v2\/categories?post=64763"},{"taxonomy":"post_tag","embeddable":true,"href":"https:\/\/tvbrazilusa.com\/pt\/wp-json\/wp\/v2\/tags?post=64763"}],"curies":[{"name":"wp","href":"https:\/\/api.w.org\/{rel}","templated":true}]}}