{"id":64772,"date":"2024-11-23T19:59:57","date_gmt":"2024-11-23T19:59:57","guid":{"rendered":"https:\/\/tvbrazilusa.com\/2024\/11\/23\/nao-acredito-nesta-historinha-de-golpe-diz-bolsonaro\/"},"modified":"2024-11-23T19:59:59","modified_gmt":"2024-11-23T19:59:59","slug":"nao-acredito-nesta-historinha-de-golpe-diz-bolsonaro","status":"publish","type":"post","link":"https:\/\/tvbrazilusa.com\/pt\/2024\/11\/23\/nao-acredito-nesta-historinha-de-golpe-diz-bolsonaro\/","title":{"rendered":"\u201cN\u00e3o acredito nesta historinha de golpe\u201d, diz Bolsonaro"},"content":{"rendered":"<p> <script async src=\"https:\/\/pagead2.googlesyndication.com\/pagead\/js\/adsbygoogle.js?client=ca-pub-8864793242727901\"\r\n     crossorigin=\"anonymous\"><\/script><br \/>\n<\/p>\n<div>\n<figure class=\"post-image\">\n<\/figure>\n<p>            <span style=\"font-size: 12px\">O ex-presidente Jair Bolsonaro (PL) \u2022 23\/10\/2024 &#8211; GUILHERME DION\u00edZIO\/ESTAD\u00c3O CONTE\u00daDO<\/span><\/p>\n<p>            <!-- end metas --><br \/>\n            <!-- ADS --><\/p>\n<div id=\"taboola-read-more\" style=\"display:block; width:100%\">\n<p>O ex-presidente Jair Bolsonaro chamou o inqu\u00e9rito que apura um plano de golpe para mant\u00ea-lo no poder de \u201chistorinha\u201d. Segundo ele, a investiga\u00e7\u00e3o \u00e9 uma \u201cnarrativa inventada\u201d pelo ministro Alexandre de Moraes, do Supremo Tribunal Federal (STF) com a Pol\u00edcia Federal (PF).<\/p>\n<p>\u201cN\u00e3o acredito nessa historinha de golpe. Golpe em que ningu\u00e9m viu um soldado sequer na rua. Um tiro. Ningu\u00e9m sendo preso. <a href=\"https:\/\/www.cnnbrasil.com.br\/politica\/moraes-flexibiliza-cautelar-para-ex-ministro-de-bolsonaro-cuidar-da-mae-com-cancer\/\" target=\"_blank\" rel=\"noopener noreferrer\">Alexandre de Moraes<\/a> fica inventando narrativa com a Pol\u00edcia Federal bastante criativa\u201d, disse em conversa com apoiadores em Alagoas neste s\u00e1bado (23).<\/p>\n<p>A <a href=\"https:\/\/www.cnnbrasil.com.br\/politica\/plano-de-golpe-pf-indicia-bolsonaro-e-militares\/\" target=\"_blank\" rel=\"noopener noreferrer\">PF indiciou Bolsonaro e mais 36 pessoas<\/a> por supostamente tramar a morte do presidente Luiz In\u00e1cio Lula da Silva (PT), do vice Geraldo Alckmin (PSB) e do ministro Alexandre Moraes. O relat\u00f3rio aponta crimes de aboli\u00e7\u00e3o violenta do Estado democr\u00e1tico de Direito, golpe de Estado e organiza\u00e7\u00e3o criminosa.\n<\/p>\n<p>\u201cO que eles est\u00e3o fazendo agora com essa historinha de golpe. Iam sequestrar Lula, Alckmin e Alexandre de Moraes para que? E depois envenenar? Vai plantar batata onde voc\u00ea bem entender. Pelo amor de deus. Deixa de perseguir as pessoas por interesse pessoal\u201d, declarou Bolsonaro.\n<\/p>\n<p>Sobre o 8 de Janeiro, o ex-presidente afirmou que os investigados pelos atos \u201cs\u00e3o pobres coitados, inocentes, chefes de fam\u00edlias, que n\u00e3o t\u00eam culpa de nada\u201d. Segundo ele, uma minoria invadiu e entrou na C\u00e2mara, Senado e Supremo.\n<\/p>\n<p>CNN              <\/p>\n<\/div>\n<p>                        <!-- Scripts para conteudo --><\/p>\n<p>            <!-- .\/Scripts para conteudo --><br \/>\n            <!-- .\/Mat\u00e9ria --><\/p>\n<div class=\"row mt-3\">\n<div class=\"col-sm-6\">\n                <!-- Whatsapp channel 3--><br \/>\n                <a href=\"https:\/\/chat.whatsapp.com\/J6hwSKYns5B0XFowx2wZ0P\" target=\"_blank\"><br \/>\n                  <img decoding=\"async\" src=\"https:\/\/diariodobrasilnoticias.com.br\/assets-site\/images\/bot_whatsapp.png\"\/><\/a>\n              <\/div>\n<div class=\"col-sm-6\">\n                <a href=\"https:\/\/t.me\/+_4gTmi5LKo03OTM5\" target=\"_blank\"><br \/>\n                  <img decoding=\"async\" src=\"https:\/\/diariodobrasilnoticias.com.br\/assets-site\/images\/bot_telegram.png\"\/><\/a>\n              <\/div>\n<\/p><\/div>\n<p>            <!-- end post-navigation --><\/p>\n<p>              <!-- end row --><\/p>\n<p>              <!-- end col-12-->\n                      <\/div>\n<p><br \/>\n<br \/><a href=\"https:\/\/diariodobrasilnoticias.com.br\/noticia\/-nao-acredito-nesta-historinha-de-golpe-diz-bolsonaro-67422665c833e\">Source link <\/a><\/p>","protected":false},"excerpt":{"rendered":"<p>O ex-presidente Jair Bolsonaro (PL) \u2022 23\/10\/2024 &#8211; GUILHERME DION\u00edZIO\/ESTAD\u00c3O CONTE\u00daDO O ex-presidente Jair Bolsonaro chamou o inqu\u00e9rito que apura um plano de golpe para mant\u00ea-lo no poder de \u201chistorinha\u201d.&hellip;<\/p>","protected":false},"author":1,"featured_media":64773,"comment_status":"closed","ping_status":"open","sticky":false,"template":"","format":"standard","meta":{"content-type":"","footnotes":""},"categories":[16],"tags":[123,2448,5313,1267],"class_list":["post-64772","post","type-post","status-publish","format-standard","has-post-thumbnail","hentry","category-noticias","tag-brasil","tag-diario","tag-noticia","tag-noticias"],"_links":{"self":[{"href":"https:\/\/tvbrazilusa.com\/pt\/wp-json\/wp\/v2\/posts\/64772","targetHints":{"allow":["GET"]}}],"collection":[{"href":"https:\/\/tvbrazilusa.com\/pt\/wp-json\/wp\/v2\/posts"}],"about":[{"href":"https:\/\/tvbrazilusa.com\/pt\/wp-json\/wp\/v2\/types\/post"}],"author":[{"embeddable":true,"href":"https:\/\/tvbrazilusa.com\/pt\/wp-json\/wp\/v2\/users\/1"}],"replies":[{"embeddable":true,"href":"https:\/\/tvbrazilusa.com\/pt\/wp-json\/wp\/v2\/comments?post=64772"}],"version-history":[{"count":1,"href":"https:\/\/tvbrazilusa.com\/pt\/wp-json\/wp\/v2\/posts\/64772\/revisions"}],"predecessor-version":[{"id":64774,"href":"https:\/\/tvbrazilusa.com\/pt\/wp-json\/wp\/v2\/posts\/64772\/revisions\/64774"}],"wp:featuredmedia":[{"embeddable":true,"href":"https:\/\/tvbrazilusa.com\/pt\/wp-json\/wp\/v2\/media\/64773"}],"wp:attachment":[{"href":"https:\/\/tvbrazilusa.com\/pt\/wp-json\/wp\/v2\/media?parent=64772"}],"wp:term":[{"taxonomy":"category","embeddable":true,"href":"https:\/\/tvbrazilusa.com\/pt\/wp-json\/wp\/v2\/categories?post=64772"},{"taxonomy":"post_tag","embeddable":true,"href":"https:\/\/tvbrazilusa.com\/pt\/wp-json\/wp\/v2\/tags?post=64772"}],"curies":[{"name":"wp","href":"https:\/\/api.w.org\/{rel}","templated":true}]}}