{"id":64787,"date":"2024-11-23T20:54:49","date_gmt":"2024-11-23T20:54:49","guid":{"rendered":"https:\/\/tvbrazilusa.com\/2024\/11\/23\/bolsonaro-e-uma-piada-essa-pf-do-alexandre-de-moraes\/"},"modified":"2024-11-23T20:54:51","modified_gmt":"2024-11-23T20:54:51","slug":"bolsonaro-e-uma-piada-essa-pf-do-alexandre-de-moraes","status":"publish","type":"post","link":"https:\/\/tvbrazilusa.com\/pt\/2024\/11\/23\/bolsonaro-e-uma-piada-essa-pf-do-alexandre-de-moraes\/","title":{"rendered":"Bolsonaro: \u201c\u00c9 uma piada essa PF do Alexandre de Moraes\u201d"},"content":{"rendered":"<p> <script async src=\"https:\/\/pagead2.googlesyndication.com\/pagead\/js\/adsbygoogle.js?client=ca-pub-8864793242727901\"\r\n     crossorigin=\"anonymous\"><\/script><br \/>\n<\/p>\n<div>\n<figure class=\"post-image\">\n<\/figure>\n<p>            <span style=\"font-size: 12px\">Foto: Beto Barata\/ PL<\/span><\/p>\n<p>            <!-- end metas --><br \/>\n            <!-- ADS --><\/p>\n<div id=\"taboola-read-more\" style=\"display:block; width:100%\">\n<p>O ex-presidente <strong>Jair Bolsonaro<\/strong> (foto) voltou a comentar o <a href=\"https:\/\/oantagonista.com.br\/brasil\/pf-atribui-plano-de-envenenar-lula-a-entao-secretario-de-bolsonaro\/\">inqu\u00e9rito da Pol\u00edcia Federal <\/a>no qual foi indiciado e que apura a tentativa da execu\u00e7\u00e3o de um golpe de Estado no Brasil<br \/>Em uma live com o ex-ministro do Turismo <strong>Gilson Machado<\/strong>, Bolsonaro classificou as investiga\u00e7\u00f5es como<em> \u201cchifre em cabe\u00e7a de cavalo\u201d<\/em>.\n<\/p>\n<p><em>\u201cUma coisa absurda essa hist\u00f3ria do golpe. Vai dar golpe com um general da reserva e quatro oficiais superiores? Pelo amor de Deus. Quem estava coordenando isso? Cad\u00ea a tropa? Cad\u00ea as For\u00e7as Armadas? N\u00e3o fique botando chifre em cabe\u00e7a de cavalo\u201d<\/em>, disse.<\/p>\n<p>\u00a0<\/p>\n<p><em>Golpe agora n\u00e3o se d\u00e1 mais com tanque agora, se d\u00e1 com t\u00e1xi. E parece que o sequestro n\u00e3o saiu porque n\u00e3o tinha t\u00e1xi na hora. <strong>\u00c9 uma piada essa PF do Alexandre de Moraes<\/strong>.\u201d<\/em>\n<\/p>\n<p>Bolsonaro tamb\u00e9m criticou a <a href=\"https:\/\/oantagonista.com.br\/brasil\/operacao-contragolpe-general-e-tres-kids-pretos-sao-presos\/\">pris\u00e3o de um general reformado e tr\u00eas kids pretos<\/a>, como s\u00e3o chamados os integrantes das For\u00e7as Especiais do Ex\u00e9rcito. Como noticiamos, eles s\u00e3o suspeitos de planejarem um golpe de Estado e os <strong>assassinatos do presidente Lula<\/strong>, do vice-presidente<strong> Geraldo Alckmin<\/strong> e do ministro<strong> Alexandre de Moraes<\/strong>, do Supremo Tribunal Federal.\n<\/p>\n<p>\u00a0<\/p>\n<p><em>\u201cEsses que est\u00e3o sendo presos injustamente agora, de forma preventiva N\u00e3o encontra um s\u00f3 respaldo da lei que fala da preventiva para prender esses quatro oficiais\u201d<\/em>, afirmou Bolsonaro.<\/p>\n<p>O antagonista\u00a0              <\/p>\n<\/div>\n<p>                        <!-- Scripts para conteudo --><\/p>\n<p>            <!-- .\/Scripts para conteudo --><br \/>\n            <!-- .\/Mat\u00e9ria --><\/p>\n<div class=\"row mt-3\">\n<div class=\"col-sm-6\">\n                <!-- Whatsapp channel 3--><br \/>\n                <a href=\"https:\/\/chat.whatsapp.com\/J6hwSKYns5B0XFowx2wZ0P\" target=\"_blank\"><br \/>\n                  <img decoding=\"async\" src=\"https:\/\/diariodobrasilnoticias.com.br\/assets-site\/images\/bot_whatsapp.png\"\/><\/a>\n              <\/div>\n<div class=\"col-sm-6\">\n                <a href=\"https:\/\/t.me\/+_4gTmi5LKo03OTM5\" target=\"_blank\"><br \/>\n                  <img decoding=\"async\" src=\"https:\/\/diariodobrasilnoticias.com.br\/assets-site\/images\/bot_telegram.png\"\/><\/a>\n              <\/div>\n<\/p><\/div>\n<p>            <!-- end post-navigation --><\/p>\n<p>              <!-- end row --><\/p>\n<p>              <!-- end col-12-->\n                      <\/div>\n<p><br \/>\n<br \/><a href=\"https:\/\/diariodobrasilnoticias.com.br\/noticia\/bolsonaro-e-uma-piada-essa-pf-do-alexandre-de-moraes-6742394f0bdcd\">Source link <\/a><\/p>","protected":false},"excerpt":{"rendered":"<p>Foto: Beto Barata\/ PL O ex-presidente Jair Bolsonaro (foto) voltou a comentar o inqu\u00e9rito da Pol\u00edcia Federal no qual foi indiciado e que apura a tentativa da execu\u00e7\u00e3o de um&hellip;<\/p>","protected":false},"author":1,"featured_media":64788,"comment_status":"closed","ping_status":"open","sticky":false,"template":"","format":"standard","meta":{"content-type":"","footnotes":""},"categories":[16],"tags":[123,2448,5313,1267],"class_list":["post-64787","post","type-post","status-publish","format-standard","has-post-thumbnail","hentry","category-noticias","tag-brasil","tag-diario","tag-noticia","tag-noticias"],"_links":{"self":[{"href":"https:\/\/tvbrazilusa.com\/pt\/wp-json\/wp\/v2\/posts\/64787","targetHints":{"allow":["GET"]}}],"collection":[{"href":"https:\/\/tvbrazilusa.com\/pt\/wp-json\/wp\/v2\/posts"}],"about":[{"href":"https:\/\/tvbrazilusa.com\/pt\/wp-json\/wp\/v2\/types\/post"}],"author":[{"embeddable":true,"href":"https:\/\/tvbrazilusa.com\/pt\/wp-json\/wp\/v2\/users\/1"}],"replies":[{"embeddable":true,"href":"https:\/\/tvbrazilusa.com\/pt\/wp-json\/wp\/v2\/comments?post=64787"}],"version-history":[{"count":1,"href":"https:\/\/tvbrazilusa.com\/pt\/wp-json\/wp\/v2\/posts\/64787\/revisions"}],"predecessor-version":[{"id":64789,"href":"https:\/\/tvbrazilusa.com\/pt\/wp-json\/wp\/v2\/posts\/64787\/revisions\/64789"}],"wp:featuredmedia":[{"embeddable":true,"href":"https:\/\/tvbrazilusa.com\/pt\/wp-json\/wp\/v2\/media\/64788"}],"wp:attachment":[{"href":"https:\/\/tvbrazilusa.com\/pt\/wp-json\/wp\/v2\/media?parent=64787"}],"wp:term":[{"taxonomy":"category","embeddable":true,"href":"https:\/\/tvbrazilusa.com\/pt\/wp-json\/wp\/v2\/categories?post=64787"},{"taxonomy":"post_tag","embeddable":true,"href":"https:\/\/tvbrazilusa.com\/pt\/wp-json\/wp\/v2\/tags?post=64787"}],"curies":[{"name":"wp","href":"https:\/\/api.w.org\/{rel}","templated":true}]}}