{"id":6489,"date":"2024-07-23T19:11:11","date_gmt":"2024-07-23T19:11:11","guid":{"rendered":"https:\/\/tvbrazilusa.com\/2024\/07\/23\/maduro-garante-que-vai-vencer-eleicoes-na-venezuela-nao-quero-show-nem-choradeira-paulo-figueiredo\/"},"modified":"2024-07-23T19:13:47","modified_gmt":"2024-07-23T19:13:47","slug":"maduro-garante-que-vai-vencer-eleicoes-na-venezuela-nao-quero-show-nem-choradeira-paulo-figueiredo","status":"publish","type":"post","link":"https:\/\/tvbrazilusa.com\/pt\/2024\/07\/23\/maduro-garante-que-vai-vencer-eleicoes-na-venezuela-nao-quero-show-nem-choradeira-paulo-figueiredo\/","title":{"rendered":"Maduro garante que vai vencer elei\u00e7\u00f5es na Venezuela: \u2018N\u00e3o quero show nem choradeira\u2019 &#8211; Paulo Figueiredo"},"content":{"rendered":"<p> <script async src=\"https:\/\/pagead2.googlesyndication.com\/pagead\/js\/adsbygoogle.js?client=ca-pub-8864793242727901\"\r\n     crossorigin=\"anonymous\"><\/script><br \/>\n<\/p>\n<div id=\"wtr-content\" data-bg=\"#FFFFFF\" data-fg=\"#006d91\" data-width=\"25\" data-mute=\"1\" data-fgopacity=\"1.00\" data-mutedopacity=\"0.5\" data-placement=\"bottom\" data-placement-offset=\"0\" data-content-offset=\"262\" data-placement-touch=\"bottom\" data-placement-offset-touch=\"0\" data-transparent=\"\" data-shadow=\"0\" data-touch=\"1\" data-non-touch=\"1\" data-comments=\"0\" data-commentsbg=\"transparent\" data-location=\"page\" data-mutedfg=\"#006d91\" data-endfg=\"#006d91\" data-rtl=\"\">\n<h3 class=\"wp-block-heading\">Declara\u00e7\u00f5es foram dadas por ditador venezuelano em com\u00edcio nesta segunda-feira, 22<\/h3>\n<p>O ditador da\u00a0<strong>Venezuela<\/strong>, Nicol\u00e1s Maduro, afirmou nesta segunda-feira, 22, que sair\u00e1 vitorioso nas elei\u00e7\u00f5es e n\u00e3o quer \u201cshow nem choradeira\u201d da oposi\u00e7\u00e3o.<\/p>\n<p>\u201cN\u00e3o quero show nem choradeira\u201d, disse o ditador venezuelano em San Crist\u00f3bal, no noroesta do pa\u00eds. \u201cNo dia 28, vamos ganhar de lavada.\u201d<\/p>\n<p>Depois da declara\u00e7\u00e3o, ele dan\u00e7ou com apoiadores ao som do\u00a0<em>jingle\u00a0<\/em>\u201cN\u00e3o quero show, nem historinha\u201d.<\/p>\n<h3 class=\"wp-block-heading\">Maduro diz que vai respeitar resultado das elei\u00e7\u00f5es<\/h3>\n<p>O ditador assegurou que \u201cningu\u00e9m manchar\u00e1\u201d o processo eleitoral na Venezuela e destacou que conta com o respaldo das For\u00e7as Armadas para as elei\u00e7\u00f5es marcadas para este domingo, 28.<\/p>\n<p>No entanto, na \u00faltima quarta-feira, 17, Maduro declarou que o pa\u00eds pode enfrentar um \u201cbanho de sangue\u201d e uma \u201cguerra civil\u201d caso ele perca as elei\u00e7\u00f5es.<\/p>\n<p>O presidente Luiz In\u00e1cio Lula da Silva (PT)\u00a0<strong>disse ter ficado \u201cpreocupado\u201d com as palavras do ditador venezuelano<\/strong>.<\/p>\n<p>O principal advers\u00e1rio de Nicol\u00e1s Maduro \u00e9 o ex-diplomata Edmundo Gonz\u00e1lez Urrutia (Mesa da Unidade Democr\u00e1tica).<\/p>\n<p>Em 20 de junho, o ditador prometeu respeitar os resultados das elei\u00e7\u00f5es, ao responder a preocupa\u00e7\u00f5es da oposi\u00e7\u00e3o e observadores internacionais sobre a integridade do processo. No entanto, ele acusou Urrutia de planejar um golpe de Estado.<\/p>\n<p>Nicol\u00e1s Maduro Moros, de 61 anos, comanda um regime autocr\u00e1tico e sem garantias de liberdades fundamentais na Venezuela. Mant\u00e9m, por exemplo, pessoas presas pelo que considera \u201ccrimes pol\u00edticos\u201d.<\/p>\n<p><a href=\"https:\/\/revistaoeste.com\/mundo\/maduro-garante-que-vai-vencer-eleicoes-na-venezuela\/\">Source link<\/a><\/p>\n<\/div>\n<p><br \/>\n<br \/><a href=\"https:\/\/paulofigueiredoshow.com\/maduro-garante-que-vai-vencer-eleicoes-na-venezuela-nao-quero-show-nem-choradeira\/\">Source link <\/a><\/p>","protected":false},"excerpt":{"rendered":"<p>Declara\u00e7\u00f5es foram dadas por ditador venezuelano em com\u00edcio nesta segunda-feira, 22 O ditador da\u00a0Venezuela, Nicol\u00e1s Maduro, afirmou nesta segunda-feira, 22, que sair\u00e1 vitorioso nas elei\u00e7\u00f5es e n\u00e3o quer \u201cshow nem&hellip;<\/p>","protected":false},"author":1,"featured_media":5491,"comment_status":"closed","ping_status":"open","sticky":false,"template":"","format":"standard","meta":{"content-type":"","footnotes":""},"categories":[16],"tags":[],"class_list":["post-6489","post","type-post","status-publish","format-standard","has-post-thumbnail","hentry","category-noticias"],"_links":{"self":[{"href":"https:\/\/tvbrazilusa.com\/pt\/wp-json\/wp\/v2\/posts\/6489","targetHints":{"allow":["GET"]}}],"collection":[{"href":"https:\/\/tvbrazilusa.com\/pt\/wp-json\/wp\/v2\/posts"}],"about":[{"href":"https:\/\/tvbrazilusa.com\/pt\/wp-json\/wp\/v2\/types\/post"}],"author":[{"embeddable":true,"href":"https:\/\/tvbrazilusa.com\/pt\/wp-json\/wp\/v2\/users\/1"}],"replies":[{"embeddable":true,"href":"https:\/\/tvbrazilusa.com\/pt\/wp-json\/wp\/v2\/comments?post=6489"}],"version-history":[{"count":1,"href":"https:\/\/tvbrazilusa.com\/pt\/wp-json\/wp\/v2\/posts\/6489\/revisions"}],"predecessor-version":[{"id":6490,"href":"https:\/\/tvbrazilusa.com\/pt\/wp-json\/wp\/v2\/posts\/6489\/revisions\/6490"}],"wp:featuredmedia":[{"embeddable":true,"href":"https:\/\/tvbrazilusa.com\/pt\/wp-json\/wp\/v2\/media\/5491"}],"wp:attachment":[{"href":"https:\/\/tvbrazilusa.com\/pt\/wp-json\/wp\/v2\/media?parent=6489"}],"wp:term":[{"taxonomy":"category","embeddable":true,"href":"https:\/\/tvbrazilusa.com\/pt\/wp-json\/wp\/v2\/categories?post=6489"},{"taxonomy":"post_tag","embeddable":true,"href":"https:\/\/tvbrazilusa.com\/pt\/wp-json\/wp\/v2\/tags?post=6489"}],"curies":[{"name":"wp","href":"https:\/\/api.w.org\/{rel}","templated":true}]}}