{"id":64972,"date":"2024-11-24T11:14:46","date_gmt":"2024-11-24T11:14:46","guid":{"rendered":"https:\/\/tvbrazilusa.com\/2024\/11\/24\/rio-de-janeiro-criminosos-fazem-arrastao-e-populares-ficam-no-meio-do-fogo-cruzado-veja-o-video\/"},"modified":"2024-11-24T11:14:48","modified_gmt":"2024-11-24T11:14:48","slug":"rio-de-janeiro-criminosos-fazem-arrastao-e-populares-ficam-no-meio-do-fogo-cruzado-veja-o-video","status":"publish","type":"post","link":"https:\/\/tvbrazilusa.com\/pt\/2024\/11\/24\/rio-de-janeiro-criminosos-fazem-arrastao-e-populares-ficam-no-meio-do-fogo-cruzado-veja-o-video\/","title":{"rendered":"Rio de Janeiro: Criminosos fazem arrast\u00e3o e populares ficam no meio do fogo cruzado; VEJA O V\u00cdDEO"},"content":{"rendered":"<p> <script async src=\"https:\/\/pagead2.googlesyndication.com\/pagead\/js\/adsbygoogle.js?client=ca-pub-8864793242727901\"\r\n     crossorigin=\"anonymous\"><\/script><br \/>\n<\/p>\n<div id=\"taboola-read-more\" style=\"display:block; width:100%\">\n<p>Criminosos fizeram um arrast\u00e3o e assaltaram motoristas neste s\u00e1bado (23) no elevado Paulo de Frontin, em um dos acessos ao T\u00fanel Rebou\u00e7as, uma das principais vias que liga a Zona Sul \u00e0 Zona Norte da Cidade.\n<\/p>\n<p>Imagens de dentro de um \u00f4nibus mostram homens apontando armas para motoristas enquanto cometiam crimes no acesso ao t\u00fanel.<\/p>\n<p>Outras imagens revelam ainda as abordagens dos criminosos na altura do Corpo de Bombeiros, na parte de baixo do elevado que fica no Rio Comprido, Zona Norte do Rio. \u00c9 poss\u00edvel ouvir o som dos disparos, enquanto os motoristas ficam no meio do fogo cruzado.\n<\/p>\n<p>Policiais do 4\u00ba BPM (S\u00e3o Crist\u00f3v\u00e3o) avistaram tr\u00eas suspeitos em um ve\u00edculo na sa\u00edda do t\u00fanel Rebou\u00e7as, sentido Centro. De acordo com a PM, os suspeitos tentaram roubar outro ve\u00edculo, mas viram a presen\u00e7a dos policiais e houve confronto. Os criminosos ficaram feridos, conseguiram fugir.\n<\/p>\n<p>A pol\u00edcia disse que refor\u00e7ou o patrulhamento na regi\u00e3o.\n<\/p>\n<p>Veja v\u00eddeo:\n<\/p>\n<p>Fonte: g1              <\/p>\n<\/div>\n<p><br \/>\n<br \/><a href=\"https:\/\/diariodobrasilnoticias.com.br\/noticia\/rio-de-janeiro-criminosos-fazem-arrastao-e-populares-ficam-no-meio-do-fogo-cruzado-veja-o-video-6743057aa1cc7\">Source link <\/a><\/p>","protected":false},"excerpt":{"rendered":"<p>Criminosos fizeram um arrast\u00e3o e assaltaram motoristas neste s\u00e1bado (23) no elevado Paulo de Frontin, em um dos acessos ao T\u00fanel Rebou\u00e7as, uma das principais vias que liga a Zona&hellip;<\/p>","protected":false},"author":1,"featured_media":64973,"comment_status":"closed","ping_status":"open","sticky":false,"template":"","format":"standard","meta":{"content-type":"","footnotes":""},"categories":[16],"tags":[123,2448,5313,1267],"class_list":["post-64972","post","type-post","status-publish","format-standard","has-post-thumbnail","hentry","category-noticias","tag-brasil","tag-diario","tag-noticia","tag-noticias"],"_links":{"self":[{"href":"https:\/\/tvbrazilusa.com\/pt\/wp-json\/wp\/v2\/posts\/64972","targetHints":{"allow":["GET"]}}],"collection":[{"href":"https:\/\/tvbrazilusa.com\/pt\/wp-json\/wp\/v2\/posts"}],"about":[{"href":"https:\/\/tvbrazilusa.com\/pt\/wp-json\/wp\/v2\/types\/post"}],"author":[{"embeddable":true,"href":"https:\/\/tvbrazilusa.com\/pt\/wp-json\/wp\/v2\/users\/1"}],"replies":[{"embeddable":true,"href":"https:\/\/tvbrazilusa.com\/pt\/wp-json\/wp\/v2\/comments?post=64972"}],"version-history":[{"count":1,"href":"https:\/\/tvbrazilusa.com\/pt\/wp-json\/wp\/v2\/posts\/64972\/revisions"}],"predecessor-version":[{"id":64974,"href":"https:\/\/tvbrazilusa.com\/pt\/wp-json\/wp\/v2\/posts\/64972\/revisions\/64974"}],"wp:featuredmedia":[{"embeddable":true,"href":"https:\/\/tvbrazilusa.com\/pt\/wp-json\/wp\/v2\/media\/64973"}],"wp:attachment":[{"href":"https:\/\/tvbrazilusa.com\/pt\/wp-json\/wp\/v2\/media?parent=64972"}],"wp:term":[{"taxonomy":"category","embeddable":true,"href":"https:\/\/tvbrazilusa.com\/pt\/wp-json\/wp\/v2\/categories?post=64972"},{"taxonomy":"post_tag","embeddable":true,"href":"https:\/\/tvbrazilusa.com\/pt\/wp-json\/wp\/v2\/tags?post=64972"}],"curies":[{"name":"wp","href":"https:\/\/api.w.org\/{rel}","templated":true}]}}