{"id":64990,"date":"2024-11-24T12:11:42","date_gmt":"2024-11-24T12:11:42","guid":{"rendered":"https:\/\/tvbrazilusa.com\/2024\/11\/24\/nas-filipinas-o-atual-presidente-sofre-ameaca-de-morte-do-seu-vice-presidente-da-camara-tambem-foi-ameacado\/"},"modified":"2024-11-24T12:11:43","modified_gmt":"2024-11-24T12:11:43","slug":"nas-filipinas-o-atual-presidente-sofre-ameaca-de-morte-do-seu-vice-presidente-da-camara-tambem-foi-ameacado","status":"publish","type":"post","link":"https:\/\/tvbrazilusa.com\/pt\/2024\/11\/24\/nas-filipinas-o-atual-presidente-sofre-ameaca-de-morte-do-seu-vice-presidente-da-camara-tambem-foi-ameacado\/","title":{"rendered":"Nas Filipinas, o atual presidente sofre amea\u00e7a de morte do seu vice; presidente da C\u00e2mara tamb\u00e9m foi amea\u00e7ado"},"content":{"rendered":"<p> <script async src=\"https:\/\/pagead2.googlesyndication.com\/pagead\/js\/adsbygoogle.js?client=ca-pub-8864793242727901\"\r\n     crossorigin=\"anonymous\"><\/script><br \/>\n<\/p>\n<div id=\"taboola-read-more\" style=\"display:block; width:100%\">\n<p>As ag\u00eancias de seguran\u00e7a filipinas intensificaram os protocolos de seguran\u00e7a neste s\u00e1bado (23) depois que a vice-presidente, Sara Duterte, disse que mandaria assassinar o presidente, Ferdinand Marcos Jr., caso ela mesma fosse morta.\n<\/p>\n<p>Em um sinal de uma crescente divis\u00e3o entre as duas fam\u00edlias pol\u00edticas mais poderosas do pa\u00eds do Sudeste Asi\u00e1tico, Duterte declarou em uma entrevista coletiva que havia falado com um assassino e o instru\u00eddo a matar Marcos, a primeira-dama e o presidente da C\u00e2mara das Filipinas, se ela fosse morta.<\/p>\n<p>\u201cEu conversei com uma pessoa. Eu disse, se eu for morta, v\u00e1 matar BBM (Marcos), (a primeira-dama) Liza Araneta e Martin Romualdez. N\u00e3o \u00e9 brincadeira, n\u00e3o \u00e9 brincadeira!\u201d, exclamou Duterte.\n<\/p>\n<p>\u201cEu disse n\u00e3o pare at\u00e9 os matar, e ele disse sim.\u201d\n<\/p>\n<p>A vice-presidente estava respondendo a um comentarista online pedindo que ela se mantivesse segura, afirmando que ela estava em territ\u00f3rio inimigo, pois estava na c\u00e2mara baixa do Congresso durante a noite com seu chefe de gabinete.\u00a0\n<\/p>\n<p>Duterte n\u00e3o citou nenhuma suposta amea\u00e7a contra si mesma.\n<\/p>\n<p>O Comando de Seguran\u00e7a Presidencial disse que havia intensificado e fortalecido os protocolos de seguran\u00e7a.\n<\/p>\n<p>\u201cTamb\u00e9m estamos coordenando de perto com as ag\u00eancias de seguran\u00e7a para detectar, dissuadir e defender toda e qualquer amea\u00e7a ao presidente e \u00e0 primeira fam\u00edlia\u201d, informaram em um comunicado.\n<\/p>\n<p>O chefe de pol\u00edcia Rommel Francisco Marbil, disse que havia ordenado uma investiga\u00e7\u00e3o imediata, acrescentando que \u201cqualquer amea\u00e7a direta ou indireta \u00e0 vida deve ser tratada com o mais alto n\u00edvel de urg\u00eancia\u201d.\n<\/p>\n<p>O Gabinete de Comunica\u00e7\u00f5es Presidenciais declarou que qualquer amea\u00e7a \u00e0 vida do presidente deve ser sempre levada a s\u00e9rio.\n<\/p>\n<p>\u201cPensar e falar sobre isso \u00e9 diferente de realmente fazer\u201d, falou Duterte aos rep\u00f3rteres na tarde deste s\u00e1bado (23).\n<\/p>\n<p>A vice-presidente disse que j\u00e1 h\u00e1 uma amea\u00e7a contra sua vida. \u201cQuando isso acontecer, haver\u00e1 uma investiga\u00e7\u00e3o sobre minha morte e a investiga\u00e7\u00e3o sobre as mortes deles ser\u00e1 a pr\u00f3xima.\u201d\n<\/p>\n<p>Filha do antecessor de Marcos na presid\u00eancia, Duterte renunciou ao gabinete do atual presidente em junho, mas permaneceu como vice, sinalizando o colapso de uma alian\u00e7a pol\u00edtica que ajudou tanto ela, quanto Marcos, a garantir suas vit\u00f3rias eleitorais em 2022 com ampla vantagem.\n<\/p>\n<p>O presidente da c\u00e2mara, Romualdez, primo de Marcos, cortou o or\u00e7amento do gabinete da vice-presidente em quase dois ter\u00e7os.\n<\/p>\n<p>A rea\u00e7\u00e3o de Duterte \u00e9 o epis\u00f3dio mais recente de uma s\u00e9rie de sinais alarmantes da rixa no topo da pol\u00edtica filipina.\n<\/p>\n<p>Em outubro, ela acusou Marcos de incompet\u00eancia e disse que imaginou cortar a cabe\u00e7a do presidente.\n<\/p>\n<p>As duas fam\u00edlias est\u00e3o em desacordo sobre pol\u00edtica externa e outros temas.\n<\/p>\n<p>Nas Filipinas o vice-presidente \u00e9 eleito separadamente do presidente e n\u00e3o tem deveres oficiais.\n<\/p>\n<p>Muitos vices t\u00eam buscado atividades de desenvolvimento social, enquanto alguns foram nomeados para cargos de gabinete.\n<\/p>\n<p>Fonte: CNN              <\/p>\n<\/div>\n<p><br \/>\n<br \/><a href=\"https:\/\/diariodobrasilnoticias.com.br\/noticia\/nas-filipinas-o-atual-presidente-sofre-ameaca-de-morte-do-seu-vice-presidente-da-camara-tambem-foi-ameacado-674301cbac852\">Source link <\/a><\/p>","protected":false},"excerpt":{"rendered":"<p>As ag\u00eancias de seguran\u00e7a filipinas intensificaram os protocolos de seguran\u00e7a neste s\u00e1bado (23) depois que a vice-presidente, Sara Duterte, disse que mandaria assassinar o presidente, Ferdinand Marcos Jr., caso ela&hellip;<\/p>","protected":false},"author":1,"featured_media":64991,"comment_status":"closed","ping_status":"open","sticky":false,"template":"","format":"standard","meta":{"content-type":"","footnotes":""},"categories":[16],"tags":[123,2448,5313,1267],"class_list":["post-64990","post","type-post","status-publish","format-standard","has-post-thumbnail","hentry","category-noticias","tag-brasil","tag-diario","tag-noticia","tag-noticias"],"_links":{"self":[{"href":"https:\/\/tvbrazilusa.com\/pt\/wp-json\/wp\/v2\/posts\/64990","targetHints":{"allow":["GET"]}}],"collection":[{"href":"https:\/\/tvbrazilusa.com\/pt\/wp-json\/wp\/v2\/posts"}],"about":[{"href":"https:\/\/tvbrazilusa.com\/pt\/wp-json\/wp\/v2\/types\/post"}],"author":[{"embeddable":true,"href":"https:\/\/tvbrazilusa.com\/pt\/wp-json\/wp\/v2\/users\/1"}],"replies":[{"embeddable":true,"href":"https:\/\/tvbrazilusa.com\/pt\/wp-json\/wp\/v2\/comments?post=64990"}],"version-history":[{"count":1,"href":"https:\/\/tvbrazilusa.com\/pt\/wp-json\/wp\/v2\/posts\/64990\/revisions"}],"predecessor-version":[{"id":64992,"href":"https:\/\/tvbrazilusa.com\/pt\/wp-json\/wp\/v2\/posts\/64990\/revisions\/64992"}],"wp:featuredmedia":[{"embeddable":true,"href":"https:\/\/tvbrazilusa.com\/pt\/wp-json\/wp\/v2\/media\/64991"}],"wp:attachment":[{"href":"https:\/\/tvbrazilusa.com\/pt\/wp-json\/wp\/v2\/media?parent=64990"}],"wp:term":[{"taxonomy":"category","embeddable":true,"href":"https:\/\/tvbrazilusa.com\/pt\/wp-json\/wp\/v2\/categories?post=64990"},{"taxonomy":"post_tag","embeddable":true,"href":"https:\/\/tvbrazilusa.com\/pt\/wp-json\/wp\/v2\/tags?post=64990"}],"curies":[{"name":"wp","href":"https:\/\/api.w.org\/{rel}","templated":true}]}}