{"id":64996,"date":"2024-11-24T12:35:51","date_gmt":"2024-11-24T12:35:51","guid":{"rendered":"https:\/\/tvbrazilusa.com\/2024\/11\/24\/em-disputa-acirrada-uruguaios-vao-as-urnas-neste-domingo-24-para-escolher-novo-presidente\/"},"modified":"2024-11-24T12:35:52","modified_gmt":"2024-11-24T12:35:52","slug":"em-disputa-acirrada-uruguaios-vao-as-urnas-neste-domingo-24-para-escolher-novo-presidente","status":"publish","type":"post","link":"https:\/\/tvbrazilusa.com\/pt\/2024\/11\/24\/em-disputa-acirrada-uruguaios-vao-as-urnas-neste-domingo-24-para-escolher-novo-presidente\/","title":{"rendered":"Em disputa acirrada, uruguaios v\u00e3o \u00e0s urnas neste domingo (24) para escolher novo presidente"},"content":{"rendered":"<p> <script async src=\"https:\/\/pagead2.googlesyndication.com\/pagead\/js\/adsbygoogle.js?client=ca-pub-8864793242727901\"\r\n     crossorigin=\"anonymous\"><\/script><br \/>\n<\/p>\n<div id=\"taboola-read-more\" style=\"display:block; width:100%\">\n<p>Os uruguaios v\u00e3o \u00e0s urnas neste domingo (24) para o segundo turno das elei\u00e7\u00f5es presidenciais do pa\u00eds. Yamand\u00fa Orsi, candidato de centro-esquerda, e \u00c1lvaro Delgado, de centro-direita, disputam o cargo.\n<\/p>\n<p>O Tribunal Eleitoral do Uruguai, funcion\u00e1rios e soldados prepararam as urnas no s\u00e1bado (23). Mais de 2,7 milh\u00f5es de uruguaios s\u00e3o esperados para votar, neste domingo (24), e escolher seu pr\u00f3ximo presidente<\/p>\n<p>As pesquisas de opini\u00e3o finais antes da vota\u00e7\u00e3o sugerem que h\u00e1 apenas 25 mil votos entre os dois candidatos, o pupilo do ex-presidente Mujica, o candidato de centro-esquerda Yamandu Orsi e o candidato governista de centro-direita, \u00c1lvaro Delgado.\n<\/p>\n<p>Isso significa que os eleitores que votaram em candidatos eliminados no primeiro turno de outubro ser\u00e3o essenciais para as vota\u00e7\u00f5es deste domingo.\n<\/p>\n<p>Na primeira rodada das vota\u00e7\u00f5es, Delgado garantiu 26,9% enquanto Orsi obteve 43,7% dos votos.\n<\/p>\n<p>O Uruguai contraria a tend\u00eancia global de fortes divis\u00f5es entre direita e esquerda vistas em muitos pa\u00edses no que tem sido um ano eleitoral de 2024.\n<\/p>\n<p>A na\u00e7\u00e3o sul-americana de 3,4 milh\u00f5es de habitantes vai \u00e0s urnas com um presidente popular, infla\u00e7\u00e3o caindo e tanto o emprego quanto os sal\u00e1rios reais em ascens\u00e3o. Mas preocupa\u00e7\u00f5es de longa data sobre altos custos de vida, desigualdade e crimes violentos persistem.\n<\/p>\n<p><strong>Como \u00e9 o sistema eleitoral?<\/strong>\n<\/p>\n<p>O voto \u00e9 obrigat\u00f3rio para maiores de 18 anos e o sistema de vota\u00e7\u00e3o \u00e9 em papel.\n<\/p>\n<p>Cada chapa eleitoral de presidente e vice-presidente tem uma c\u00e9dula, com a foto e os nomes dos candidatos impressos. Na cabine de vota\u00e7\u00e3o, o eleitor deve escolher a c\u00e9dula com o candidato de sua prefer\u00eancia e coloc\u00e1-la em um envelope, que ser\u00e1 depositado na urna.\n<\/p>\n<p>Os centros de vota\u00e7\u00e3o fecham \u00e0s 19h30 e as restri\u00e7\u00f5es eleitorais, como a divulga\u00e7\u00e3o da boca de urna, encerram \u00e0s 20h30. Espera-se que os resultados indicando tend\u00eancia de vit\u00f3ria, no entanto, s\u00f3 sejam divulgados pela Corte Eleitoral do Uruguai perto das 23h. Isso poderia n\u00e3o ocorrer neste domingo caso a diferen\u00e7a entre os candidatos seja muito estreita.\n<\/p>\n<p><strong>Quem s\u00e3o os candidatos?<\/strong>\n<\/p>\n<p>Orsi, de 57 anos, ex-prefeito do munic\u00edpio uruguaio de Canelones, pertence ao Movimento de Participa\u00e7\u00e3o Popular (MPP), fundado pelo ex-presidente Jos\u00e9 \u201cPepe\u201d Mujica no retorno da democracia no Uruguai.\n<\/p>\n<p>Integrante da Coaliz\u00e3o Frente Ampla (FA) e ex-professor de hist\u00f3ria, ele afirma querer estimular o crescimento econ\u00f4mico sem mudan\u00e7as bruscas nos rumos do pa\u00eds, evitando aumento de impostos, apesar do d\u00e9ficit fiscal crescente do pa\u00eds.\n<\/p>\n<p>J\u00e1 o governista \u00c1lvaro Delgado, do Partido Nacional, \u00e9 veterin\u00e1rio e foi secret\u00e1rio da presid\u00eancia do atual presidente, Luis Lacalle Pou. Ele ganhou proje\u00e7\u00e3o fazendo an\u00fancios governamentais durante a pandemia de Covid-19.\n<\/p>\n<p>Aos 55 anos, o candidato governista pretende promover as metas comerciais do atual governo, incluindo um potencial acordo de livre com\u00e9rcio entre o Mercosul e a China. Ele tamb\u00e9m busca manter impostos baixos e intensificar o combate ao crime organizado.\n<\/p>\n<p>Fonte: CNN              <\/p>\n<\/div>\n<p><br \/>\n<br \/><a href=\"https:\/\/diariodobrasilnoticias.com.br\/noticia\/em-disputa-acirrada-uruguaios-vao-as-urnas-neste-domingo-24-para-escolher-novo-presidente-6742ffe17cd3c\">Source link <\/a><\/p>","protected":false},"excerpt":{"rendered":"<p>Os uruguaios v\u00e3o \u00e0s urnas neste domingo (24) para o segundo turno das elei\u00e7\u00f5es presidenciais do pa\u00eds. Yamand\u00fa Orsi, candidato de centro-esquerda, e \u00c1lvaro Delgado, de centro-direita, disputam o cargo.&hellip;<\/p>","protected":false},"author":1,"featured_media":64997,"comment_status":"closed","ping_status":"open","sticky":false,"template":"","format":"standard","meta":{"content-type":"","footnotes":""},"categories":[16],"tags":[123,2448,5313,1267],"class_list":["post-64996","post","type-post","status-publish","format-standard","has-post-thumbnail","hentry","category-noticias","tag-brasil","tag-diario","tag-noticia","tag-noticias"],"_links":{"self":[{"href":"https:\/\/tvbrazilusa.com\/pt\/wp-json\/wp\/v2\/posts\/64996","targetHints":{"allow":["GET"]}}],"collection":[{"href":"https:\/\/tvbrazilusa.com\/pt\/wp-json\/wp\/v2\/posts"}],"about":[{"href":"https:\/\/tvbrazilusa.com\/pt\/wp-json\/wp\/v2\/types\/post"}],"author":[{"embeddable":true,"href":"https:\/\/tvbrazilusa.com\/pt\/wp-json\/wp\/v2\/users\/1"}],"replies":[{"embeddable":true,"href":"https:\/\/tvbrazilusa.com\/pt\/wp-json\/wp\/v2\/comments?post=64996"}],"version-history":[{"count":1,"href":"https:\/\/tvbrazilusa.com\/pt\/wp-json\/wp\/v2\/posts\/64996\/revisions"}],"predecessor-version":[{"id":64998,"href":"https:\/\/tvbrazilusa.com\/pt\/wp-json\/wp\/v2\/posts\/64996\/revisions\/64998"}],"wp:featuredmedia":[{"embeddable":true,"href":"https:\/\/tvbrazilusa.com\/pt\/wp-json\/wp\/v2\/media\/64997"}],"wp:attachment":[{"href":"https:\/\/tvbrazilusa.com\/pt\/wp-json\/wp\/v2\/media?parent=64996"}],"wp:term":[{"taxonomy":"category","embeddable":true,"href":"https:\/\/tvbrazilusa.com\/pt\/wp-json\/wp\/v2\/categories?post=64996"},{"taxonomy":"post_tag","embeddable":true,"href":"https:\/\/tvbrazilusa.com\/pt\/wp-json\/wp\/v2\/tags?post=64996"}],"curies":[{"name":"wp","href":"https:\/\/api.w.org\/{rel}","templated":true}]}}