{"id":65008,"date":"2024-11-24T13:02:43","date_gmt":"2024-11-24T13:02:43","guid":{"rendered":"https:\/\/tvbrazilusa.com\/2024\/11\/24\/rajon-rondo-explica-por-que-o-titulo-do-lakers-e-nao-do-celtics-foi-mais-especial-para-ele\/"},"modified":"2024-11-24T13:10:28","modified_gmt":"2024-11-24T13:10:28","slug":"rajon-rondo-explica-por-que-o-titulo-do-lakers-e-nao-do-celtics-foi-mais-especial-para-ele","status":"publish","type":"post","link":"https:\/\/tvbrazilusa.com\/pt\/2024\/11\/24\/rajon-rondo-explica-por-que-o-titulo-do-lakers-e-nao-do-celtics-foi-mais-especial-para-ele\/","title":{"rendered":"Rajon Rondo explica por que o t\u00edtulo do Lakers, e n\u00e3o do Celtics, foi mais especial para ele"},"content":{"rendered":"<p> <script async src=\"https:\/\/pagead2.googlesyndication.com\/pagead\/js\/adsbygoogle.js?client=ca-pub-8864793242727901\"\r\n     crossorigin=\"anonymous\"><\/script><br \/>\n<\/p>\n<div id=\"\">\n<header class=\"m-article-header m-article-header--standard\">\n\t\t\t\t\t\t\t\t\t\t\t\t<span id=\"article-header-primary-term\"><br \/>\n\t\t\t\t\t\t\t\t<a class=\"a-term a-term--primary\" href=\"https:\/\/www.boston.com\/tag\/boston-celtics\/\"><\/p>\n<p>\t\t\t\t\t\t\t\tCeltas\t\t\t\t\t\t\t\t<\/a><br \/>\n\t\t\t\t\t\t\t<\/span><\/p>\n<h2 class=\"m-article-header__sub-headline\">O \u00fanico desfile de campeonato de Rondo foi em Boston, mas ele dividiu o segundo t\u00edtulo com o filho.<\/h2>\n<figure class=\"a-photo m-article-header__photo\"><figcaption class=\"a-photo__caption\">\n<p>\tRajon Rondo est\u00e1 com vontade de treinar depois de ganhar dois t\u00edtulos da NBA como jogador.<em> (Foto de Stacy Revere\/Getty Images)<\/em>\t<\/figcaption><\/figure>\n<\/header>\n<p>Rajon Rondo foi uma figura querida em Boston durante seus nove anos no Celtics. Seu momento culminante, \u00e9 claro, veio em 2008, quando Rondo exibiu um anel de campeonato da NBA pela primeira vez em sua carreira.<\/p>\n<p>Eventualmente, Rondo conseguiu adicionar outro anel ao dedo, s\u00f3 que desta vez com o rival de Boston, Los Angeles Lakers, em 2020. <\/p>\n<p>Curiosamente, Rondo chamou seu anel do Lakers de \u201cmais especial\u201d do que seu primeiro t\u00edtulo da NBA com o Celtics. E embora isso possa fazer alguns f\u00e3s de longa data de Boston estremecerem, seu racioc\u00ednio \u00e9 louv\u00e1vel. <\/p>\n<p>\u201cNaquela \u00e9poca espec\u00edfica em que ganhei em 2020, meu filho estava na bolha comigo\u201d, disse Rondo em um <a href=\"https:\/\/www.youtube.com\/watch?v=axgaiSD-jMM\" target=\"_blank\" rel=\"noreferrer noopener\">apari\u00e7\u00e3o no The Draymond Green Show<\/a>. \u201cE isso tornou a conquista um pouco mais especial em 2020.\u201d<\/p>\n<figure class=\"wp-block-embed is-type-rich is-provider-twitter wp-block-embed-twitter\"\/>\n<p>O filho de Rondo nasceu em 2012 e perdeu a maior parte dos anos de forma\u00e7\u00e3o de Rondo no Celtics. Mesmo assim, Rondo tem uma boa lembran\u00e7a de como foi vencer na cidade de Boston. <\/p>\n<p>\u201cN\u00e3o d\u00e1 para comparar os dois honestamente porque, em 2020, est\u00e1vamos na bolha, ent\u00e3o n\u00e3o tivemos desfile\u201d, disse Rondo. \u201cEnt\u00e3o, s\u00f3 fiz um desfile e essa foi a coisa mais incr\u00edvel que aconteceu comigo no basquete. Esse tipo de amor e rea\u00e7\u00e3o ao ver os f\u00e3s\u2026 fazer parte disso, entrar em um barco e sair em turn\u00ea, foi incr\u00edvel.\u201d<\/p>\n<p>O bicampe\u00e3o da NBA claramente ainda tem orgulho de ser um Celtic e, antes da temporada passada, ele <a href=\"https:\/\/www.boston.com\/sports\/boston-celtics\/2023\/10\/20\/nba-boston-celtics-rajon-rondo-practice-advising-jrue-holiday-quotes\/\" target=\"_blank\" rel=\"noreferrer noopener\">visitou o atual Celtics<\/a> para dar algumas palavras de sabedoria reunidas ao longo de sua carreira de 15 anos.<\/p>\n<p>\u00c9 poss\u00edvel que Rondo tamb\u00e9m n\u00e3o tenha terminado de ganhar campeonatos. Embora seus dias de jogador tenham acabado, Rondo expressou certo interesse em treinar. E o seu antigo treinador, Doc Rivers, <a href=\"https:\/\/www.boston.com\/sports\/boston-celtics\/2024\/10\/29\/rajon-rondo-doc-rivers-nba-coach-report\/\" target=\"_blank\" rel=\"noreferrer noopener\">acha que ele se encaixaria perfeitamente<\/a> como treinador da NBA.<\/p>\n<p>Rondo concordou que adoraria trabalhar como coaching, mas acrescentou no podcast que tamb\u00e9m gostaria de trabalhar no front office.<\/p>\n<p>\u201cTamb\u00e9m quero mexer com a diretoria\u201d, disse Rondo. \u201cQuero fazer um est\u00e1gio. vou ligar para Danny [Ainge] eventualmente. Arranje um dos meus rapazes que acreditou em mim desde o primeiro dia. Apenas caras na recep\u00e7\u00e3o, quero dar uma volta e pegar a cabe\u00e7a deles, ver desse lado.<\/p>\n<p>\u201cMas eu definitivamente adoro ensinar o jogo e adoraria vencer como GM e como treinador.\u201d<\/p>\n<figure class=\"wp-block-embed is-type-rich is-provider-twitter wp-block-embed-twitter\">\n<div class=\"wp-block-embed__wrapper\">\n<blockquote class=\"twitter-tweet\" data-width=\"500\" data-dnt=\"true\">\n<p lang=\"en\" dir=\"ltr\">Rajon Rondo disse que \u201c1000%\u201d quer entrar como treinador e na linha de frente, diz que quando chegar a hora certa ele ligar\u00e1 para Danny Ainge para analisar seu c\u00e9rebro:<\/p>\n<p>\u201c1000%. E eu quero mexer com a recep\u00e7\u00e3o tamb\u00e9m. Quero fazer algum est\u00e1gio. Vou ligar para Danny eventualmente &#8211; um dos meus rapazes &#8230; <a href=\"https:\/\/t.co\/SXGCPmHU6O\">pic.twitter.com\/SXGCPmHU6O<\/a><\/p>\n<p>&#8211; Os Arquivos do Celtics (@CelticsFiles) <a href=\"https:\/\/twitter.com\/CelticsFiles\/status\/1859928003758751848?ref_src=twsrc%5Etfw\">22 de novembro de 2024<\/a><\/p><\/blockquote>\n<\/div>\n<\/figure>\n<p>Rondo tem uma rede forte em torno da NBA desde seus dias de jogador. Seus la\u00e7os com o Celtics e o Lakers s\u00e3o, obviamente, ineg\u00e1veis. Ele tamb\u00e9m tem liga\u00e7\u00f5es com o Milwaukee Bucks, onde Rivers atualmente treina, bem como com o Utah Jazz, onde Ainge atualmente reside na diretoria.<\/p>\n<p>Quando chegar a hora certa e a fun\u00e7\u00e3o certa, parece que Rondo ter\u00e1 muitas oportunidades de ganhar outro t\u00edtulo em qualquer cidade que ele visitar.<\/p>\n<div class=\"m-block m-generic-cta\t m-generic-cta--post-content\t m-generic-cta--dark\t m-generic-cta--homepage\t m-generic-cta--email-signup\t\t m-generic-cta-block-style--default \tt-amp__generic-cta\"><\/p>\n<div class=\"m-generic-cta__wrap\">\n<div class=\"m-generic-cta__content\">\n<h3 class=\"m-generic-cta__title\">Inscreva-se para receber atualiza\u00e7\u00f5es do Celtics\ud83c\udfc0<\/h3>\n<p class=\"m-generic-cta__subtitle\">Receba as \u00faltimas not\u00edcias e an\u00e1lises em sua caixa de entrada durante a temporada de basquete.<\/p>\n<\/p><\/div>\n<\/p><\/div>\n<\/div><\/div>\n<p><script async src=\"\/\/platform.twitter.com\/widgets.js\" charset=\"utf-8\"><\/script><script>\n\t\tvar consent=\"grant\";\n\t\t\/* The above code is parsing the JSON data from the local storage and storing it in a variable. *\/\n\t\t\t\t\tconst onetrustStorageConsent = JSON.parse(localStorage.getItem( 'consent_one_trust_bdc' ) );\n\t\t\tif ( ( onetrustStorageConsent !== null ) ) {\n\t\t\t\t\/* Checking to see if the user has consented to the use of cookies.\n\t\t\t\t* If they have not, it is deleting the cookie.\n\t\t\t\t* This will comment for now, until further notice.\n\t\t\t\t*\/\n\t\t\t\t\/\/if ( onetrustStorageConsent.C0002 === false ) {\n\t\t\t\t\/\/\tdocument.cookie=\"_fbp=;expires=Thu, 01 Jan 2010 00:00:00 UTC; path=\/; domain=.boston.com\";\n\t\t\t\t\/\/}\n\t\t\t\t\/* Checking if the user has given consent for the cookie C0002.\n\t\t\t\t* If the user has given consent, the variable consent will be set to 'grant'.\n\t\t\t\t* If the user has not given consent,the variable consent will be set to 'revoke'.\n\t\t\t\t* Documentation https:\/\/developers.facebook.com\/docs\/meta-pixel\/implementation\/gdpr\n\t\t\t\t*\/\n\t\t\t\tif ( onetrustStorageConsent.C0002 !== true ) {\n\t\t\t\t\tconsent=\"revoke\";\n\t\t\t\t}\n\t\t\t}\n\t\t\t\t!function(f,b,e,v,n,t,s)\n\t\t{if(f.fbq)return;n=f.fbq=function(){n.callMethod?\n\t\tn.callMethod.apply(n,arguments):n.queue.push(arguments)};\n\t\tif(!f._fbq)f._fbq=n;n.push=n;n.loaded=!0;n.version='2.0';\n\t\tn.queue=[];t=b.createElement(e);t.async=!0;\n\t\tt.src=v;s=b.getElementsByTagName(e)[0];\n\t\ts.parentNode.insertBefore(t,s)}(window, document,'script',\n\t\t'https:\/\/connect.facebook.net\/en_US\/fbevents.js');\n\t\tfbq('consent', consent);\n\t\tfbq('init', '989222871864976');\n\t\tfbq('track', 'PageView');\n\t<\/script><script type=\"module\">\n\t\tvar consent=\"grant\";\n\t\t\/* The above code is parsing the JSON data from the local storage and storing it in a variable. *\/\n\t\t\tconst onetrustStorageConsent = JSON.parse(localStorage.getItem( 'consent_one_trust_bdc' ) );\n\t\t\t\/* Checking to see if the user has consented to the use of cookies.\n\t\t\t* If they have not, it is deleting the cookie.\n\t\t\t* This will comment for now, until further notice.\n\t\t\t*\/\n\t\t\t\/\/if ( onetrustStorageConsent.C0002 === false ) {\n\t\t\t\/\/\tdocument.cookie=\"_fbp=;expires=Thu, 01 Jan 2010 00:00:00 UTC; path=\/; domain=.boston.com\";\n\t\t\t\/\/}\n\t\t\t\/* Checking if the user has given consent for the cookie C0002.\n\t\t\t* If the user has given consent, the variable consent will be set to 'grant'.\n\t\t\t* If the user has not given consent,the variable consent will be set to 'revoke'.\n\t\t\t* Documentation https:\/\/developers.facebook.com\/docs\/meta-pixel\/implementation\/gdpr\n\t\t\t*\/\n\t\t\tif ( ( onetrustStorageConsent !== null ) && (onetrustStorageConsent.C0002 !== true ) ) {\n\t\t\t\tconsent=\"revoke\";\n\t\t\t}\n\t\t\t\t!function(f,b,e,v,n,t,s){if(f.fbq)return;n=f.fbq=function()\n\t\t{n.callMethod? n.callMethod.apply(n,arguments):n.queue.push(arguments)}\n\t\t;if(!f._fbq)f._fbq=n;\n\t\tn.push=n;n.loaded=!0;n.version='2.0';n.queue=[];t=b.createElement(e);t.async=!0;\n\t\tt.src=v;s=b.getElementsByTagName(e)[0];s.parentNode.insertBefore(t,s)}(window,\n\t\tdocument,'script','https:\/\/connect.facebook.net\/en_US\/fbevents.js');\n\t\tfbq('consent', consent);\n\t\tfbq('init', '813236348753005');\n\t\tfbq('track', \"PageView\");\n\t<\/script><br \/>\n<br \/><br \/>\n<br \/><a href=\"https:\/\/www.boston.com\/sports\/boston-celtics\/2024\/11\/24\/nba-celtics-lakers-rajon-rondo-championship\/\">Source link <\/a><\/p>","protected":false},"excerpt":{"rendered":"<p>Celtas O \u00fanico desfile de campeonato de Rondo foi em Boston, mas ele dividiu o segundo t\u00edtulo com o filho. Rajon Rondo est\u00e1 com vontade de treinar depois de ganhar&hellip;<\/p>","protected":false},"author":1,"featured_media":65009,"comment_status":"closed","ping_status":"open","sticky":false,"template":"","format":"standard","meta":{"content-type":"","footnotes":""},"categories":[1],"tags":[],"class_list":["post-65008","post","type-post","status-publish","format-standard","has-post-thumbnail","hentry","category-uncategorized"],"_links":{"self":[{"href":"https:\/\/tvbrazilusa.com\/pt\/wp-json\/wp\/v2\/posts\/65008","targetHints":{"allow":["GET"]}}],"collection":[{"href":"https:\/\/tvbrazilusa.com\/pt\/wp-json\/wp\/v2\/posts"}],"about":[{"href":"https:\/\/tvbrazilusa.com\/pt\/wp-json\/wp\/v2\/types\/post"}],"author":[{"embeddable":true,"href":"https:\/\/tvbrazilusa.com\/pt\/wp-json\/wp\/v2\/users\/1"}],"replies":[{"embeddable":true,"href":"https:\/\/tvbrazilusa.com\/pt\/wp-json\/wp\/v2\/comments?post=65008"}],"version-history":[{"count":1,"href":"https:\/\/tvbrazilusa.com\/pt\/wp-json\/wp\/v2\/posts\/65008\/revisions"}],"predecessor-version":[{"id":65010,"href":"https:\/\/tvbrazilusa.com\/pt\/wp-json\/wp\/v2\/posts\/65008\/revisions\/65010"}],"wp:featuredmedia":[{"embeddable":true,"href":"https:\/\/tvbrazilusa.com\/pt\/wp-json\/wp\/v2\/media\/65009"}],"wp:attachment":[{"href":"https:\/\/tvbrazilusa.com\/pt\/wp-json\/wp\/v2\/media?parent=65008"}],"wp:term":[{"taxonomy":"category","embeddable":true,"href":"https:\/\/tvbrazilusa.com\/pt\/wp-json\/wp\/v2\/categories?post=65008"},{"taxonomy":"post_tag","embeddable":true,"href":"https:\/\/tvbrazilusa.com\/pt\/wp-json\/wp\/v2\/tags?post=65008"}],"curies":[{"name":"wp","href":"https:\/\/api.w.org\/{rel}","templated":true}]}}