{"id":6502,"date":"2024-07-23T19:43:22","date_gmt":"2024-07-23T19:43:22","guid":{"rendered":"https:\/\/tvbrazilusa.com\/2024\/07\/23\/gafe-ou-sincericidio-se-voce-acha-que-o-lula-e-ladrao-entre-na-politica-disse-o-presidente\/"},"modified":"2024-07-23T19:46:06","modified_gmt":"2024-07-23T19:46:06","slug":"gafe-ou-sincericidio-se-voce-acha-que-o-lula-e-ladrao-entre-na-politica-disse-o-presidente","status":"publish","type":"post","link":"https:\/\/tvbrazilusa.com\/pt\/2024\/07\/23\/gafe-ou-sincericidio-se-voce-acha-que-o-lula-e-ladrao-entre-na-politica-disse-o-presidente\/","title":{"rendered":"GAFE OU SINCERIC\u00cdDIO? \u2018Se voc\u00ea acha que o Lula \u00e9 ladr\u00e3o, entre na pol\u00edtica\u2019 disse o presidente"},"content":{"rendered":"<p> <script async src=\"https:\/\/pagead2.googlesyndication.com\/pagead\/js\/adsbygoogle.js?client=ca-pub-8864793242727901\"\r\n     crossorigin=\"anonymous\"><\/script><br \/>\n<\/p>\n<div>\n<p>Em uma recente cerim\u00f4nia que marcou a comemora\u00e7\u00e3o de uma d\u00e9cada de atividades do Campus Lagoa do Sino da Universidade Federal de S\u00e3o Carlos (UFSCar), o presidente Luiz In\u00e1cio Lula da Silva fez discursos que refor\u00e7aram sua vis\u00e3o sobre a import\u00e2ncia da pol\u00edtica e a necessidade de reformas tribut\u00e1rias no Brasil.<\/p>\n<p>Durante o evento, que aconteceu nesta ter\u00e7a-feira, 23 de julho de 2024, o presidente estava acompanhado por figuras importantes do seu governo, como os ministros Camilo Santana (Educa\u00e7\u00e3o) e Paulo Teixeira (Desenvolvimento Agr\u00e1rio e Agricultura Familiar), al\u00e9m de uma plateia de estudantes e professores.<\/p>\n<h2 class=\"wp-block-heading\">Qual foi a declara\u00e7\u00e3o de Lula sobre a entrada na vida pol\u00edtica?<\/h2>\n<p>O presidente Lula aproveitou a ocasi\u00e3o para encorajar os jovens a n\u00e3o se desencantarem com a pol\u00edtica, mesmo diante de um cen\u00e1rio onde muitos podem se sentir desiludidos. \u201cQuando voc\u00eas acharem que todo mundo \u00e9 ladr\u00e3o, entrem na pol\u00edtica. Porque o pol\u00edtico honesto que voc\u00ea quer est\u00e1 dentro de voc\u00ea\u201d, declarou Lula, ressaltando que o fortalecimento da democracia depende da participa\u00e7\u00e3o ativa dos cidad\u00e3os.<\/p>\n<h2 class=\"wp-block-heading\">Mudan\u00e7as no Imposto sobre Heran\u00e7as Proposto por Lula<\/h2>\n<p><strong>Lula defendeu uma majora\u00e7\u00e3o no imposto sobre heran\u00e7as no Brasil.<\/strong> Segundo ele, a al\u00edquota atual \u00e9 muito baixa, desestimulando as grandes fortunas a contribu\u00edrem de forma mais significativa para o desenvolvimento social e educacional do pa\u00eds atrav\u00e9s de doa\u00e7\u00f5es.<\/p>\n<p>Comparando com pr\u00e1ticas internacionais, Lula citou os Estados Unidos, onde \u201c40% da heran\u00e7a \u00e9 paga de imposto\u201d, fato que incentiva os empres\u00e1rios a fazerem doa\u00e7\u00f5es para universidades e outras institui\u00e7\u00f5es. \u201cAqui no Brasil, a pessoa n\u00e3o tem interesse em devolver parte do seu patrim\u00f4nio porque o imposto sobre heran\u00e7a \u00e9 apenas 4%,\u201d explicou o presidente.<\/p>\n<h2 class=\"wp-block-heading\">Expectativas para a Reforma Tribut\u00e1ria<\/h2>\n<p>Essa defesa de Lula faz parte de um contexto maior que inclui a <strong>reforma tribut\u00e1ria<\/strong> aprovada no Congresso Nacional no ano passado. A nova legisla\u00e7\u00e3o busca, entre outras coisas, modificar a aplica\u00e7\u00e3o do Imposto sobre a Transmiss\u00e3o Causa Mortis e Doa\u00e7\u00e3o (ITCMD), tornando-o mais eficaz e possivelmente mais justo.<\/p>\n<p>Embora essas mudan\u00e7as sejam promissoras, elas tamb\u00e9m levantam debates sobre equidade fiscal e a capacidade do sistema tribut\u00e1rio de realmente promover justi\u00e7a social. Com essa reforma, o governo Lula espera n\u00e3o apenas aumentar a arrecada\u00e7\u00e3o mas tamb\u00e9m incentivar os mais ricos a contribuir de maneira mais substancial para o financiamento de pol\u00edticas p\u00fablicas.<\/p>\n<ul class=\"wp-block-list\">\n<li>Participa\u00e7\u00e3o pol\u00edtica dos jovens<\/li>\n<li>Reforma no imposto sobre heran\u00e7as<\/li>\n<li>Compara\u00e7\u00e3o de pol\u00edticas fiscais com outros pa\u00edses<\/li>\n<\/ul>\n<p>\u00a0<\/p>\n<p>Os pr\u00f3ximos meses ser\u00e3o cruciais para avaliar como essas medidas ser\u00e3o implementadas e qual ser\u00e1 o real impacto delas no cen\u00e1rio pol\u00edtico e social do Brasil. Acompanhe as atualiza\u00e7\u00f5es e participe ativamente das discuss\u00f5es sobre esses temas t\u00e3o importantes para o futuro do pa\u00eds.<\/p>\n<\/p><\/div>\n<p><br \/>\n<br \/><a href=\"https:\/\/terrabrasilnoticias.com\/2024\/07\/gafe-ou-sincericidio-se-voce-acha-que-o-lula-e-ladrao-entre-na-politica-disse-o-presidente\/\">Source link <\/a><\/p>","protected":false},"excerpt":{"rendered":"<p>Em uma recente cerim\u00f4nia que marcou a comemora\u00e7\u00e3o de uma d\u00e9cada de atividades do Campus Lagoa do Sino da Universidade Federal de S\u00e3o Carlos (UFSCar), o presidente Luiz In\u00e1cio Lula&hellip;<\/p>","protected":false},"author":1,"featured_media":6503,"comment_status":"closed","ping_status":"open","sticky":false,"template":"","format":"standard","meta":{"content-type":"","footnotes":""},"categories":[16],"tags":[],"class_list":["post-6502","post","type-post","status-publish","format-standard","has-post-thumbnail","hentry","category-noticias"],"_links":{"self":[{"href":"https:\/\/tvbrazilusa.com\/pt\/wp-json\/wp\/v2\/posts\/6502","targetHints":{"allow":["GET"]}}],"collection":[{"href":"https:\/\/tvbrazilusa.com\/pt\/wp-json\/wp\/v2\/posts"}],"about":[{"href":"https:\/\/tvbrazilusa.com\/pt\/wp-json\/wp\/v2\/types\/post"}],"author":[{"embeddable":true,"href":"https:\/\/tvbrazilusa.com\/pt\/wp-json\/wp\/v2\/users\/1"}],"replies":[{"embeddable":true,"href":"https:\/\/tvbrazilusa.com\/pt\/wp-json\/wp\/v2\/comments?post=6502"}],"version-history":[{"count":1,"href":"https:\/\/tvbrazilusa.com\/pt\/wp-json\/wp\/v2\/posts\/6502\/revisions"}],"predecessor-version":[{"id":6504,"href":"https:\/\/tvbrazilusa.com\/pt\/wp-json\/wp\/v2\/posts\/6502\/revisions\/6504"}],"wp:featuredmedia":[{"embeddable":true,"href":"https:\/\/tvbrazilusa.com\/pt\/wp-json\/wp\/v2\/media\/6503"}],"wp:attachment":[{"href":"https:\/\/tvbrazilusa.com\/pt\/wp-json\/wp\/v2\/media?parent=6502"}],"wp:term":[{"taxonomy":"category","embeddable":true,"href":"https:\/\/tvbrazilusa.com\/pt\/wp-json\/wp\/v2\/categories?post=6502"},{"taxonomy":"post_tag","embeddable":true,"href":"https:\/\/tvbrazilusa.com\/pt\/wp-json\/wp\/v2\/tags?post=6502"}],"curies":[{"name":"wp","href":"https:\/\/api.w.org\/{rel}","templated":true}]}}