{"id":65020,"date":"2024-11-24T13:29:21","date_gmt":"2024-11-24T13:29:21","guid":{"rendered":"https:\/\/tvbrazilusa.com\/2024\/11\/24\/ministros-andre-mendonca-e-nunes-marques-podem-ficar-de-fora-de-eventual-julgamento-sobre-o-plano-de-golpe\/"},"modified":"2024-11-24T13:29:22","modified_gmt":"2024-11-24T13:29:22","slug":"ministros-andre-mendonca-e-nunes-marques-podem-ficar-de-fora-de-eventual-julgamento-sobre-o-plano-de-golpe","status":"publish","type":"post","link":"https:\/\/tvbrazilusa.com\/pt\/2024\/11\/24\/ministros-andre-mendonca-e-nunes-marques-podem-ficar-de-fora-de-eventual-julgamento-sobre-o-plano-de-golpe\/","title":{"rendered":"Ministros Andr\u00e9 Mendon\u00e7a e Nunes Marques podem ficar de fora de eventual julgamento sobre o plano de golpe"},"content":{"rendered":"<p> <script async src=\"https:\/\/pagead2.googlesyndication.com\/pagead\/js\/adsbygoogle.js?client=ca-pub-8864793242727901\"\r\n     crossorigin=\"anonymous\"><\/script><br \/>\n<\/p>\n<div id=\"taboola-read-more\" style=\"display:block; width:100%\">\n<p>Os ministros indicados ao Supremo Tribunal Federal (STF) pelo ex-presidente Jair Bolsonaro (PL), Nunes Marques e Andr\u00e9 Mendon\u00e7a, devem ficar de fora dos eventuais julgamentos colegiados sobre a tentativa de golpe relatada pela Pol\u00edcia Federal (PF).\n<\/p>\n<p>Isso porque o ministro Alexandre de Moraes, relator das investiga\u00e7\u00f5es, pretende submeter a eventual den\u00fancia da Procuradoria-Geral da Rep\u00fablica (PGR) \u00e0 an\u00e1lise da Primeira Turma, da qual ele faz parte. Marques e Mendon\u00e7a integram a Segunda Turma.<\/p>\n<p>Nos \u00faltimos quatro anos, a compet\u00eancia para processos penais vinha sendo do plen\u00e1rio, em que o qu\u00f3rum \u00e9 completo (11 ministros), mas a regra mudou em dezembro de 2023, devolvendo \u00e0s turmas essa atribui\u00e7\u00e3o.\n<\/p>\n<p>Fontes da Corte afirmam que, apesar disso, o relator de um inqu\u00e9rito mant\u00e9m a op\u00e7\u00e3o de lev\u00e1-lo a plen\u00e1rio \u2013 esse seria o \u00fanico cen\u00e1rio em que Marques e Mendon\u00e7a participariam da sess\u00e3o.\n<\/p>\n<p>Moraes, por\u00e9m, n\u00e3o deve fazer isso. A avalia\u00e7\u00e3o de pessoas pr\u00f3ximas ao ministro \u00e9 de que, al\u00e9m de o regimento interno apontar a compet\u00eancia da Turma, no colegiado menor h\u00e1 mais garantia de uma decis\u00e3o un\u00e2nime.\n<\/p>\n<p>Al\u00e9m do pr\u00f3prio Moraes, formam a Primeira Turma os ministros: Cristiano Zanin, Fl\u00e1vio Dino, C\u00e1rmen L\u00facia e Luiz Fux. Os tr\u00eas primeiros foram indicados pelo presidente Luiz In\u00e1cio Lula da Silva (PT). O \u00faltimo, pela ex-presidente Dilma Rousseff (PT).\n<\/p>\n<p>Interlocutores do procurador-geral, Paulo Gonet, d\u00e3o como certo que Bolsonaro ser\u00e1 formalmente acusado dos crimes relacionados \u00e0 trama golpista. A den\u00fancia, entretanto, deve ser apresentada apenas em 2025.\n<\/p>\n<p>Gonet ainda aguarda que Moraes encaminhe \u00e0 PGR o relat\u00f3rio de mais de 880 p\u00e1ginas em que a Pol\u00edcia Federal (PF) indicia o ex-presidente e outras 36 pessoas \u2014 a maior parte militares \u2014 pela organiza\u00e7\u00e3o de um golpe de Estado em 2022.\n<\/p>\n<p>De acordo com a PF, Bolsonaro, depois de ser derrotado por Lula nas elei\u00e7\u00f5es daquele ano, passou a liderar uma organiza\u00e7\u00e3o criminosa que buscava impedir a posse do petista e de seu vice, Geraldo Alckmin (PSB), em 2023.\n<\/p>\n<p>Opera\u00e7\u00e3o deflagrada pela PF na semana passada apontou que a trama envolvia o assassinato de Lula, Alckmin e Moraes, mediante o uso de artefatos explosivos e at\u00e9 de envenenamento.\n<\/p>\n<p>Fonte: CNN              <\/p>\n<\/div>\n<p><br \/>\n<br \/><a href=\"https:\/\/diariodobrasilnoticias.com.br\/noticia\/ministros-andre-mendonca-e-nunes-marques-podem-ficar-de-fora-de-eventual-julgamento-sobre-o-plano-de-golpe-674327a4b7375\">Source link <\/a><\/p>","protected":false},"excerpt":{"rendered":"<p>Os ministros indicados ao Supremo Tribunal Federal (STF) pelo ex-presidente Jair Bolsonaro (PL), Nunes Marques e Andr\u00e9 Mendon\u00e7a, devem ficar de fora dos eventuais julgamentos colegiados sobre a tentativa de&hellip;<\/p>","protected":false},"author":1,"featured_media":65021,"comment_status":"closed","ping_status":"open","sticky":false,"template":"","format":"standard","meta":{"content-type":"","footnotes":""},"categories":[16],"tags":[123,2448,5313,1267],"class_list":["post-65020","post","type-post","status-publish","format-standard","has-post-thumbnail","hentry","category-noticias","tag-brasil","tag-diario","tag-noticia","tag-noticias"],"_links":{"self":[{"href":"https:\/\/tvbrazilusa.com\/pt\/wp-json\/wp\/v2\/posts\/65020","targetHints":{"allow":["GET"]}}],"collection":[{"href":"https:\/\/tvbrazilusa.com\/pt\/wp-json\/wp\/v2\/posts"}],"about":[{"href":"https:\/\/tvbrazilusa.com\/pt\/wp-json\/wp\/v2\/types\/post"}],"author":[{"embeddable":true,"href":"https:\/\/tvbrazilusa.com\/pt\/wp-json\/wp\/v2\/users\/1"}],"replies":[{"embeddable":true,"href":"https:\/\/tvbrazilusa.com\/pt\/wp-json\/wp\/v2\/comments?post=65020"}],"version-history":[{"count":1,"href":"https:\/\/tvbrazilusa.com\/pt\/wp-json\/wp\/v2\/posts\/65020\/revisions"}],"predecessor-version":[{"id":65022,"href":"https:\/\/tvbrazilusa.com\/pt\/wp-json\/wp\/v2\/posts\/65020\/revisions\/65022"}],"wp:featuredmedia":[{"embeddable":true,"href":"https:\/\/tvbrazilusa.com\/pt\/wp-json\/wp\/v2\/media\/65021"}],"wp:attachment":[{"href":"https:\/\/tvbrazilusa.com\/pt\/wp-json\/wp\/v2\/media?parent=65020"}],"wp:term":[{"taxonomy":"category","embeddable":true,"href":"https:\/\/tvbrazilusa.com\/pt\/wp-json\/wp\/v2\/categories?post=65020"},{"taxonomy":"post_tag","embeddable":true,"href":"https:\/\/tvbrazilusa.com\/pt\/wp-json\/wp\/v2\/tags?post=65020"}],"curies":[{"name":"wp","href":"https:\/\/api.w.org\/{rel}","templated":true}]}}