{"id":65026,"date":"2024-11-24T13:41:25","date_gmt":"2024-11-24T13:41:25","guid":{"rendered":"https:\/\/tvbrazilusa.com\/2024\/11\/24\/pec-da-seguranca-governadores-do-sul-e-sudeste-sao-contrarios-entenda-o-motivo\/"},"modified":"2024-11-24T13:41:26","modified_gmt":"2024-11-24T13:41:26","slug":"pec-da-seguranca-governadores-do-sul-e-sudeste-sao-contrarios-entenda-o-motivo","status":"publish","type":"post","link":"https:\/\/tvbrazilusa.com\/pt\/2024\/11\/24\/pec-da-seguranca-governadores-do-sul-e-sudeste-sao-contrarios-entenda-o-motivo\/","title":{"rendered":"PEC da Seguran\u00e7a: Governadores do Sul e Sudeste s\u00e3o contr\u00e1rios; entenda o motivo"},"content":{"rendered":"<p> <script async src=\"https:\/\/pagead2.googlesyndication.com\/pagead\/js\/adsbygoogle.js?client=ca-pub-8864793242727901\"\r\n     crossorigin=\"anonymous\"><\/script><br \/>\n<\/p>\n<div id=\"taboola-read-more\" style=\"display:block; width:100%\">\n<p>Governadores do Sul e do Sudeste lan\u00e7aram, neste s\u00e1bado, a \u201cCarta de Florian\u00f3polis\u201d, na qual manifestam oposi\u00e7\u00e3o a PEC da Seguran\u00e7a P\u00fablica apresentada pelo governo Lula.\n<\/p>\n<p>\u201cEm rela\u00e7\u00e3o \u00e0 seguran\u00e7a p\u00fablica, o COSUD manifesta preocupa\u00e7\u00e3o com a PEC discutida em n\u00edvel federal que, se aprovada, trar\u00e1 diversas altera\u00e7\u00f5es significativas no sistema de seguran\u00e7a p\u00fablica no Brasil, gerando uma s\u00e9rie de incertezas para as gest\u00f5es estaduais\u201d, diz o texto.<\/p>\n<p>Eles afirmam ainda que \u201cas regi\u00f5es Sul e Sudeste t\u00eam hoje, de forma geral, sistemas de seguran\u00e7a eficientes j\u00e1 estabelecidos\u201d e que, \u201cal\u00e9m disso, a partir da apresenta\u00e7\u00e3o do Inqu\u00e9rito Digital, do Sistema \u00danico de Den\u00fancia e do SISP \u2013 Sistema Integrado de Seguran\u00e7a P\u00fablica, que se caracteriza por reunir as bases de todos os registros de a\u00e7\u00f5es no combate ao crime, os estados-membros do COSUD, em breve, passar\u00e3o a constituir uma plataforma de a\u00e7\u00e3o conjunta e integra\u00e7\u00e3o dos dados de seguran\u00e7a p\u00fablica, justi\u00e7a, fiscaliza\u00e7\u00e3o e controle, propiciando efici\u00eancia na atua\u00e7\u00e3o policial e na tomada de decis\u00e3o\u201d.\n<\/p>\n<p>Na sequ\u00eancia, dizem que s\u00e3o \u201ccontra qualquer proposta que enfraque\u00e7a os estados e reduza sua capacidade de agir de forma r\u00e1pida e adequada \u00e0s necessidades locais\u201d.\n<\/p>\n<p>\u201cA seguran\u00e7a p\u00fablica deve ser constru\u00edda com base na colabora\u00e7\u00e3o, no respeito \u00e0s diferen\u00e7as regionais e no fortalecimento das capacidades locais, e n\u00e3o por meio de uma estrutura centralizada, que limita a efici\u00eancia e amplifica a burocracia\u201d, complementam.\n<\/p>\n<p>Ao fim, o texto faz sugest\u00f5es de aprimoramento da \u00e1rea no pa\u00eds.\n<\/p>\n<p>\u201cTodos territ\u00f3rios brasileiros precisam, sim, de uma participa\u00e7\u00e3o mais ativa e efetiva do governo federal, com foco no suporte ao combate ao crime, em especial, em a\u00e7\u00f5es para desarticular as organiza\u00e7\u00f5es criminosas, que atuam de forma transnacional e fronteiri\u00e7a. Precisamos de a\u00e7\u00f5es tamb\u00e9m na moderniza\u00e7\u00e3o da legisla\u00e7\u00e3o penal e processual penal, temas em que j\u00e1 foram apresentadas melhorias pelos estados do cons\u00f3rcio, que se empenhar\u00e3o pelas suas aprova\u00e7\u00f5es. Essa atua\u00e7\u00e3o n\u00e3o deve, no entanto, ser concorrente ou gerar preju\u00edzos \u00e0s estruturas atuais de seguran\u00e7a p\u00fablica. Os estados do pa\u00eds como um todo precisam que esses esfor\u00e7os da Uni\u00e3o sejam realizados de forma complementar, em especial nas fronteiras do Brasil. Seguimos imbu\u00eddos no di\u00e1logo e comprometidos com a constru\u00e7\u00e3o de alternativas que fortale\u00e7am a seguran\u00e7a p\u00fablica, sem afetar os valores que sustentam nossa democracia\u201d, afirmam.\n<\/p>\n<p>Saiba quais foram os governadores que assinaram a Carta de Florian\u00f3polis<br \/>No total, os sete l\u00edderes participantes do COSUD assinaram a \u201cCarta de Florian\u00f3polis\u201d, contr\u00e1ria a PEC da Seguran\u00e7a P\u00fablica:\n<\/p>\n<p>Ratinho Junior, governador do Paran\u00e1<br \/>Jorginho Mello, governador de Santa Catarina<br \/>Gabriel Souza, governador em exerc\u00edcio do Rio Grande do Sul<br \/>Cl\u00e1udio Castro, governador do Rio de Janeiro<br \/>Renato Casagrande, governador do Esp\u00edrito Santo<br \/>Romeu Zema, governador de Minas Gerais<br \/>Tarc\u00edsio de Freitas, governador de S\u00e3o Paulo<br \/>PEC\n<\/p>\n<p>A PEC foi apresentada no dia 1\u00ba de novembro, pelo presidente Luiz In\u00e1cio Lula da Silva (PT) e o ministro da Justi\u00e7a e Seguran\u00e7a P\u00fablica (MJSP), Ricardo Lewandowski.\n<\/p>\n<p>O texto, que foi divulgado durante uma reuni\u00e3o com os representantes estaduais, prev\u00ea um conjunto de medidas para combater a criminalidade no pa\u00eds, a partir de tr\u00eas mudan\u00e7as principais.\n<\/p>\n<p>As medidas essenciais envolvem a inclus\u00e3o de um Sistema \u00danico de Seguran\u00e7a P\u00fablica (SUSP) na Constitui\u00e7\u00e3o Federal; a atualiza\u00e7\u00e3o de compet\u00eancias da Pol\u00edcia Federal (PF) e da Pol\u00edcia Rodovi\u00e1ria Federal (PRF); e a constitucionaliza\u00e7\u00e3o do Fundo Nacional de Seguran\u00e7a P\u00fablica e Pol\u00edtica Penitenci\u00e1ria.\n<\/p>\n<p>Fonte: CNN\n              <\/p>\n<\/div>\n<p><br \/>\n<br \/><a href=\"https:\/\/diariodobrasilnoticias.com.br\/noticia\/pec-da-seguranca-governadores-do-sul-e-sudeste-sao-contrarios-entenda-o-motivo-674329b8d93ca\">Source link <\/a><\/p>","protected":false},"excerpt":{"rendered":"<p>Governadores do Sul e do Sudeste lan\u00e7aram, neste s\u00e1bado, a \u201cCarta de Florian\u00f3polis\u201d, na qual manifestam oposi\u00e7\u00e3o a PEC da Seguran\u00e7a P\u00fablica apresentada pelo governo Lula. \u201cEm rela\u00e7\u00e3o \u00e0 seguran\u00e7a&hellip;<\/p>","protected":false},"author":1,"featured_media":65027,"comment_status":"closed","ping_status":"open","sticky":false,"template":"","format":"standard","meta":{"content-type":"","footnotes":""},"categories":[16],"tags":[123,2448,5313,1267],"class_list":["post-65026","post","type-post","status-publish","format-standard","has-post-thumbnail","hentry","category-noticias","tag-brasil","tag-diario","tag-noticia","tag-noticias"],"_links":{"self":[{"href":"https:\/\/tvbrazilusa.com\/pt\/wp-json\/wp\/v2\/posts\/65026","targetHints":{"allow":["GET"]}}],"collection":[{"href":"https:\/\/tvbrazilusa.com\/pt\/wp-json\/wp\/v2\/posts"}],"about":[{"href":"https:\/\/tvbrazilusa.com\/pt\/wp-json\/wp\/v2\/types\/post"}],"author":[{"embeddable":true,"href":"https:\/\/tvbrazilusa.com\/pt\/wp-json\/wp\/v2\/users\/1"}],"replies":[{"embeddable":true,"href":"https:\/\/tvbrazilusa.com\/pt\/wp-json\/wp\/v2\/comments?post=65026"}],"version-history":[{"count":1,"href":"https:\/\/tvbrazilusa.com\/pt\/wp-json\/wp\/v2\/posts\/65026\/revisions"}],"predecessor-version":[{"id":65028,"href":"https:\/\/tvbrazilusa.com\/pt\/wp-json\/wp\/v2\/posts\/65026\/revisions\/65028"}],"wp:featuredmedia":[{"embeddable":true,"href":"https:\/\/tvbrazilusa.com\/pt\/wp-json\/wp\/v2\/media\/65027"}],"wp:attachment":[{"href":"https:\/\/tvbrazilusa.com\/pt\/wp-json\/wp\/v2\/media?parent=65026"}],"wp:term":[{"taxonomy":"category","embeddable":true,"href":"https:\/\/tvbrazilusa.com\/pt\/wp-json\/wp\/v2\/categories?post=65026"},{"taxonomy":"post_tag","embeddable":true,"href":"https:\/\/tvbrazilusa.com\/pt\/wp-json\/wp\/v2\/tags?post=65026"}],"curies":[{"name":"wp","href":"https:\/\/api.w.org\/{rel}","templated":true}]}}