{"id":65029,"date":"2024-11-24T13:53:12","date_gmt":"2024-11-24T13:53:12","guid":{"rendered":"https:\/\/tvbrazilusa.com\/2024\/11\/24\/pesquisa-estima-que-60-dos-brasileiros-nao-pretendem-comprar-na-black-friday\/"},"modified":"2024-11-24T13:53:13","modified_gmt":"2024-11-24T13:53:13","slug":"pesquisa-estima-que-60-dos-brasileiros-nao-pretendem-comprar-na-black-friday","status":"publish","type":"post","link":"https:\/\/tvbrazilusa.com\/pt\/2024\/11\/24\/pesquisa-estima-que-60-dos-brasileiros-nao-pretendem-comprar-na-black-friday\/","title":{"rendered":"Pesquisa estima que 60% dos brasileiros n\u00e3o pretendem comprar na Black Friday"},"content":{"rendered":"<p> <script async src=\"https:\/\/pagead2.googlesyndication.com\/pagead\/js\/adsbygoogle.js?client=ca-pub-8864793242727901\"\r\n     crossorigin=\"anonymous\"><\/script><br \/>\n<\/p>\n<div id=\"taboola-read-more\" style=\"display:block; width:100%\">\n<p>Apesar do otimismo do com\u00e9rcio, um levantamento da Funda\u00e7\u00e3o Get\u00falio Vargas (FGV) revela que 59,4% dos consumidores brasileiros n\u00e3o pretendem fazer compras na Black Friday, anunciada para a \u00faltima sexta-feira deste m\u00eas.\n<\/p>\n<p>Um dos fatores seria a desconfian\u00e7a do consumidor em rela\u00e7\u00e3o aos pre\u00e7os aplicados pelos lojistas, mas apesar da falta de inten\u00e7\u00e3o de compra, o levantamento feito com dois mil consumidores, em todo o pa\u00eds, o percentual de brasileiros que pretendem aproveitar a data subiu de 15,5% para 23,4%, a depender dos pre\u00e7os.<\/p>\n<p>&#8220;Os consumidores s\u00e3o espertos, est\u00e3o de olho nas ofertas. Eles sabem que muitas ofertas podem ser fraudes. No momento, voc\u00ea tem uma melhora da participa\u00e7\u00e3o dos consumidores para comprar presentes, ou comprar itens pessoais, servi\u00e7os ou bens mesmo, mas voc\u00ea tem uma certa desconfian\u00e7a dos consumidores&#8221;, afirma a economista Anna Carolina Gouveia, da FGV.\n<\/p>\n<p>Na internet, onde a metade dos entrevistados disse que pretende adquirir produtos durante a Black Friday, encontramos mercadorias que podem aparecer com falsos descontos.\n<\/p>\n<p>Uma geladeira, por exemplo, custava cerca de R$ 4.900 h\u00e1 poucos dias. O pre\u00e7o atual saltou para mais de R$ 5.600. J\u00e1 um celular de \u00faltima gera\u00e7\u00e3o podia ser encontrado no in\u00edcio do m\u00eas por pouco mais de R$ 4.200. Agora, h\u00e1 an\u00fancios por quase R$ 5.900. Uma manipula\u00e7\u00e3o que n\u00e3o engana facilmente.\n<\/p>\n<p>Fonte: SBT News              <\/p>\n<\/div>\n<p><br \/>\n<br \/><a href=\"https:\/\/diariodobrasilnoticias.com.br\/noticia\/pesquisa-estima-que-60-dos-brasileiros-nao-pretendem-comprar-na-black-friday-67430dfd27dda\">Source link <\/a><\/p>","protected":false},"excerpt":{"rendered":"<p>Apesar do otimismo do com\u00e9rcio, um levantamento da Funda\u00e7\u00e3o Get\u00falio Vargas (FGV) revela que 59,4% dos consumidores brasileiros n\u00e3o pretendem fazer compras na Black Friday, anunciada para a \u00faltima sexta-feira&hellip;<\/p>","protected":false},"author":1,"featured_media":65030,"comment_status":"closed","ping_status":"open","sticky":false,"template":"","format":"standard","meta":{"content-type":"","footnotes":""},"categories":[16],"tags":[123,2448,5313,1267],"class_list":["post-65029","post","type-post","status-publish","format-standard","has-post-thumbnail","hentry","category-noticias","tag-brasil","tag-diario","tag-noticia","tag-noticias"],"_links":{"self":[{"href":"https:\/\/tvbrazilusa.com\/pt\/wp-json\/wp\/v2\/posts\/65029","targetHints":{"allow":["GET"]}}],"collection":[{"href":"https:\/\/tvbrazilusa.com\/pt\/wp-json\/wp\/v2\/posts"}],"about":[{"href":"https:\/\/tvbrazilusa.com\/pt\/wp-json\/wp\/v2\/types\/post"}],"author":[{"embeddable":true,"href":"https:\/\/tvbrazilusa.com\/pt\/wp-json\/wp\/v2\/users\/1"}],"replies":[{"embeddable":true,"href":"https:\/\/tvbrazilusa.com\/pt\/wp-json\/wp\/v2\/comments?post=65029"}],"version-history":[{"count":1,"href":"https:\/\/tvbrazilusa.com\/pt\/wp-json\/wp\/v2\/posts\/65029\/revisions"}],"predecessor-version":[{"id":65031,"href":"https:\/\/tvbrazilusa.com\/pt\/wp-json\/wp\/v2\/posts\/65029\/revisions\/65031"}],"wp:featuredmedia":[{"embeddable":true,"href":"https:\/\/tvbrazilusa.com\/pt\/wp-json\/wp\/v2\/media\/65030"}],"wp:attachment":[{"href":"https:\/\/tvbrazilusa.com\/pt\/wp-json\/wp\/v2\/media?parent=65029"}],"wp:term":[{"taxonomy":"category","embeddable":true,"href":"https:\/\/tvbrazilusa.com\/pt\/wp-json\/wp\/v2\/categories?post=65029"},{"taxonomy":"post_tag","embeddable":true,"href":"https:\/\/tvbrazilusa.com\/pt\/wp-json\/wp\/v2\/tags?post=65029"}],"curies":[{"name":"wp","href":"https:\/\/api.w.org\/{rel}","templated":true}]}}