{"id":65044,"date":"2024-11-24T14:06:24","date_gmt":"2024-11-24T14:06:24","guid":{"rendered":"https:\/\/tvbrazilusa.com\/2024\/11\/24\/aqui-esta-o-que-as-autoridades-de-massachusetts-estao-dizendo-sobre-se-a-chuva-ajudou-a-apagar-incendios-florestais\/"},"modified":"2024-11-24T14:29:49","modified_gmt":"2024-11-24T14:29:49","slug":"aqui-esta-o-que-as-autoridades-de-massachusetts-estao-dizendo-sobre-se-a-chuva-ajudou-a-apagar-incendios-florestais","status":"publish","type":"post","link":"https:\/\/tvbrazilusa.com\/pt\/2024\/11\/24\/aqui-esta-o-que-as-autoridades-de-massachusetts-estao-dizendo-sobre-se-a-chuva-ajudou-a-apagar-incendios-florestais\/","title":{"rendered":"Aqui est\u00e1 o que as autoridades de Massachusetts est\u00e3o dizendo sobre se a chuva ajudou a apagar inc\u00eandios florestais"},"content":{"rendered":"<script async src=\"https:\/\/pagead2.googlesyndication.com\/pagead\/js\/adsbygoogle.js?client=ca-pub-8864793242727901\"\r\n     crossorigin=\"anonymous\"><\/script>\n<div id=\"\">\n<header class=\"m-article-header m-article-header--standard\">\n\t\t\t\t\t\t\t\t\t\t\t\t<span id=\"article-header-primary-term\"><br \/>\n\t\t\t\t\t\t\t\t<a class=\"a-term a-term--primary\" href=\"https:\/\/www.boston.com\/tag\/local-news\/\"><\/p>\n<p>\t\t\t\t\t\t\t\tNot\u00edcias locais\t\t\t\t\t\t\t\t<\/a><br \/>\n\t\t\t\t\t\t\t<\/span><\/p>\n<h2 class=\"m-article-header__sub-headline\">As chuvas recentes n\u00e3o atenuaram completamente a amea\u00e7a de inc\u00eandios florestais em Massachusetts \u2013 mas h\u00e1 boas not\u00edcias.<\/h2>\n<figure class=\"a-photo m-article-header__photo\"><figcaption class=\"a-photo__caption\">\n\t<em> <\/em>\t<\/figcaption><\/figure>\n<\/header>\n<p>Algumas chuvas muito necess\u00e1rias saciaram o estado de Massachusetts, atingido pela seca, no final desta semana. Embora tenha ajudado a aliviar algumas condi\u00e7\u00f5es de bandeira vermelha, n\u00e3o extinguiu totalmente o risco cont\u00ednuo de inc\u00eandio florestal.<\/p>\n<p>Entre meia polegada e 1,5 polegada de chuva caiu em partes de Massachusetts na quinta-feira, com algumas condi\u00e7\u00f5es de garoa na sexta e no s\u00e1bado. Embora a precipita\u00e7\u00e3o tenha sido bem-vinda em meio a uma seca cont\u00ednua que atinge o nordeste dos Estados Unidos, a chuva n\u00e3o fez muito para acalmar as preocupa\u00e7\u00f5es com os inc\u00eandios florestais. <\/p>\n<p>Mas houve boas not\u00edcias \u2013 nenhum novo inc\u00eandio foi relatado na quinta-feira, de acordo com o Departamento de Conserva\u00e7\u00e3o e Recrea\u00e7\u00e3o de Massachusetts.<\/p>\n<p>\u201cA precipita\u00e7\u00e3o significar\u00e1 alguns dias sem o in\u00edcio de novos inc\u00eandios\u201d, disse o DCR em comunicado. \u201cQuando a precipita\u00e7\u00e3o parar e os combust\u00edveis superficiais secarem novamente, as chances de novos come\u00e7os aumentar\u00e3o. Os inc\u00eandios profundos existentes continuar\u00e3o a reter o calor e n\u00e3o ser\u00e3o extintos por este evento.\u201d<\/p>\n<p>O Departamento de Bombeiros de Massachusetts tamb\u00e9m reconheceu a pequena vit\u00f3ria na batalha cont\u00ednua contra o inc\u00eandio florestal. <\/p>\n<p>\u201cPela primeira vez em quase um m\u00eas, n\u00e3o houve novos #Inc\u00eandios Florestais em Massachusetts ontem\u201d, disse o departamento na sexta-feira no X. \u201cMuitos inc\u00eandios ainda queimam, mas enquanto respiramos, estendemos nossos sinceros agradecimentos \u00e0queles que lutaram contra situa\u00e7\u00f5es sem precedentes condi\u00e7\u00f5es de inc\u00eandio em todo o estado. Seu trabalho foi nada menos que her\u00f3ico.\u201d<\/p>\n<figure class=\"wp-block-embed is-type-rich is-provider-twitter wp-block-embed-twitter\">\n<div class=\"wp-block-embed__wrapper\">\n<blockquote class=\"twitter-tweet\" data-width=\"500\" data-dnt=\"true\">\n<p lang=\"en\" dir=\"ltr\">Pela primeira vez em quase um m\u00eas, n\u00e3o houve novos <a href=\"https:\/\/twitter.com\/hashtag\/Wildfires?src=hash&#038;ref_src=twsrc%5Etfw\">#Inc\u00eandios Florestais<\/a> ontem em Massachusetts. Muitos inc\u00eandios ainda ardem, mas enquanto respiramos estendemos os nossos sinceros agradecimentos \u00e0queles que lutaram contra condi\u00e7\u00f5es de inc\u00eandio sem precedentes em todo o estado. Seu trabalho foi nada menos que her\u00f3ico. <a href=\"https:\/\/t.co\/6TxcRk4iZo\">pic.twitter.com\/6TxcRk4iZo<\/a><\/p>\n<p>\u2013 Departamento de Bombeiros de Massachusetts (@MassDFS) <a href=\"https:\/\/twitter.com\/MassDFS\/status\/1859975908259438684?ref_src=twsrc%5Etfw\">22 de novembro de 2024<\/a><\/p><\/blockquote>\n<\/div>\n<\/figure>\n<p>Na sexta-feira, cinco cidades de North Shore declararam estado de emerg\u00eancia devido aos inc\u00eandios florestais, que queimaram cerca de 500 acres na regi\u00e3o.<\/p>\n<p>O Corpo de Bombeiros do Estado de Massachusetts tamb\u00e9m \u00e9 <a href=\"https:\/\/urldefense.com\/v3\/__https:\/\/www.mass.gov\/news\/state-fire-marshal-serve-up-safety-on-thanksgiving__;!!BspMT6SJLSDJ!Kv5zLfLkw3N7G8WUCid2CgQdHuPrHCJABOUhII9khRiSIVrzL55vZYj_sIloY2SXnKxL2CF-QWDwgOaMxXhKyNrUOHrX%24\" target=\"_blank\" rel=\"noreferrer noopener\">aviso<\/a> os residentes devem ser extremamente cautelosos ao cozinhar para o pr\u00f3ximo feriado de A\u00e7\u00e3o de Gra\u00e7as.<\/p>\n<p>\u201cH\u00e1 cerca de duas vezes mais inc\u00eandios no Dia de A\u00e7\u00e3o de Gra\u00e7as do que no dia seguinte, e quase todos eles come\u00e7am com cozinha insegura\u201d, disse o Marechal dos Bombeiros do Estado Jon M. Davine. \u201cN\u00e3o deixe que um inc\u00eandio estrague este dia especial com sua fam\u00edlia e entes queridos. Pratique a seguran\u00e7a contra inc\u00eandio ao cozinhar e aquecer sua casa e certifique-se de ter alarmes de fuma\u00e7a e mon\u00f3xido de carbono funcionando que possam alert\u00e1-lo sobre o perigo.<\/p>\n<p>Os especialistas em seguran\u00e7a contra inc\u00eandio tamb\u00e9m est\u00e3o desencorajando fortemente as pessoas de fritar os perus do Dia de A\u00e7\u00e3o de Gra\u00e7as. De acordo com o gabinete do Corpo de Bombeiros do Estado, as pessoas devem evitar especificamente o uso de fritadeiras de peru movidas a g\u00e1s ao ar livre que mergulhem o peru em \u00f3leo quente.<\/p>\n<div class=\"m-block m-generic-cta\t m-generic-cta--post-content\t m-generic-cta--dark\t m-generic-cta--homepage\t m-generic-cta--email-signup\t\t m-generic-cta-block-style--default \tt-amp__generic-cta\"><\/p>\n<div class=\"m-generic-cta__wrap\">\n<div class=\"m-generic-cta__content\">\n<h3 class=\"m-generic-cta__title\">Boston.com hoje<\/h3>\n<p class=\"m-generic-cta__subtitle\">Inscreva-se para receber as \u00faltimas manchetes em sua caixa de entrada todas as manh\u00e3s.<\/p>\n<\/p><\/div>\n<\/p><\/div>\n<\/div><\/div>\n<p><script async src=\"\/\/platform.twitter.com\/widgets.js\" charset=\"utf-8\"><\/script><script>\n\t\tvar consent=\"grant\";\n\t\t\/* The above code is parsing the JSON data from the local storage and storing it in a variable. *\/\n\t\t\t\t\tconst onetrustStorageConsent = JSON.parse(localStorage.getItem( 'consent_one_trust_bdc' ) );\n\t\t\tif ( ( onetrustStorageConsent !== null ) ) {\n\t\t\t\t\/* Checking to see if the user has consented to the use of cookies.\n\t\t\t\t* If they have not, it is deleting the cookie.\n\t\t\t\t* This will comment for now, until further notice.\n\t\t\t\t*\/\n\t\t\t\t\/\/if ( onetrustStorageConsent.C0002 === false ) {\n\t\t\t\t\/\/\tdocument.cookie=\"_fbp=;expires=Thu, 01 Jan 2010 00:00:00 UTC; path=\/; domain=.boston.com\";\n\t\t\t\t\/\/}\n\t\t\t\t\/* Checking if the user has given consent for the cookie C0002.\n\t\t\t\t* If the user has given consent, the variable consent will be set to 'grant'.\n\t\t\t\t* If the user has not given consent,the variable consent will be set to 'revoke'.\n\t\t\t\t* Documentation https:\/\/developers.facebook.com\/docs\/meta-pixel\/implementation\/gdpr\n\t\t\t\t*\/\n\t\t\t\tif ( onetrustStorageConsent.C0002 !== true ) {\n\t\t\t\t\tconsent=\"revoke\";\n\t\t\t\t}\n\t\t\t}\n\t\t\t\t!function(f,b,e,v,n,t,s)\n\t\t{if(f.fbq)return;n=f.fbq=function(){n.callMethod?\n\t\tn.callMethod.apply(n,arguments):n.queue.push(arguments)};\n\t\tif(!f._fbq)f._fbq=n;n.push=n;n.loaded=!0;n.version='2.0';\n\t\tn.queue=[];t=b.createElement(e);t.async=!0;\n\t\tt.src=v;s=b.getElementsByTagName(e)[0];\n\t\ts.parentNode.insertBefore(t,s)}(window, document,'script',\n\t\t'https:\/\/connect.facebook.net\/en_US\/fbevents.js');\n\t\tfbq('consent', consent);\n\t\tfbq('init', '989222871864976');\n\t\tfbq('track', 'PageView');\n\t<\/script><script type=\"module\">\n\t\tvar consent=\"grant\";\n\t\t\/* The above code is parsing the JSON data from the local storage and storing it in a variable. *\/\n\t\t\tconst onetrustStorageConsent = JSON.parse(localStorage.getItem( 'consent_one_trust_bdc' ) );\n\t\t\t\/* Checking to see if the user has consented to the use of cookies.\n\t\t\t* If they have not, it is deleting the cookie.\n\t\t\t* This will comment for now, until further notice.\n\t\t\t*\/\n\t\t\t\/\/if ( onetrustStorageConsent.C0002 === false ) {\n\t\t\t\/\/\tdocument.cookie=\"_fbp=;expires=Thu, 01 Jan 2010 00:00:00 UTC; path=\/; domain=.boston.com\";\n\t\t\t\/\/}\n\t\t\t\/* Checking if the user has given consent for the cookie C0002.\n\t\t\t* If the user has given consent, the variable consent will be set to 'grant'.\n\t\t\t* If the user has not given consent,the variable consent will be set to 'revoke'.\n\t\t\t* Documentation https:\/\/developers.facebook.com\/docs\/meta-pixel\/implementation\/gdpr\n\t\t\t*\/\n\t\t\tif ( ( onetrustStorageConsent !== null ) && (onetrustStorageConsent.C0002 !== true ) ) {\n\t\t\t\tconsent=\"revoke\";\n\t\t\t}\n\t\t\t\t!function(f,b,e,v,n,t,s){if(f.fbq)return;n=f.fbq=function()\n\t\t{n.callMethod? n.callMethod.apply(n,arguments):n.queue.push(arguments)}\n\t\t;if(!f._fbq)f._fbq=n;\n\t\tn.push=n;n.loaded=!0;n.version='2.0';n.queue=[];t=b.createElement(e);t.async=!0;\n\t\tt.src=v;s=b.getElementsByTagName(e)[0];s.parentNode.insertBefore(t,s)}(window,\n\t\tdocument,'script','https:\/\/connect.facebook.net\/en_US\/fbevents.js');\n\t\tfbq('consent', consent);\n\t\tfbq('init', '813236348753005');\n\t\tfbq('track', \"PageView\");\n\t<\/script><br \/>\n<br \/><br \/>\n<br \/><a href=\"https:\/\/www.boston.com\/news\/local-news\/2024\/11\/24\/heres-what-mass-officials-are-saying-about-whether-rain-has-helped-douse-wildfires\/\">Source link <\/a><\/p>","protected":false},"excerpt":{"rendered":"<p>Not\u00edcias locais As chuvas recentes n\u00e3o atenuaram completamente a amea\u00e7a de inc\u00eandios florestais em Massachusetts \u2013 mas h\u00e1 boas not\u00edcias. Algumas chuvas muito necess\u00e1rias saciaram o estado de Massachusetts, atingido&hellip;<\/p>","protected":false},"author":1,"featured_media":65045,"comment_status":"closed","ping_status":"open","sticky":false,"template":"","format":"standard","meta":{"content-type":"","footnotes":""},"categories":[1],"tags":[],"class_list":["post-65044","post","type-post","status-publish","format-standard","has-post-thumbnail","hentry","category-uncategorized"],"_links":{"self":[{"href":"https:\/\/tvbrazilusa.com\/pt\/wp-json\/wp\/v2\/posts\/65044","targetHints":{"allow":["GET"]}}],"collection":[{"href":"https:\/\/tvbrazilusa.com\/pt\/wp-json\/wp\/v2\/posts"}],"about":[{"href":"https:\/\/tvbrazilusa.com\/pt\/wp-json\/wp\/v2\/types\/post"}],"author":[{"embeddable":true,"href":"https:\/\/tvbrazilusa.com\/pt\/wp-json\/wp\/v2\/users\/1"}],"replies":[{"embeddable":true,"href":"https:\/\/tvbrazilusa.com\/pt\/wp-json\/wp\/v2\/comments?post=65044"}],"version-history":[{"count":1,"href":"https:\/\/tvbrazilusa.com\/pt\/wp-json\/wp\/v2\/posts\/65044\/revisions"}],"predecessor-version":[{"id":65046,"href":"https:\/\/tvbrazilusa.com\/pt\/wp-json\/wp\/v2\/posts\/65044\/revisions\/65046"}],"wp:featuredmedia":[{"embeddable":true,"href":"https:\/\/tvbrazilusa.com\/pt\/wp-json\/wp\/v2\/media\/65045"}],"wp:attachment":[{"href":"https:\/\/tvbrazilusa.com\/pt\/wp-json\/wp\/v2\/media?parent=65044"}],"wp:term":[{"taxonomy":"category","embeddable":true,"href":"https:\/\/tvbrazilusa.com\/pt\/wp-json\/wp\/v2\/categories?post=65044"},{"taxonomy":"post_tag","embeddable":true,"href":"https:\/\/tvbrazilusa.com\/pt\/wp-json\/wp\/v2\/tags?post=65044"}],"curies":[{"name":"wp","href":"https:\/\/api.w.org\/{rel}","templated":true}]}}