{"id":65254,"date":"2024-11-24T23:20:56","date_gmt":"2024-11-24T23:20:56","guid":{"rendered":"https:\/\/tvbrazilusa.com\/2024\/11\/24\/governo-lula-impulsiona-lobby-pro-aborto-longe-dos-holofotes\/"},"modified":"2024-11-24T23:20:57","modified_gmt":"2024-11-24T23:20:57","slug":"governo-lula-impulsiona-lobby-pro-aborto-longe-dos-holofotes","status":"publish","type":"post","link":"https:\/\/tvbrazilusa.com\/pt\/2024\/11\/24\/governo-lula-impulsiona-lobby-pro-aborto-longe-dos-holofotes\/","title":{"rendered":"Governo Lula impulsiona lobby pr\u00f3-aborto longe dos holofotes"},"content":{"rendered":"<p> <script async src=\"https:\/\/pagead2.googlesyndication.com\/pagead\/js\/adsbygoogle.js?client=ca-pub-8864793242727901\"\r\n     crossorigin=\"anonymous\"><\/script><br \/>\n<\/p>\n<div>\n<figure class=\"post-image\">\n<\/figure>\n<p>            <span style=\"font-size: 12px\">Gazeta do POVO <\/span><\/p>\n<p>            <!-- end metas --><br \/>\n            <!-- ADS --><\/p>\n<div id=\"taboola-read-more\" style=\"display:block; width:100%\">\n<p>Em uma estrat\u00e9gia marcada pela discri\u00e7\u00e3o, o governo Lula tenta avan\u00e7ar a agenda pr\u00f3-aborto, sem qualquer debate p\u00fablico. Notas t\u00e9cnicas, resolu\u00e7\u00f5es de conselho ligado ao governo e a defesa de \u201cdireitos reprodutivos\u201d em f\u00f3runs internacionais s\u00e3o exemplos da postura adotada pelo governo petista.<\/p>\n<p>Durante a C\u00fapula do G20 no Rio de Janeiro, a ministra da Mulher, Aparecida Gon\u00e7alves, foi questionada sobre como o grupo \u201cG20 Mulheres\u201d abordou quest\u00f5es relacionadas aos \u201cdireitos reprodutivos e sexuais\u201d, um eufemismo utilizado pelas feministas para mascarar a defesa aberta do aborto sem condi\u00e7\u00f5es. Apesar da inten\u00e7\u00e3o de avan\u00e7ar na pauta, a ministra reconheceu as dificuldades para firmar a tratativa devido especialmente \u00e0 presen\u00e7a de pa\u00edses como Ar\u00e1bia Saudita e Turquia.<\/p>\n<p>\u201cMuitos pa\u00edses ainda t\u00eam restri\u00e7\u00e3o sobre a pauta de direitos sexuais e reprodutivos. Acho que \u00e9 importante dizer isso. Ent\u00e3o, a gente trabalhou dentro da perspectiva do que eram os processos de consenso\u201d afirmou a ministra no programa Giro Social do Canal Gov. Ela acrescentou que temas como planejamento familiar foram inclu\u00eddos ao tratar da sa\u00fade da mulher de forma integral.\n<\/p>\n<p>GAZETA DO POVO<\/p>\n<\/p><\/div>\n<p>                        <!-- Scripts para conteudo --><\/p>\n<p>            <!-- .\/Scripts para conteudo --><br \/>\n            <!-- .\/Mat\u00e9ria --><\/p>\n<div class=\"row mt-3\">\n<div class=\"col-sm-6\">\n                <!-- Whatsapp channel 3--><br \/>\n                <a href=\"https:\/\/chat.whatsapp.com\/J6hwSKYns5B0XFowx2wZ0P\" target=\"_blank\"><br \/>\n                  <img decoding=\"async\" src=\"https:\/\/diariodobrasilnoticias.com.br\/assets-site\/images\/bot_whatsapp.png\"\/><\/a>\n              <\/div>\n<div class=\"col-sm-6\">\n                <a href=\"https:\/\/t.me\/+_4gTmi5LKo03OTM5\" target=\"_blank\"><br \/>\n                  <img decoding=\"async\" src=\"https:\/\/diariodobrasilnoticias.com.br\/assets-site\/images\/bot_telegram.png\"\/><\/a>\n              <\/div>\n<\/p><\/div>\n<p>            <!-- end post-navigation --><\/p>\n<p>              <!-- end row --><\/p>\n<p>              <!-- end col-12-->\n                      <\/div>\n<p><br \/>\n<br \/><a href=\"https:\/\/diariodobrasilnoticias.com.br\/noticia\/governo-lula-impulsiona-lobby-pro-aborto-longe-dos-holofotes-6743b28cb2070\">Source link <\/a><\/p>","protected":false},"excerpt":{"rendered":"<p>Gazeta do POVO Em uma estrat\u00e9gia marcada pela discri\u00e7\u00e3o, o governo Lula tenta avan\u00e7ar a agenda pr\u00f3-aborto, sem qualquer debate p\u00fablico. Notas t\u00e9cnicas, resolu\u00e7\u00f5es de conselho ligado ao governo e&hellip;<\/p>","protected":false},"author":1,"featured_media":65255,"comment_status":"closed","ping_status":"open","sticky":false,"template":"","format":"standard","meta":{"content-type":"","footnotes":""},"categories":[16],"tags":[123,2448,5313,1267],"class_list":["post-65254","post","type-post","status-publish","format-standard","has-post-thumbnail","hentry","category-noticias","tag-brasil","tag-diario","tag-noticia","tag-noticias"],"_links":{"self":[{"href":"https:\/\/tvbrazilusa.com\/pt\/wp-json\/wp\/v2\/posts\/65254","targetHints":{"allow":["GET"]}}],"collection":[{"href":"https:\/\/tvbrazilusa.com\/pt\/wp-json\/wp\/v2\/posts"}],"about":[{"href":"https:\/\/tvbrazilusa.com\/pt\/wp-json\/wp\/v2\/types\/post"}],"author":[{"embeddable":true,"href":"https:\/\/tvbrazilusa.com\/pt\/wp-json\/wp\/v2\/users\/1"}],"replies":[{"embeddable":true,"href":"https:\/\/tvbrazilusa.com\/pt\/wp-json\/wp\/v2\/comments?post=65254"}],"version-history":[{"count":1,"href":"https:\/\/tvbrazilusa.com\/pt\/wp-json\/wp\/v2\/posts\/65254\/revisions"}],"predecessor-version":[{"id":65256,"href":"https:\/\/tvbrazilusa.com\/pt\/wp-json\/wp\/v2\/posts\/65254\/revisions\/65256"}],"wp:featuredmedia":[{"embeddable":true,"href":"https:\/\/tvbrazilusa.com\/pt\/wp-json\/wp\/v2\/media\/65255"}],"wp:attachment":[{"href":"https:\/\/tvbrazilusa.com\/pt\/wp-json\/wp\/v2\/media?parent=65254"}],"wp:term":[{"taxonomy":"category","embeddable":true,"href":"https:\/\/tvbrazilusa.com\/pt\/wp-json\/wp\/v2\/categories?post=65254"},{"taxonomy":"post_tag","embeddable":true,"href":"https:\/\/tvbrazilusa.com\/pt\/wp-json\/wp\/v2\/tags?post=65254"}],"curies":[{"name":"wp","href":"https:\/\/api.w.org\/{rel}","templated":true}]}}