{"id":65329,"date":"2024-11-25T03:24:21","date_gmt":"2024-11-25T03:24:21","guid":{"rendered":"https:\/\/tvbrazilusa.com\/2024\/11\/25\/o-que-jayson-tatum-e-jaylen-brown-disseram-sobre-a-conversa-fiada-de-anthony-edwards\/"},"modified":"2024-11-25T03:27:28","modified_gmt":"2024-11-25T03:27:28","slug":"o-que-jayson-tatum-e-jaylen-brown-disseram-sobre-a-conversa-fiada-de-anthony-edwards","status":"publish","type":"post","link":"https:\/\/tvbrazilusa.com\/pt\/2024\/11\/25\/o-que-jayson-tatum-e-jaylen-brown-disseram-sobre-a-conversa-fiada-de-anthony-edwards\/","title":{"rendered":"O que Jayson Tatum e Jaylen Brown disseram sobre a conversa fiada de Anthony Edwards"},"content":{"rendered":"<p> <script async src=\"https:\/\/pagead2.googlesyndication.com\/pagead\/js\/adsbygoogle.js?client=ca-pub-8864793242727901\"\r\n     crossorigin=\"anonymous\"><\/script><br \/>\n<\/p>\n<div id=\"\">\n<header class=\"m-article-header m-article-header--standard\">\n\t\t\t\t\t\t\t\t\t\t\t\t<span id=\"article-header-primary-term\"><br \/>\n\t\t\t\t\t\t\t\t<a class=\"a-term a-term--primary\" href=\"https:\/\/www.boston.com\/tag\/boston-celtics\/\"><\/p>\n<p>\t\t\t\t\t\t\t\tCeltas\t\t\t\t\t\t\t\t<\/a><br \/>\n\t\t\t\t\t\t\t<\/span><\/p>\n<h2 class=\"m-article-header__sub-headline\">Anthony Edwards fala mal, seja em um document\u00e1rio ou na quadra. Aqui est\u00e1 o que as estrelas do Celtics disseram sobre isso.<\/h2>\n<figure class=\"a-photo m-article-header__photo\"><figcaption class=\"a-photo__caption\">\n<p>\tAnthony Edwards tem muito a dizer sobre jogar contra Jayson Tatum no Celtics.<em> Foto de Brian Fluharty\/Getty Images<\/em>\t<\/figcaption><\/figure>\n<\/header>\n<div class=\"m-block t-amp__list-container m-article-list-container m-article-list-container--frame-border a-border-frame  a-list-header__headline--red m-article-list--alternative--default  m-article-list--floated\">\n<ul class=\"t-amp__list a-list--no-style m-article-list m-article-list--recirculation m-article-list--has-images\">\n<li class=\"m-article-list__item m-article-list__item--featured\">\n\t\t\t<a class=\"m-article-list__link-wrapper\" href=\"https:\/\/www.boston.com\/sports\/boston-celtics\/2024\/11\/24\/nba-celtics-timberwolves-home-winning-stread-td-garden-kevin-garnett\/?p1=article_recirc_inline_feature\" data-p1=\"article_recirc_inline_feature\"><br \/>\n\t\t\t\t<img fetchpriority=\"high\" decoding=\"async\" width=\"768\" height=\"432\" src=\"https:\/\/bdc2020.o0bc.com\/wp-content\/uploads\/2024\/11\/N2U2ZHNKAOQ3ST3GNW4CQM6UNI-6743ca0f908c1-768x432.jpeg\" class=\"t-amp__list-image m-article-list__image m-article-list__image--full wp-post-image\" alt=\"\" aria-hidden=\"true\" srcset=\"https:\/\/bdc2020.o0bc.com\/wp-content\/uploads\/2024\/11\/N2U2ZHNKAOQ3ST3GNW4CQM6UNI-6743ca0f908c1-768x432.jpeg?width=200 200w, https:\/\/bdc2020.o0bc.com\/wp-content\/uploads\/2024\/11\/N2U2ZHNKAOQ3ST3GNW4CQM6UNI-6743ca0f908c1-768x432.jpeg?width=300 300w, https:\/\/bdc2020.o0bc.com\/wp-content\/uploads\/2024\/11\/N2U2ZHNKAOQ3ST3GNW4CQM6UNI-6743ca0f908c1-768x432.jpeg?width=400 400w, https:\/\/bdc2020.o0bc.com\/wp-content\/uploads\/2024\/11\/N2U2ZHNKAOQ3ST3GNW4CQM6UNI-6743ca0f908c1-768x432.jpeg?width=500 500w, https:\/\/bdc2020.o0bc.com\/wp-content\/uploads\/2024\/11\/N2U2ZHNKAOQ3ST3GNW4CQM6UNI-6743ca0f908c1-768x432.jpeg?width=600 600w, https:\/\/bdc2020.o0bc.com\/wp-content\/uploads\/2024\/11\/N2U2ZHNKAOQ3ST3GNW4CQM6UNI-6743ca0f908c1-768x432.jpeg?width=700 700w, https:\/\/bdc2020.o0bc.com\/wp-content\/uploads\/2024\/11\/N2U2ZHNKAOQ3ST3GNW4CQM6UNI-6743ca0f908c1-768x432.jpeg?width=800 800w, https:\/\/bdc2020.o0bc.com\/wp-content\/uploads\/2024\/11\/N2U2ZHNKAOQ3ST3GNW4CQM6UNI-6743ca0f908c1-768x432.jpeg?width=900 900w\" sizes=\"(max-width: 768px) 100vw, 768px\"\/>\t\t\t\t\t<\/p>\n<p><h4 class=\"m-article-list__headline t-amp__list-headline\">\n\t\t\t\t\t\t\t<span class=\"m-article-list__link a-link a-link--inline a-link--text-link a-link--text-link-dark\"><\/p>\n<p>\t\t\t\t\t\t\tCeltics amplia sequ\u00eancia contra Timberwolves, que n\u00e3o vence em Boston desde que contraiu KG\t\t\t\t\t\t\t<\/span><br \/>\n\t\t\t\t\t\t<\/h4>\n<\/p>\n<p>\t\t\t\t<\/a>\n\t\t\t<\/li>\n<li class=\"m-article-list__item\">\n\t\t\t\t\t<a class=\"m-article-list__link-wrapper\" href=\"https:\/\/www.boston.com\/sports\/boston-celtics\/2024\/11\/24\/nba-celtics-timberwolves-fashion-pregame-fits-jayson-tatum-deuce\/?p1=article_recirc_inline_feed\" data-p1=\"article_recirc_inline_feed\"><\/p>\n<p><h4 class=\"m-article-list__headline\">\n\t\t\t\t\t\t\t\t\t<span class=\"m-article-list__link a-link a-link--inline a-link--text-link a-link--text-link-dark\"><\/p>\n<p>\t\t\t\t\t\t\t\t\tMeninos e homens do Celtics no TD Garden: Tatum e filho &#8216;usam fio dental&#8217; em streetwear, Horford e filho mant\u00eam a simplicidade com equipamentos de equipe\t\t\t\t\t\t\t\t\t<\/span><br \/>\n\t\t\t\t\t\t\t\t<\/h4>\n<\/p>\n<p>\t\t\t\t\t\t<\/a>\n\t\t\t\t\t<\/li>\n<\/ul>\n<\/div>\n<p><a href=\"https:\/\/www.nba.com\/player\/1630162\/anthony-edwards\">Antonio Eduardo<\/a> n\u00e3o tem medo de falar mal do Celtics. <\/p>\n<p>Em <a href=\"https:\/\/twitter.com\/CourtsideBuzzX\/status\/1844051304450044071\/video\/2\">Document\u00e1rio \u201cStarting 5\u201d da Netflix<\/a>Edwards foi mostrado falando sobre como ele \u201cprendeu\u201d Jayson Tatum. Aqueles que falam que Tatum \u00e9 o melhor jogador da liga est\u00e3o \u201ctrope\u00e7ando\u201d, disse Edwards. <\/p>\n<p>O <a href=\"https:\/\/www.boston.com\/sports\/boston-celtics\/2024\/11\/24\/nba-celtics-timberwolves-game-highlights-takeaways-jaylen-brown\/?p1=hp_secondary\">Os Celtics venceram os Timberwolves na tarde de domingo no TD Garden<\/a>e Tatum respondeu aos coment\u00e1rios de Edwards ap\u00f3s o jogo. <\/p>\n<p>\u201cEu vi\u201d, disse Tatum. \u201cEst\u00e1vamos conversando muito (palavr\u00f5es) um com o outro durante o ver\u00e3o. Tenho um hist\u00f3rico muito bom contra o Minnesota na minha carreira. Essa foi a \u00fanica vez que eles nos venceram at\u00e9 agora.\u201d<\/p>\n<p>\u201cMas \u00e9 divertido. Eles s\u00e3o uma equipe muito boa. Bem treinado\u201d, acrescentou Tatum. \u201cEles t\u00eam algum talento l\u00e1, ent\u00e3o tenho certeza de que num futuro pr\u00f3ximo os jogos contra esses caras ser\u00e3o muito divertidos.\u201d<\/p>\n<p>Os Timberwolves n\u00e3o vencem no TD Garden desde 2005, mas venceram os Celtics em Minnesota na temporada passada.<\/p>\n<p>Tatum disse que gosta da conversa fiada e da competi\u00e7\u00e3o com Edwards.<\/p>\n<p>\u201cTivemos dois bons jogos um contra o outro no ano passado\u201d, disse Tatum. \u201cE obviamente passamos o ver\u00e3o juntos nas Olimp\u00edadas. Eu amo Formiga. Ele \u00e9 um excelente jogador, um excelente competidor. <\/p>\n<p>\u201cEle fala muito e tem muito a dizer neste ver\u00e3o sobre os jogos que disputamos contra ele no ano passado e sobre estar animado para jogar contra n\u00f3s este ano. Voc\u00ea gosta de jogar contra os outros melhores jogadores da liga. \u00c9 sempre divertido e competitivo.\u201d<\/p>\n<p>Jaylen Brown \u00e9 de Marietta, Ge\u00f3rgia, que fica a cerca de 32 quil\u00f4metros da cidade natal de Edwards, Atlanta. Ele disse que est\u00e1 familiarizado com o tipo de conversa fiada em que Edwards se envolve e que n\u00e3o tem problemas com isso. <\/p>\n<p>\u201cFaz parte do jogo. \u00c9 basquete\u201d, disse Brown. \u201cNo final das contas n\u00e3o \u00e9 nada pessoal, \u00e9 apenas sair jogando bola e ser competitivo. Ant \u00e9 um dos caras mais competitivos desta liga. Ele \u00e9 uma das jovens estrelas. Ele joga dos dois lados da bola, joga duro, ent\u00e3o tenho respeito por ele.\u201d <\/p>\n<p>\u201cAl\u00e9m disso, temos a mesma forma\u00e7\u00e3o\u201d, continuou Brown. &#8220;Entendo. Eu sei de que tipo de tecido ele vem, ent\u00e3o para mim \u00e9 normal. Eu n\u00e3o penso nada sobre isso. As pessoas deveriam celebr\u00e1-lo mais, conversar faz parte do jogo.\u201d <\/p>\n<div class=\"o-author-single has-avatar\">\n<header class=\"m-author-card\">\n<div class=\"a-image a-image--square m-author-card__image\">\n\t\t<img decoding=\"async\" class=\"\" src=\"https:\/\/www.boston.com\/wp-content\/uploads\/2024\/10\/cropped-Screen-Shot-2024-01-26-at-4.59.30-PM-6706db53ae1d7-6706dcbabfba0-242x242.png\" alt=\"Imagem do perfil de Khari A. Thompson\"\/>\t<\/div>\n<div class=\"m-author-card__text\">\n<h3 class=\"m-author-card__title\"><a href=\"https:\/\/www.boston.com\/author\/kharia-thompson\">Khari A. Thompson<\/a><\/h3>\n<p><span class=\"m-author-card__subtitle\">Rep\u00f3rter Esportivo<\/span>\t<\/div>\n<\/header>\n<section class=\"author-info\">\n<hr class=\"m-author__section--hr\"\/>\n<div class=\"m-author__section\">\n<p>Khari Thompson cobre esportes profissionais para Boston.com. Antes de ingressar no time em 2022, Khari cobriu futebol universit\u00e1rio para o The Clarion Ledger em Jackson, Mississipi.<\/p>\n<\/div>\n<hr class=\"m-author__section--hr\"\/>\t<\/section>\n<\/div>\n<div class=\"m-block m-generic-cta\t m-generic-cta--post-content\t m-generic-cta--dark\t m-generic-cta--homepage\t m-generic-cta--email-signup\t\t m-generic-cta-block-style--default \tt-amp__generic-cta\"><\/p>\n<div class=\"m-generic-cta__wrap\">\n<div class=\"m-generic-cta__content\">\n<h3 class=\"m-generic-cta__title\">Inscreva-se para receber atualiza\u00e7\u00f5es do Celtics\ud83c\udfc0<\/h3>\n<p class=\"m-generic-cta__subtitle\">Receba as \u00faltimas not\u00edcias e an\u00e1lises em sua caixa de entrada durante a temporada de basquete.<\/p>\n<\/p><\/div>\n<\/p><\/div>\n<\/div><\/div>\n<p><script async src=\"\/\/platform.twitter.com\/widgets.js\" charset=\"utf-8\"><\/script><script>\n\t\tvar consent=\"grant\";\n\t\t\/* The above code is parsing the JSON data from the local storage and storing it in a variable. *\/\n\t\t\t\t\tconst onetrustStorageConsent = JSON.parse(localStorage.getItem( 'consent_one_trust_bdc' ) );\n\t\t\tif ( ( onetrustStorageConsent !== null ) ) {\n\t\t\t\t\/* Checking to see if the user has consented to the use of cookies.\n\t\t\t\t* If they have not, it is deleting the cookie.\n\t\t\t\t* This will comment for now, until further notice.\n\t\t\t\t*\/\n\t\t\t\t\/\/if ( onetrustStorageConsent.C0002 === false ) {\n\t\t\t\t\/\/\tdocument.cookie=\"_fbp=;expires=Thu, 01 Jan 2010 00:00:00 UTC; path=\/; domain=.boston.com\";\n\t\t\t\t\/\/}\n\t\t\t\t\/* Checking if the user has given consent for the cookie C0002.\n\t\t\t\t* If the user has given consent, the variable consent will be set to 'grant'.\n\t\t\t\t* If the user has not given consent,the variable consent will be set to 'revoke'.\n\t\t\t\t* Documentation https:\/\/developers.facebook.com\/docs\/meta-pixel\/implementation\/gdpr\n\t\t\t\t*\/\n\t\t\t\tif ( onetrustStorageConsent.C0002 !== true ) {\n\t\t\t\t\tconsent=\"revoke\";\n\t\t\t\t}\n\t\t\t}\n\t\t\t\t!function(f,b,e,v,n,t,s)\n\t\t{if(f.fbq)return;n=f.fbq=function(){n.callMethod?\n\t\tn.callMethod.apply(n,arguments):n.queue.push(arguments)};\n\t\tif(!f._fbq)f._fbq=n;n.push=n;n.loaded=!0;n.version='2.0';\n\t\tn.queue=[];t=b.createElement(e);t.async=!0;\n\t\tt.src=v;s=b.getElementsByTagName(e)[0];\n\t\ts.parentNode.insertBefore(t,s)}(window, document,'script',\n\t\t'https:\/\/connect.facebook.net\/en_US\/fbevents.js');\n\t\tfbq('consent', consent);\n\t\tfbq('init', '989222871864976');\n\t\tfbq('track', 'PageView');\n\t<\/script><script type=\"module\">\n\t\tvar consent=\"grant\";\n\t\t\/* The above code is parsing the JSON data from the local storage and storing it in a variable. *\/\n\t\t\tconst onetrustStorageConsent = JSON.parse(localStorage.getItem( 'consent_one_trust_bdc' ) );\n\t\t\t\/* Checking to see if the user has consented to the use of cookies.\n\t\t\t* If they have not, it is deleting the cookie.\n\t\t\t* This will comment for now, until further notice.\n\t\t\t*\/\n\t\t\t\/\/if ( onetrustStorageConsent.C0002 === false ) {\n\t\t\t\/\/\tdocument.cookie=\"_fbp=;expires=Thu, 01 Jan 2010 00:00:00 UTC; path=\/; domain=.boston.com\";\n\t\t\t\/\/}\n\t\t\t\/* Checking if the user has given consent for the cookie C0002.\n\t\t\t* If the user has given consent, the variable consent will be set to 'grant'.\n\t\t\t* If the user has not given consent,the variable consent will be set to 'revoke'.\n\t\t\t* Documentation https:\/\/developers.facebook.com\/docs\/meta-pixel\/implementation\/gdpr\n\t\t\t*\/\n\t\t\tif ( ( onetrustStorageConsent !== null ) && (onetrustStorageConsent.C0002 !== true ) ) {\n\t\t\t\tconsent=\"revoke\";\n\t\t\t}\n\t\t\t\t!function(f,b,e,v,n,t,s){if(f.fbq)return;n=f.fbq=function()\n\t\t{n.callMethod? n.callMethod.apply(n,arguments):n.queue.push(arguments)}\n\t\t;if(!f._fbq)f._fbq=n;\n\t\tn.push=n;n.loaded=!0;n.version='2.0';n.queue=[];t=b.createElement(e);t.async=!0;\n\t\tt.src=v;s=b.getElementsByTagName(e)[0];s.parentNode.insertBefore(t,s)}(window,\n\t\tdocument,'script','https:\/\/connect.facebook.net\/en_US\/fbevents.js');\n\t\tfbq('consent', consent);\n\t\tfbq('init', '813236348753005');\n\t\tfbq('track', \"PageView\");\n\t<\/script><br \/>\n<br \/><br \/>\n<br \/><a href=\"https:\/\/www.boston.com\/sports\/boston-celtics\/2024\/11\/24\/jayson-tatum-jaylen-brown-anthony-edwards-trash-talk-comments\/\">Source link <\/a><\/p>","protected":false},"excerpt":{"rendered":"<p>Celtas Anthony Edwards fala mal, seja em um document\u00e1rio ou na quadra. Aqui est\u00e1 o que as estrelas do Celtics disseram sobre isso. Anthony Edwards tem muito a dizer sobre&hellip;<\/p>","protected":false},"author":1,"featured_media":65330,"comment_status":"closed","ping_status":"open","sticky":false,"template":"","format":"standard","meta":{"content-type":"","footnotes":""},"categories":[1],"tags":[],"class_list":["post-65329","post","type-post","status-publish","format-standard","has-post-thumbnail","hentry","category-uncategorized"],"_links":{"self":[{"href":"https:\/\/tvbrazilusa.com\/pt\/wp-json\/wp\/v2\/posts\/65329","targetHints":{"allow":["GET"]}}],"collection":[{"href":"https:\/\/tvbrazilusa.com\/pt\/wp-json\/wp\/v2\/posts"}],"about":[{"href":"https:\/\/tvbrazilusa.com\/pt\/wp-json\/wp\/v2\/types\/post"}],"author":[{"embeddable":true,"href":"https:\/\/tvbrazilusa.com\/pt\/wp-json\/wp\/v2\/users\/1"}],"replies":[{"embeddable":true,"href":"https:\/\/tvbrazilusa.com\/pt\/wp-json\/wp\/v2\/comments?post=65329"}],"version-history":[{"count":1,"href":"https:\/\/tvbrazilusa.com\/pt\/wp-json\/wp\/v2\/posts\/65329\/revisions"}],"predecessor-version":[{"id":65331,"href":"https:\/\/tvbrazilusa.com\/pt\/wp-json\/wp\/v2\/posts\/65329\/revisions\/65331"}],"wp:featuredmedia":[{"embeddable":true,"href":"https:\/\/tvbrazilusa.com\/pt\/wp-json\/wp\/v2\/media\/65330"}],"wp:attachment":[{"href":"https:\/\/tvbrazilusa.com\/pt\/wp-json\/wp\/v2\/media?parent=65329"}],"wp:term":[{"taxonomy":"category","embeddable":true,"href":"https:\/\/tvbrazilusa.com\/pt\/wp-json\/wp\/v2\/categories?post=65329"},{"taxonomy":"post_tag","embeddable":true,"href":"https:\/\/tvbrazilusa.com\/pt\/wp-json\/wp\/v2\/tags?post=65329"}],"curies":[{"name":"wp","href":"https:\/\/api.w.org\/{rel}","templated":true}]}}