{"id":65392,"date":"2024-11-25T09:54:42","date_gmt":"2024-11-25T09:54:42","guid":{"rendered":"https:\/\/tvbrazilusa.com\/2024\/11\/25\/apos-reconhecer-a-vitoria-de-orsi-o-presidente-do-uruguai-chama-o-sucessor-de-esquerda-para-iniciar-a-transicao-governamental-imediatamente\/"},"modified":"2024-11-25T09:54:43","modified_gmt":"2024-11-25T09:54:43","slug":"apos-reconhecer-a-vitoria-de-orsi-o-presidente-do-uruguai-chama-o-sucessor-de-esquerda-para-iniciar-a-transicao-governamental-imediatamente","status":"publish","type":"post","link":"https:\/\/tvbrazilusa.com\/pt\/2024\/11\/25\/apos-reconhecer-a-vitoria-de-orsi-o-presidente-do-uruguai-chama-o-sucessor-de-esquerda-para-iniciar-a-transicao-governamental-imediatamente\/","title":{"rendered":"Ap\u00f3s reconhecer a vit\u00f3ria de Orsi, o presidente do Uruguai chama o sucessor de esquerda para iniciar a transi\u00e7\u00e3o governamental imediatamente"},"content":{"rendered":"<p> <script async src=\"https:\/\/pagead2.googlesyndication.com\/pagead\/js\/adsbygoogle.js?client=ca-pub-8864793242727901\"\r\n     crossorigin=\"anonymous\"><\/script><br \/>\n<\/p>\n<div id=\"taboola-read-more\" style=\"display:block; width:100%\">\n<p>Buzinas e gritos de euforia eclodiram na capital Montevid\u00e9u, reduto da Frente Ampla no pa\u00eds, quando as proje\u00e7\u00f5es indicando a vit\u00f3ria de Orsi foram divulgadas, por volta das 20h40. A vota\u00e7\u00e3o come\u00e7ou \u00e0s 8h e encerrou \u00e0s 19h30, e cerca de 89% dos aptos a votar (de um total de 2,7 milh\u00f5es de eleitores) compareceram \u00e0s urnas, segundo dados do \u00f3rg\u00e3o eleitoral do pa\u00eds.\n<\/p>\n<p>Em seu primeiro discurso em frente a uma multid\u00e3o de eleitores na sede da Frente Ampla, Orsi agradeceu por uma &#8220;noite de gratid\u00e3o&#8221;, e disse ter respeito aos que t\u00eam opini\u00f5es diferentes, afirmando que tamb\u00e9m s\u00e3o &#8220;construtores da democracia&#8221;. Ele destacou ainda que \u00e9 necess\u00e1rio que todos, independentemente das diferen\u00e7as, &#8220;ajudem a construir um pa\u00eds melhor&#8221;, com base no debate de ideias:<\/p>\n<p>\u2014 Eu serei o presidente que construir\u00e1 uma sociedade mais integrada, onde, al\u00e9m disso, apesar das diferen\u00e7as, jamais ningu\u00e9m poder\u00e1 ficar para tr\u00e1s do ponto de vista econ\u00f4mico, social e pol\u00edtico acrescentou Orsi ao lado de Carolina Cosse, a vice-presidente eleita. \u2014 A mensagem n\u00e3o pode ser outra sen\u00e3o abra\u00e7ar o debate de ideias. \u00c9 assim que se constr\u00f3i uma rep\u00fablica democr\u00e1tica. Viva os partidos pol\u00edticos do Uruguai.\n<\/p>\n<p>Pouco depois dos primeiros n\u00fameros n\u00e3o-oficiais serem divulgados, o presidente Luis Lacalle Pou, impedido constitucionalmente de disputar a reelei\u00e7\u00e3o, reconheceu a derrota da direita e convidou o esquerdista a iniciar o processo de transi\u00e7\u00e3o &#8220;imediatamente.&#8221; &#8220;Liguei para Yamand\u00fa Orsi para parabeniz\u00e1-lo como presidente eleito de nosso pa\u00eds e para me colocar sob seu comando e iniciar a transi\u00e7\u00e3o assim que ele entender que \u00e9 pertinente&#8221;, disse Lacalle Pou na rede social X.\n<\/p>\n<p>Delgado, por sua vez, reconheceu a vit\u00f3ria do advers\u00e1rio logo depois em discurso a seus apoiadores:\n<\/p>\n<p>\u2014 Hoje os uruguaios definiram quem ser\u00e1 o presidente da Rep\u00fablica. E quero enviar aqui, com todos esses atores da coaliz\u00e3o, um grande abra\u00e7o e uma sauda\u00e7\u00e3o a Yamand\u00fa Orsi \u2014 disse Delgado.\n<\/p>\n<p>Orsi, ex-prefeito da segunda maior cidade do Uruguai, Canelones, e professor de Hist\u00f3ria, de 57 anos, suceder\u00e1, em 1\u00ba de mar\u00e7o, o presidente Lacalle Pou. Ele governar\u00e1 o pa\u00eds at\u00e9 2030, quando ser\u00e1 comemorado o bicenten\u00e1rio da Rep\u00fablica do Uruguai.\n<\/p>\n<p>Tido como sucessor do ex-presidente Jos\u00e9 &#8220;Pepe&#8221; Mujica, o esquerdista assumir\u00e1 uma na\u00e7\u00e3o reconhecida como uma das democracias mais s\u00f3lidas da Am\u00e9rica do Sul, com um ambiente econ\u00f4mico est\u00e1vel, que ajudou a superar desafios como a pandemia e a seca, permitindo a recupera\u00e7\u00e3o do crescimento do PIB, estimado em 3%. Entre os desafios do novo presidente, por\u00e9m, est\u00e3o o aumento do custo de vida e a seguran\u00e7a p\u00fablica, que preocupam a popula\u00e7\u00e3o, al\u00e9m da situa\u00e7\u00e3o econ\u00f4mica deste de 3,4 milh\u00f5es de habitantes.\n<\/p>\n<p>Falando ao lado de Orsi e Cosse, o presidente da Frente Ampla, Fernando Pereira, tamb\u00e9m prometeu uni\u00e3o nacional em seu discurso.\n<\/p>\n<p>\u2014 Vamos conversar e dialogar com quem n\u00e3o votou em n\u00f3s \u2014 disse. \u2014 Viemos para unir o Uruguai.\n<\/p>\n<p>O secret\u00e1rio-geral do Partido Comunista, Juan Castillo, declarou em entrevista coletiva que a vit\u00f3ria de Orsi serve para &#8220;resolver grande parte das ang\u00fastias que nossa popula\u00e7\u00e3o enfrenta&#8221; relacionadas ao &#8220;trabalho&#8221; e \u00e0 &#8220;melhoria da economia&#8221;, assim como para &#8220;abrir o Uruguai para o resto do mundo&#8221; e atender ao &#8220;direito \u00e0 educa\u00e7\u00e3o, seguridade social, sa\u00fade, habita\u00e7\u00e3o, tantos direitos adiados&#8221;.\n<\/p>\n<p>\u2014 Vamos cumprir o programa de governo e o Uruguai ser\u00e1 melhor, ser\u00e1 feliz, ser\u00e1 para todos e para todas \u2014 disse Castillo.\n<\/p>\n<p>O presidente do Brasil, Luiz In\u00e1cio Lula da Silva, parabenizou Orsi pela vit\u00f3ria no pleito. &#8220;Quero congratular o povo uruguaio pela realiza\u00e7\u00e3o de elei\u00e7\u00f5es democr\u00e1ticas e pac\u00edficas e, em especial, o presidente eleito Yamand\u00fa Orsi, a Frente Ampla e meu amigo Pepe Mujica pela vit\u00f3ria no pleito de hoje&#8221;, escreveu Lula no X. &#8220;Essa \u00e9 uma vit\u00f3ria de toda a Am\u00e9rica Latina e do Caribe. Brasil e Uruguai seguir\u00e3o trabalhando juntos no Mercosul e em outros f\u00f3runs pelo desenvolvimento justo e sustent\u00e1vel, pela paz e em prol da integra\u00e7\u00e3o regional&#8221;, finalizou.\n<\/p>\n<p>As pesquisas j\u00e1 apontavam para uma disputa acirrada neste domingo. Em 27 de outubro, no primeiro turno, Orsi obteve 43,9% dos votos, muito \u00e0 frente de Delgado (26,7%) \u2014 que contou no segundo turno com o apoio de todos os partidos da coaliz\u00e3o governista, com 47,7% dos votos no total. Orsi liderou todas as pesquisas desde ent\u00e3o, mas foi seguido de perto por Delgado, por uma diferen\u00e7a que diminuiu nos \u00faltimos dias e se situou dentro das margens de erro at\u00e9 o \u00faltimo momento.\n<\/p>\n<p>Mais cedo, os dois candidatos afirmaram que estavam abertos a negociar com o outro bloco, algo que j\u00e1 seria inevit\u00e1vel, j\u00e1 que nenhum deles ter\u00e1 maioria parlamentar. Ap\u00f3s as elei\u00e7\u00f5es de outubro, a Frente Ampla ficou com 16 das 30 cadeiras no Senado, e a coaliz\u00e3o governante, com 49 das 99 cadeiras na C\u00e2mara dos Deputados.\n<\/p>\n<p>Orsi disse \u00e0 imprensa ap\u00f3s votar no departamento de Canelones que, tendo em conta o que mostraram as \u00faltimas sondagens, j\u00e1 esperava que o resultado fosse equilibrado. Tamb\u00e9m assegurou ter a &#8220;governabilidade&#8221; para impulsionar &#8220;as transforma\u00e7\u00f5es de que o pa\u00eds precisa&#8221;.\n<\/p>\n<div class=\"mc-column content-text active-extra-styles\">\n<p class=\"content-text__container\">Delgado, por sua vez, havia declarado anteriormente que queria ser &#8220;o presidente de todos os uruguaios&#8221; e adicionou que chamaria seu advers\u00e1rio para ingressar em seu governo caso seja eleito.\n<\/p>\n<\/div>\n<div class=\"mc-column content-text active-extra-styles\">\n<p class=\"content-text__container\">\u2014 Queremos ir ao encontro e buscar linhas de acordo \u2014 dissera o ex-secret\u00e1rio da Presid\u00eancia de Lacalle Pou, confiando em &#8220;uma maioria silenciosa&#8221; que lhe daria a vit\u00f3ria porque o Uruguai est\u00e1 &#8220;melhor&#8221; do que em 2019.\n<\/p>\n<\/div>\n<div class=\"mc-column content-text active-extra-styles\">\n<p class=\"content-text__container\">Em 2019, a vit\u00f3ria de Lacalle Pou foi por 37.042 votos e o candidato da Frente Ampla n\u00e3o quis reconhecer a derrota at\u00e9 a apura\u00e7\u00e3o final.\n<\/p>\n<p class=\"content-text__container\"><strong>&#8216;Me interessa o destino dos jovens&#8217;<\/strong><br \/>A Frente Ampla j\u00e1 esperava voltar ao governo, perdido em 2020 ap\u00f3s tr\u00eas mandatos consecutivos, um deles com Mujica (2010-2015). O ex-guerrilheiro de 89 anos, que se recupera de um c\u00e2ncer no es\u00f4fago, votou cedo em Montevid\u00e9u.\u00a0\n<\/p>\n<p>\u2014 Meu futuro mais pr\u00f3ximo \u00e9 o cemit\u00e9rio, mas me interessa o destino dos jovens, que quando tiverem a minha idade v\u00e3o viver em um mundo muito diferente \u2014 disse Mujica, cercado por jornalistas, pedindo \u00e0s pessoas que se preparem para &#8220;o advento da sociedade da intelig\u00eancia&#8221;.\n<\/p>\n<p>Apesar da sa\u00fade fr\u00e1gil, Mujica teve uma participa\u00e7\u00e3o ativa no final da campanha. Em reuni\u00f5es com moradores e v\u00e1rias entrevistas, ele criticou a avareza de alguns pol\u00edticos, as corpora\u00e7\u00f5es e o presidente em fim de mandato Lacalle Pou. Tamb\u00e9m questionou o &#8220;consumismo abomin\u00e1vel&#8221;, e falou sobre seu legado em uma esp\u00e9cie de despedida que emocionou muitas pessoas.<\/p>\n<p>Fonte: O Globo\n<\/p>\n<\/div><\/div>\n<p><br \/>\n<br \/><a href=\"https:\/\/diariodobrasilnoticias.com.br\/noticia\/apos-reconhecer-a-vitoria-de-orsi-o-presidente-do-uruguai-chama-o-sucessor-de-esquerda-para-iniciar-a-transicao-governamental-imediatamente-674448665f89b\">Source link <\/a><\/p>","protected":false},"excerpt":{"rendered":"<p>Buzinas e gritos de euforia eclodiram na capital Montevid\u00e9u, reduto da Frente Ampla no pa\u00eds, quando as proje\u00e7\u00f5es indicando a vit\u00f3ria de Orsi foram divulgadas, por volta das 20h40. A&hellip;<\/p>","protected":false},"author":1,"featured_media":65393,"comment_status":"closed","ping_status":"open","sticky":false,"template":"","format":"standard","meta":{"content-type":"","footnotes":""},"categories":[16],"tags":[123,2448,5313,1267],"class_list":["post-65392","post","type-post","status-publish","format-standard","has-post-thumbnail","hentry","category-noticias","tag-brasil","tag-diario","tag-noticia","tag-noticias"],"_links":{"self":[{"href":"https:\/\/tvbrazilusa.com\/pt\/wp-json\/wp\/v2\/posts\/65392","targetHints":{"allow":["GET"]}}],"collection":[{"href":"https:\/\/tvbrazilusa.com\/pt\/wp-json\/wp\/v2\/posts"}],"about":[{"href":"https:\/\/tvbrazilusa.com\/pt\/wp-json\/wp\/v2\/types\/post"}],"author":[{"embeddable":true,"href":"https:\/\/tvbrazilusa.com\/pt\/wp-json\/wp\/v2\/users\/1"}],"replies":[{"embeddable":true,"href":"https:\/\/tvbrazilusa.com\/pt\/wp-json\/wp\/v2\/comments?post=65392"}],"version-history":[{"count":1,"href":"https:\/\/tvbrazilusa.com\/pt\/wp-json\/wp\/v2\/posts\/65392\/revisions"}],"predecessor-version":[{"id":65394,"href":"https:\/\/tvbrazilusa.com\/pt\/wp-json\/wp\/v2\/posts\/65392\/revisions\/65394"}],"wp:featuredmedia":[{"embeddable":true,"href":"https:\/\/tvbrazilusa.com\/pt\/wp-json\/wp\/v2\/media\/65393"}],"wp:attachment":[{"href":"https:\/\/tvbrazilusa.com\/pt\/wp-json\/wp\/v2\/media?parent=65392"}],"wp:term":[{"taxonomy":"category","embeddable":true,"href":"https:\/\/tvbrazilusa.com\/pt\/wp-json\/wp\/v2\/categories?post=65392"},{"taxonomy":"post_tag","embeddable":true,"href":"https:\/\/tvbrazilusa.com\/pt\/wp-json\/wp\/v2\/tags?post=65392"}],"curies":[{"name":"wp","href":"https:\/\/api.w.org\/{rel}","templated":true}]}}