{"id":65403,"date":"2024-11-25T10:23:40","date_gmt":"2024-11-25T10:23:40","guid":{"rendered":"https:\/\/tvbrazilusa.com\/2024\/11\/25\/a-partir-de-hoje-o-inss-comeca-a-pagar-o-decimo-terceiro-a-2-milhoes-de-segurados-veja-o-calendario-e-quem-tem-direito\/"},"modified":"2024-11-25T10:23:41","modified_gmt":"2024-11-25T10:23:41","slug":"a-partir-de-hoje-o-inss-comeca-a-pagar-o-decimo-terceiro-a-2-milhoes-de-segurados-veja-o-calendario-e-quem-tem-direito","status":"publish","type":"post","link":"https:\/\/tvbrazilusa.com\/pt\/2024\/11\/25\/a-partir-de-hoje-o-inss-comeca-a-pagar-o-decimo-terceiro-a-2-milhoes-de-segurados-veja-o-calendario-e-quem-tem-direito\/","title":{"rendered":"A partir de hoje, o INSS come\u00e7a a pagar o d\u00e9cimo terceiro a 2 milh\u00f5es de segurados; veja o calend\u00e1rio e quem tem direito"},"content":{"rendered":"<p> <script async src=\"https:\/\/pagead2.googlesyndication.com\/pagead\/js\/adsbygoogle.js?client=ca-pub-8864793242727901\"\r\n     crossorigin=\"anonymous\"><\/script><br \/>\n<\/p>\n<div id=\"taboola-read-more\" style=\"display:block; width:100%\">\n<p>O INSS (Instituto Nacional do Seguro Social) come\u00e7a a pagar nesta na segunda-feira (25) o d\u00e9cimo terceiro sal\u00e1rio a 2.016.620 milh\u00f5es de benefici\u00e1rios do Regime Geral de Previd\u00eancia Social (RGPS) que obtiveram seus benef\u00edcios a partir de junho deste ano.\n<\/p>\n<p>O abono anual vai ser pago em parcela \u00fanica aos benefici\u00e1rios de aux\u00edlio por incapacidade tempor\u00e1ria (antigo aux\u00edlio-doen\u00e7a), aux\u00edlio-acidente, aposentados, pens\u00e3o por morte, aux\u00edlio-reclus\u00e3o e sal\u00e1rio-maternidade.<\/p>\n<p>Os dep\u00f3sitos v\u00e3o ser feitos nas mesmas datas da folha de pagamentos de novembro e v\u00e3o at\u00e9 o dia 6 de dezembro. No caso de benefici\u00e1rios que t\u00eam fim de aux\u00edlio programado para antes de 31 de dezembro de 2024, ser\u00e1 pago o valor proporcional do abono anual.\n<\/p>\n<p>Quem n\u00e3o recebe o d\u00e9cimo terceiro do INSS?<br \/>As pessoas contempladas pelo Benef\u00edcio de Presta\u00e7\u00e3o Continuada (BPC), pago a idosos com mais de 65 anos e pessoas com defici\u00eancia, desde que comprovem baixa renda, e benefici\u00e1rios de Renda Mensal Vital\u00edcia n\u00e3o t\u00eam direito a receber o d\u00e9cimo terceiro do INSS.\n<\/p>\n<p>O INSS alerta que n\u00e3o h\u00e1 previs\u00e3o de pagamento de &#8220;14\u00ba sal\u00e1rio&#8221; ou &#8220;folha extra de 13\u00ba sal\u00e1rio&#8221;, como circula em redes sociais e plataformas de v\u00eddeo e mensagem. Essas informa\u00e7\u00f5es s\u00e3o falsas.\n<\/p>\n<p>Maioria recebeu o 13\u00ba no primeiro semestre<br \/>Desde 2020, quando o INSS come\u00e7ou a creditar as parcelas do 13\u00ba no primeiro semestre do ano. Em 2024, mais de 30 milh\u00f5es de aposentados e pensionistas que j\u00e1 estavam no sistema de previd\u00eancia social receberam os pagamentos nos meses de maio e junho.\n<\/p>\n<p>Calend\u00e1rio do INSS de novembro de 2024<br \/>Os primeiros a receber s\u00e3o os benefici\u00e1rios que ganham at\u00e9 um sal\u00e1rio m\u00ednimo, que \u00e9 de R$ 1412,00 em 2024. Quem recebe acima do piso nacional vai ter o dinheiro na conta a partir de 2 de dezembro.\n<\/p>\n<p>O calend\u00e1rio do INSS 2024 leva em conta o n\u00famero final do cart\u00e3o de benef\u00edcio, sem considerar o \u00faltimo d\u00edgito verificador, que aparece depois do tra\u00e7o. Os benefici\u00e1rios do Rio Grande do Sul v\u00e3o continuar a receber o pagamento no primeiro dia do calend\u00e1rio, independente do n\u00famero do cart\u00e3o, enquanto durar o estado de calamidade p\u00fablica na regi\u00e3o.\n<\/p>\n<p>Para quem recebe at\u00e9 1 sal\u00e1rio m\u00ednimo\n<\/p>\n<p>Cart\u00e3o de benef\u00edcio de final 1: recebe em 25 de novembro (segunda-feira)<br \/>Final 2: 26 de novembro<br \/>Final 3: 27 de novembro<br \/>Final 4: 38 de novembro<br \/>Final 5: 29 de novembro<br \/>Final 6: 2 de novembro (segunda-feira)<br \/>Final 7: 3 de novembro<br \/>Final 8: 4 de novembro<br \/>Final 9: 5 de novembro<br \/>Final 0: 6 de novembro<br \/>Para quem recebe acima de um sal\u00e1rio m\u00ednimo\n<\/p>\n<p>Cart\u00e3o de benef\u00edcio de finais 1 e 6: recebem em 2 de dezembro<br \/>Finais 2 e 7: 3 de dezembro<br \/>Finais 3 e 8: 4 de dezembro<br \/>Finais 4 e 9: 5 de dezembro<br \/>Finais 5 e 0: 6 de dezembro\n<\/p>\n<p>O INSS vai pagar 40.645.365 milh\u00f5es de benef\u00edcios previdenci\u00e1rios e assistenciais. Desse total, 6.338.776 milh\u00f5es s\u00e3o assistenciais e 34.306.589 milh\u00f5es s\u00e3o previdenci\u00e1rios.\n<\/p>\n<p>Ainda conforme o levantamento, o n\u00famero de benef\u00edcios que pagam at\u00e9 um sal\u00e1rio m\u00ednimo \u00e9 de 28.279.547 milh\u00f5es. Os que ganham acima do piso nacional somam 12.365.818 milh\u00f5es de benef\u00edcios.\n<\/p>\n<div class=\"mc-column content-text active-extra-styles\" data-block-type=\"raw\" data-block-weight=\"7\" data-block-id=\"20\">\n<p><h2>Como consultar o valor que vai receber?<\/h2>\n<\/p>\n<\/div>\n<div class=\"mc-column content-text active-extra-styles\" data-block-type=\"unstyled\" data-block-weight=\"42\" data-block-id=\"21\">\n<p class=\"content-text__container\" data-track-category=\"Link no Texto\" data-track-links=\"\" data-mrf-recirculation=\"Article links\">Para quem n\u00e3o tem acesso \u00e0 internet, basta ligar para a Central 135. Informe o n\u00famero do CPF e confirme algumas informa\u00e7\u00f5es cadastrais para a atendente, de forma a evitar fraudes. O atendimento \u00e9 de segunda-feira a s\u00e1bado, das 7h \u00e0s 22h.\n<\/p>\n<\/div>\n<div class=\"mc-column content-text active-extra-styles\" data-block-type=\"unstyled\" data-block-weight=\"27\" data-block-id=\"22\">\n<p class=\"content-text__container\" data-track-category=\"Link no Texto\" data-track-links=\"\" data-mrf-recirculation=\"Article links\">Os segurados que t\u00eam acesso \u00e0 internet podem acessar o site\u00a0<a class=\"\" href=\"https:\/\/meu.inss.gov.br\/#\/login\" target=\"_blank\" rel=\"noopener noreferrer\" data-mrf-link=\"https:\/\/meu.inss.gov.br\/#\/login\"><strong>Meu INSS<\/strong><\/a>. Ap\u00f3s fazer o login, na tela inicial,\u00a0<strong>clique no servi\u00e7o de &#8220;Extrato de Pagamento&#8221;<\/strong>.\n<\/p>\n<\/div>\n<div class=\"mc-column content-text active-extra-styles\" data-block-type=\"unstyled\" data-block-weight=\"46\" data-block-id=\"23\">\n<p class=\"content-text__container\" data-track-category=\"Link no Texto\" data-track-links=\"\" data-mrf-recirculation=\"Article links\">A consulta tamb\u00e9m pode ser feita pelo\u00a0<strong>aplicativo Meu INSS<\/strong>, dispon\u00edvel para aparelhos com sistemas Android (Google) e iOS (Apple). Assim como no acesso pelo site, \u00e9 necess\u00e1rio colocar login e senha. Depois disso, todos os servi\u00e7os dispon\u00edveis e as informa\u00e7\u00f5es do benenefici\u00e1rio v\u00e3o ser listados.\n<\/p>\n<p class=\"content-text__container\" data-track-category=\"Link no Texto\" data-track-links=\"\" data-mrf-recirculation=\"Article links\">\u00a0\n<\/p>\n<p class=\"content-text__container\" data-track-category=\"Link no Texto\" data-track-links=\"\" data-mrf-recirculation=\"Article links\">Fonte: g1\/ Valor Investe\n<\/p>\n<\/div><\/div>\n<p><br \/>\n<br \/><a href=\"https:\/\/diariodobrasilnoticias.com.br\/noticia\/a-partir-de-hoje-o-inss-comeca-a-pagar-o-decimo-terceiro-a-2-milhoes-de-segurados-veja-o-calendario-e-quem-tem-direito-674449f7c4ab3\">Source link <\/a><\/p>","protected":false},"excerpt":{"rendered":"<p>O INSS (Instituto Nacional do Seguro Social) come\u00e7a a pagar nesta na segunda-feira (25) o d\u00e9cimo terceiro sal\u00e1rio a 2.016.620 milh\u00f5es de benefici\u00e1rios do Regime Geral de Previd\u00eancia Social (RGPS)&hellip;<\/p>","protected":false},"author":1,"featured_media":65404,"comment_status":"closed","ping_status":"open","sticky":false,"template":"","format":"standard","meta":{"content-type":"","footnotes":""},"categories":[16],"tags":[123,2448,5313,1267],"class_list":["post-65403","post","type-post","status-publish","format-standard","has-post-thumbnail","hentry","category-noticias","tag-brasil","tag-diario","tag-noticia","tag-noticias"],"_links":{"self":[{"href":"https:\/\/tvbrazilusa.com\/pt\/wp-json\/wp\/v2\/posts\/65403","targetHints":{"allow":["GET"]}}],"collection":[{"href":"https:\/\/tvbrazilusa.com\/pt\/wp-json\/wp\/v2\/posts"}],"about":[{"href":"https:\/\/tvbrazilusa.com\/pt\/wp-json\/wp\/v2\/types\/post"}],"author":[{"embeddable":true,"href":"https:\/\/tvbrazilusa.com\/pt\/wp-json\/wp\/v2\/users\/1"}],"replies":[{"embeddable":true,"href":"https:\/\/tvbrazilusa.com\/pt\/wp-json\/wp\/v2\/comments?post=65403"}],"version-history":[{"count":1,"href":"https:\/\/tvbrazilusa.com\/pt\/wp-json\/wp\/v2\/posts\/65403\/revisions"}],"predecessor-version":[{"id":65405,"href":"https:\/\/tvbrazilusa.com\/pt\/wp-json\/wp\/v2\/posts\/65403\/revisions\/65405"}],"wp:featuredmedia":[{"embeddable":true,"href":"https:\/\/tvbrazilusa.com\/pt\/wp-json\/wp\/v2\/media\/65404"}],"wp:attachment":[{"href":"https:\/\/tvbrazilusa.com\/pt\/wp-json\/wp\/v2\/media?parent=65403"}],"wp:term":[{"taxonomy":"category","embeddable":true,"href":"https:\/\/tvbrazilusa.com\/pt\/wp-json\/wp\/v2\/categories?post=65403"},{"taxonomy":"post_tag","embeddable":true,"href":"https:\/\/tvbrazilusa.com\/pt\/wp-json\/wp\/v2\/tags?post=65403"}],"curies":[{"name":"wp","href":"https:\/\/api.w.org\/{rel}","templated":true}]}}