{"id":65409,"date":"2024-11-25T10:47:21","date_gmt":"2024-11-25T10:47:21","guid":{"rendered":"https:\/\/tvbrazilusa.com\/2024\/11\/25\/oab-se-manifesta-sobre-suposto-golpe-justica-nao-se-faz-com-condenacoes-sumarias\/"},"modified":"2024-11-25T10:47:23","modified_gmt":"2024-11-25T10:47:23","slug":"oab-se-manifesta-sobre-suposto-golpe-justica-nao-se-faz-com-condenacoes-sumarias","status":"publish","type":"post","link":"https:\/\/tvbrazilusa.com\/pt\/2024\/11\/25\/oab-se-manifesta-sobre-suposto-golpe-justica-nao-se-faz-com-condenacoes-sumarias\/","title":{"rendered":"OAB se manifesta sobre suposto golpe: &#8216;Justi\u00e7a n\u00e3o se faz com condena\u00e7\u00f5es sum\u00e1rias&#8217;"},"content":{"rendered":"<p> <script async src=\"https:\/\/pagead2.googlesyndication.com\/pagead\/js\/adsbygoogle.js?client=ca-pub-8864793242727901\"\r\n     crossorigin=\"anonymous\"><\/script><br \/>\n<\/p>\n<div id=\"taboola-read-more\" style=\"display:block; width:100%\">\n<p>Neste domingo, 24, a Ordem dos Advogados do Brasil (OAB) manifestou preocupa\u00e7\u00e3o sobre o devido processo legal durante a apura\u00e7\u00e3o do suposto plano de assassinato ao presidente Lula, ao vice do petista, Geraldo Alckmin, e ao ministro Alexandre de Moraes, do Supremo Tribunal (STF).\n<\/p>\n<p>\u201cJusti\u00e7a n\u00e3o se faz com condena\u00e7\u00f5es sum\u00e1rias nem fora do devido processo legal\u201d, informou a OAB, em nota pelo presidente da Ordem, Beto Simonetti. Ele disse ainda que a institui\u00e7\u00e3o acompanha \u201ccom aten\u00e7\u00e3o e preocupa\u00e7\u00e3o os desdobramentos\u201d das investiga\u00e7\u00f5es.<\/p>\n<p>O texto tamb\u00e9m reafirmou \u201co compromisso inegoci\u00e1vel com o direito de defesa e o contradit\u00f3rio\u201d, pilares do Estado Democr\u00e1tico de Direito. Simonetti ainda declarou ser preciso que haja \u201crespeito absoluto \u00e0s prerrogativas da advocacia\u201d, as quais incluem o acesso aos autos, o direito \u00e0 sustenta\u00e7\u00e3o oral e ao sigilo de comunica\u00e7\u00f5es.\n<\/p>\n<p>A Ordem vai aguardar mais informa\u00e7\u00f5es sobre as investiga\u00e7\u00f5es e as provid\u00eancias adotadas pela Procuradoria Geral da Rep\u00fablica (PGR). S\u00f3 ent\u00e3o ser\u00e1 poss\u00edvel \u201cavaliar e decidir as a\u00e7\u00f5es pr\u00e1ticas que, dentro de sua compet\u00eancia legal, a OAB poder\u00e1 tomar\u201d.\n<\/p>\n<p><strong>OAB tamb\u00e9m fez convoca\u00e7\u00e3o a grupos pol\u00edticos <\/strong><br \/>Al\u00e9m de manifestar contrariedade a julgamentos precipitados referentes ao suposto plano de assassinato, a nota da OAB conclamou l\u00edderes de partidos e grupos pol\u00edticos \u201cdas diferentes ideologias\u201d, a incitarem os seguidores a afastar do Brasil \u201cqualquer tipo de viol\u00eancia, terrorismo pol\u00edtico, tentativa de golpe de estado e apre\u00e7o ao autoritarismo\u201d.<\/p>\n<div class=\"autozep-outer\">\n<p>As lideran\u00e7as pol\u00edticas do Brasil \u201cprecisam, com urg\u00eancia, mandar um recado claro para suas bases\u201d, de reprova\u00e7\u00e3o \u00e0 viol\u00eancia e o \u00f3dio pol\u00edtico, a desinforma\u00e7\u00e3o e os xingamentos.\n<\/p>\n<p>Fonte: Revista Oeste<\/p>\n<\/div><\/div>\n<p><br \/>\n<br \/><a href=\"https:\/\/diariodobrasilnoticias.com.br\/noticia\/oab-se-manifesta-sobre-suposto-golpe-justica-nao-se-faz-com-condenacoes-sumarias-674453b182730\">Source link <\/a><\/p>","protected":false},"excerpt":{"rendered":"<p>Neste domingo, 24, a Ordem dos Advogados do Brasil (OAB) manifestou preocupa\u00e7\u00e3o sobre o devido processo legal durante a apura\u00e7\u00e3o do suposto plano de assassinato ao presidente Lula, ao vice&hellip;<\/p>","protected":false},"author":1,"featured_media":65410,"comment_status":"closed","ping_status":"open","sticky":false,"template":"","format":"standard","meta":{"content-type":"","footnotes":""},"categories":[16],"tags":[123,2448,5313,1267],"class_list":["post-65409","post","type-post","status-publish","format-standard","has-post-thumbnail","hentry","category-noticias","tag-brasil","tag-diario","tag-noticia","tag-noticias"],"_links":{"self":[{"href":"https:\/\/tvbrazilusa.com\/pt\/wp-json\/wp\/v2\/posts\/65409","targetHints":{"allow":["GET"]}}],"collection":[{"href":"https:\/\/tvbrazilusa.com\/pt\/wp-json\/wp\/v2\/posts"}],"about":[{"href":"https:\/\/tvbrazilusa.com\/pt\/wp-json\/wp\/v2\/types\/post"}],"author":[{"embeddable":true,"href":"https:\/\/tvbrazilusa.com\/pt\/wp-json\/wp\/v2\/users\/1"}],"replies":[{"embeddable":true,"href":"https:\/\/tvbrazilusa.com\/pt\/wp-json\/wp\/v2\/comments?post=65409"}],"version-history":[{"count":1,"href":"https:\/\/tvbrazilusa.com\/pt\/wp-json\/wp\/v2\/posts\/65409\/revisions"}],"predecessor-version":[{"id":65411,"href":"https:\/\/tvbrazilusa.com\/pt\/wp-json\/wp\/v2\/posts\/65409\/revisions\/65411"}],"wp:featuredmedia":[{"embeddable":true,"href":"https:\/\/tvbrazilusa.com\/pt\/wp-json\/wp\/v2\/media\/65410"}],"wp:attachment":[{"href":"https:\/\/tvbrazilusa.com\/pt\/wp-json\/wp\/v2\/media?parent=65409"}],"wp:term":[{"taxonomy":"category","embeddable":true,"href":"https:\/\/tvbrazilusa.com\/pt\/wp-json\/wp\/v2\/categories?post=65409"},{"taxonomy":"post_tag","embeddable":true,"href":"https:\/\/tvbrazilusa.com\/pt\/wp-json\/wp\/v2\/tags?post=65409"}],"curies":[{"name":"wp","href":"https:\/\/api.w.org\/{rel}","templated":true}]}}