{"id":65412,"date":"2024-11-25T10:59:00","date_gmt":"2024-11-25T10:59:00","guid":{"rendered":"https:\/\/tvbrazilusa.com\/2024\/11\/25\/governo-inicia-processo-administrativo-contra-14-operadoras-de-planos-de-saude\/"},"modified":"2024-11-25T10:59:02","modified_gmt":"2024-11-25T10:59:02","slug":"governo-inicia-processo-administrativo-contra-14-operadoras-de-planos-de-saude","status":"publish","type":"post","link":"https:\/\/tvbrazilusa.com\/pt\/2024\/11\/25\/governo-inicia-processo-administrativo-contra-14-operadoras-de-planos-de-saude\/","title":{"rendered":"Governo inicia processo administrativo contra 14 operadoras de planos de sa\u00fade"},"content":{"rendered":"<p> <script async src=\"https:\/\/pagead2.googlesyndication.com\/pagead\/js\/adsbygoogle.js?client=ca-pub-8864793242727901\"\r\n     crossorigin=\"anonymous\"><\/script><br \/>\n<\/p>\n<div id=\"taboola-read-more\" style=\"display:block; width:100%\">\n<p>A Senacon (Secretaria Nacional do Consumidor), vinculada ao Minist\u00e9rio da Justi\u00e7a, disse na \u00faltima 6\u00aa feira (22.nov.2024) ter instaurado um processo administrativo contra 14 planos de sa\u00fade por cancelamentos unilaterais de contratos e pr\u00e1ticas consideradas abusivas por parte das operadoras.\n<\/p>\n<p>Segundo o \u00f3rg\u00e3o, decis\u00e3o foi tomada depois de um estudo detalhado de monitoramento de mercado que observou irregularidades nas rescis\u00f5es de contratos dos planos de sa\u00fade. \u201c<em>As pr\u00e1ticas identificadas violam os princ\u00edpios do C\u00f3digo de Defesa do Consumidor e as normas do setor de sa\u00fade suplementar, impactando a vida de milhares de brasileiros, muitos deles em condi\u00e7\u00f5es de vulnerabilidade por enfrentarem problemas graves de sa\u00fade\u201d<\/em>, afirma a Senacon por meio de nota. Leia a\u00a0<a href=\"https:\/\/static.poder360.com.br\/2024\/11\/NT5.pdf\">\u00edntegra<\/a>\u00a0(PDF \u2013 1048 KB).<\/p>\n<p>O estudo indica tamb\u00e9m que os rompimentos unilaterais de contrato dos planos de sa\u00fade s\u00e3o realizados sem justificativa adequada ou desrespeitam a continuidade de atendimento, resultando, de acordo com a Senacon, em graves consequ\u00eancias para os consumidores. Entre elas, a interrup\u00e7\u00e3o de tratamentos essenciais de sa\u00fade e o crescimento de a\u00e7\u00f5es judiciais.\n<\/p>\n<p><em>\u201cN\u00e3o podemos permitir que empresas do setor de sa\u00fade desrespeitem os consumidores, ainda mais em situa\u00e7\u00f5es que colocam vidas em risco. O direito \u00e0 sa\u00fade \u00e9 inegoci\u00e1vel, e a Senacon trabalhar\u00e1 para garantir justi\u00e7a\u201d<\/em>, disse Wadih Damous, secret\u00e1rio Nacional do Consumidor.\n<\/p>\n<p>O diretor do Departamento de Prote\u00e7\u00e3o e Defesa do Consumidor (setor da Senacon respons\u00e1vel por instaurar os processos contra os planos de sa\u00fade), Vitor Hugo Amaral, declarou que \u201c<em>o objetivo \u00e9 garantir que o setor de sa\u00fade suplementar respeite a dignidade do<\/em>consumidor\u201d. Segundo ele, \u201c<em>as empresas devem operar com base na boa-f\u00e9 e na transpar\u00eancia\u201d<\/em>.\n<\/p>\n<p>Leia a lista de planos de sa\u00fade notificados:\n<\/p>\n<ul>\n<li>Porto Seguro Sa\u00fade<\/li>\n<li>Prevent Senior<\/li>\n<li>Qualicorp Administradora de Benef\u00edcio S.A<\/li>\n<li>SulAm\u00e9rica<\/li>\n<li>Unimed Nacional<\/li>\n<li>Care Plus<\/li>\n<li>Golden Cross<\/li>\n<li>Hapvida NotreDame M\u00e9dica<\/li>\n<li>MedS\u00eanior<\/li>\n<li>Omint<\/li>\n<li>Allcare Administradora de Benef\u00edcios Ltda<\/li>\n<li>Amil<\/li>\n<li>Assim Sa\u00fade<\/li>\n<li>Bradesco Sa\u00fade<\/li>\n<\/ul>\n<p>As empresas ter\u00e3o um prazo para corrigir poss\u00edveis irregularidades e apresentar suas defesas. Os consumidores de planos de sa\u00fade podem registrar reclama\u00e7\u00f5es em plataformas dos \u00f3rg\u00e3os de defesa, como o Procon e o site consumidor.gov.br.\n<\/p>\n<p><strong>Poder 360<\/strong>              <\/p>\n<\/div>\n<p><br \/>\n<br \/><a href=\"https:\/\/diariodobrasilnoticias.com.br\/noticia\/governo-inicia-processo-administrativo-contra-14-operadoras-de-planos-de-saude-67444e0e04f78\">Source link <\/a><\/p>","protected":false},"excerpt":{"rendered":"<p>A Senacon (Secretaria Nacional do Consumidor), vinculada ao Minist\u00e9rio da Justi\u00e7a, disse na \u00faltima 6\u00aa feira (22.nov.2024) ter instaurado um processo administrativo contra 14 planos de sa\u00fade por cancelamentos unilaterais&hellip;<\/p>","protected":false},"author":1,"featured_media":65413,"comment_status":"closed","ping_status":"open","sticky":false,"template":"","format":"standard","meta":{"content-type":"","footnotes":""},"categories":[16],"tags":[123,2448,5313,1267],"class_list":["post-65412","post","type-post","status-publish","format-standard","has-post-thumbnail","hentry","category-noticias","tag-brasil","tag-diario","tag-noticia","tag-noticias"],"_links":{"self":[{"href":"https:\/\/tvbrazilusa.com\/pt\/wp-json\/wp\/v2\/posts\/65412","targetHints":{"allow":["GET"]}}],"collection":[{"href":"https:\/\/tvbrazilusa.com\/pt\/wp-json\/wp\/v2\/posts"}],"about":[{"href":"https:\/\/tvbrazilusa.com\/pt\/wp-json\/wp\/v2\/types\/post"}],"author":[{"embeddable":true,"href":"https:\/\/tvbrazilusa.com\/pt\/wp-json\/wp\/v2\/users\/1"}],"replies":[{"embeddable":true,"href":"https:\/\/tvbrazilusa.com\/pt\/wp-json\/wp\/v2\/comments?post=65412"}],"version-history":[{"count":1,"href":"https:\/\/tvbrazilusa.com\/pt\/wp-json\/wp\/v2\/posts\/65412\/revisions"}],"predecessor-version":[{"id":65414,"href":"https:\/\/tvbrazilusa.com\/pt\/wp-json\/wp\/v2\/posts\/65412\/revisions\/65414"}],"wp:featuredmedia":[{"embeddable":true,"href":"https:\/\/tvbrazilusa.com\/pt\/wp-json\/wp\/v2\/media\/65413"}],"wp:attachment":[{"href":"https:\/\/tvbrazilusa.com\/pt\/wp-json\/wp\/v2\/media?parent=65412"}],"wp:term":[{"taxonomy":"category","embeddable":true,"href":"https:\/\/tvbrazilusa.com\/pt\/wp-json\/wp\/v2\/categories?post=65412"},{"taxonomy":"post_tag","embeddable":true,"href":"https:\/\/tvbrazilusa.com\/pt\/wp-json\/wp\/v2\/tags?post=65412"}],"curies":[{"name":"wp","href":"https:\/\/api.w.org\/{rel}","templated":true}]}}