{"id":65477,"date":"2024-11-25T13:51:41","date_gmt":"2024-11-25T13:51:41","guid":{"rendered":"https:\/\/tvbrazilusa.com\/2024\/11\/25\/stf-lanca-licitacao-para-aquisicao-de-equipamentos-de-academia\/"},"modified":"2024-11-25T13:51:42","modified_gmt":"2024-11-25T13:51:42","slug":"stf-lanca-licitacao-para-aquisicao-de-equipamentos-de-academia","status":"publish","type":"post","link":"https:\/\/tvbrazilusa.com\/pt\/2024\/11\/25\/stf-lanca-licitacao-para-aquisicao-de-equipamentos-de-academia\/","title":{"rendered":"STF lan\u00e7a licita\u00e7\u00e3o para aquisi\u00e7\u00e3o de equipamentos de academia"},"content":{"rendered":"<p> <script async src=\"https:\/\/pagead2.googlesyndication.com\/pagead\/js\/adsbygoogle.js?client=ca-pub-8864793242727901\"\r\n     crossorigin=\"anonymous\"><\/script><br \/>\n<\/p>\n<div id=\"taboola-read-more\" style=\"display:block; width:100%\">\n<p>O Supremo Tribunal Federal (STF) anunciou uma licita\u00e7\u00e3o para adquirir novos equipamentos de academia, segundo informa\u00e7\u00f5es divulgadas pela coluna de Lauro Jardim, no jornal O Globo.\n<\/p>\n<p>A lista inclui itens como suportes para halteres e anilhas, piso emborrachado, colchonetes e arm\u00e1rios. Os novos itens ser\u00e3o entregues ao centro de treinamento do tribunal.<\/p>\n<p>De acordo com o STF, os materiais ser\u00e3o destinados \u00e0 academia utilizada pelos agentes da Pol\u00edcia Judicial que \u201crealizam testes de aptid\u00e3o f\u00edsica uma vez por ano e praticam esportes como jiu-jitsu, defesa pessoal e muscula\u00e7\u00e3o diariamente para manter suas condi\u00e7\u00f5es f\u00edsicas\u201d.\n<\/p>\n<p>Em fevereiro, a imprensa chegou a noticiar que o STF planejava investir cerca de R$ 60 mil em equipamentos, incluindo uma esteira ergom\u00e9trica e uma esta\u00e7\u00e3o multifuncional usada para levantamento de peso.<\/p>\n<p>Fonte: Pleno News              <\/p>\n<\/div>\n<p><br \/>\n<br \/><a href=\"https:\/\/diariodobrasilnoticias.com.br\/noticia\/stf-lanca-licitacao-para-aquisicao-de-equipamentos-de-academia-67447e0a0753e\">Source link <\/a><\/p>","protected":false},"excerpt":{"rendered":"<p>O Supremo Tribunal Federal (STF) anunciou uma licita\u00e7\u00e3o para adquirir novos equipamentos de academia, segundo informa\u00e7\u00f5es divulgadas pela coluna de Lauro Jardim, no jornal O Globo. A lista inclui itens&hellip;<\/p>","protected":false},"author":1,"featured_media":65478,"comment_status":"closed","ping_status":"open","sticky":false,"template":"","format":"standard","meta":{"content-type":"","footnotes":""},"categories":[16],"tags":[123,2448,5313,1267],"class_list":["post-65477","post","type-post","status-publish","format-standard","has-post-thumbnail","hentry","category-noticias","tag-brasil","tag-diario","tag-noticia","tag-noticias"],"_links":{"self":[{"href":"https:\/\/tvbrazilusa.com\/pt\/wp-json\/wp\/v2\/posts\/65477","targetHints":{"allow":["GET"]}}],"collection":[{"href":"https:\/\/tvbrazilusa.com\/pt\/wp-json\/wp\/v2\/posts"}],"about":[{"href":"https:\/\/tvbrazilusa.com\/pt\/wp-json\/wp\/v2\/types\/post"}],"author":[{"embeddable":true,"href":"https:\/\/tvbrazilusa.com\/pt\/wp-json\/wp\/v2\/users\/1"}],"replies":[{"embeddable":true,"href":"https:\/\/tvbrazilusa.com\/pt\/wp-json\/wp\/v2\/comments?post=65477"}],"version-history":[{"count":1,"href":"https:\/\/tvbrazilusa.com\/pt\/wp-json\/wp\/v2\/posts\/65477\/revisions"}],"predecessor-version":[{"id":65479,"href":"https:\/\/tvbrazilusa.com\/pt\/wp-json\/wp\/v2\/posts\/65477\/revisions\/65479"}],"wp:featuredmedia":[{"embeddable":true,"href":"https:\/\/tvbrazilusa.com\/pt\/wp-json\/wp\/v2\/media\/65478"}],"wp:attachment":[{"href":"https:\/\/tvbrazilusa.com\/pt\/wp-json\/wp\/v2\/media?parent=65477"}],"wp:term":[{"taxonomy":"category","embeddable":true,"href":"https:\/\/tvbrazilusa.com\/pt\/wp-json\/wp\/v2\/categories?post=65477"},{"taxonomy":"post_tag","embeddable":true,"href":"https:\/\/tvbrazilusa.com\/pt\/wp-json\/wp\/v2\/tags?post=65477"}],"curies":[{"name":"wp","href":"https:\/\/api.w.org\/{rel}","templated":true}]}}